{"id":7727,"date":"2022-08-19T08:00:00","date_gmt":"2022-08-19T11:00:00","guid":{"rendered":"https:\/\/www.weg.net\/tomadas\/blog\/?p=6824"},"modified":"2022-08-19T08:00:00","modified_gmt":"2022-08-19T11:00:00","slug":"5-ideias-para-tornar-a-casa-mais-acessivel-a-pessoas-portadoras-de-necessidades-especiais","status":"publish","type":"post","link":"https:\/\/www.weg.net\/weghome\/blog\/arquitetura\/5-ideias-para-tornar-a-casa-mais-acessivel-a-pessoas-portadoras-de-necessidades-especiais\/","title":{"rendered":"5 ideias para tornar a casa mais acess\u00edvel a pessoas portadoras de necessidades especiais"},"content":{"rendered":"\n<p>Uma casa acess\u00edvel \u00e9 fundamental para tornar a rotina das pessoas portadoras de necessidades especiais mais confort\u00e1vel e segura.<\/p>\n\n\n\n<p>Tendo em vista essa realidade, preparamos algumas dicas que s\u00e3o simples de aplicar, mas fazem toda a diferen\u00e7a!<br><\/p>\n\n\n\n<p>Que tal descobrir como voc\u00ea pode promover essas melhorias em sua moradia a partir de agora? <strong>Confira estas ideias para deixar a casa mais acess\u00edvel!<\/strong><\/p>\n\n\n\n<h2 class=\"wp-block-heading\"><a><\/a>Como deixar a sua casa mais acess\u00edvel?<\/h2>\n\n\n\n<p>Para tornar a casa mais acess\u00edvel, alguns pontos s\u00e3o indispens\u00e1veis, come\u00e7ando pelo <strong>planejamento do ambiente<\/strong>. Se estiver construindo, voc\u00ea j\u00e1 pode fazer isso antes mesmo de morar.<\/p>\n\n\n\n<p><br>Caso o im\u00f3vel j\u00e1 esteja em funcionamento, pequenas reformas ou ajustes podem dar conta de proporcionar uma boa estrutura\u00e7\u00e3o.<\/p>\n\n\n\n<h2 class=\"wp-block-heading\">Ideias para deixar a casa mais acess\u00edvel<\/h2>\n\n\n\n<h3 class=\"wp-block-heading\"><a><\/a>1-&nbsp;&nbsp; Atente-se \u00e0 altura das tomadas e dos interruptores<\/h3>\n\n\n\n<figure class=\"wp-block-image size-full\"><img decoding=\"async\" src=\"https:\/\/www.weg.net\/weghome\/wp-content\/uploads\/2022\/08\/1908-casa-mais-acessivel-2.jpg\" alt=\"\" class=\"wp-image-6827\"\/><\/figure>\n\n\n\n<p>Este \u00e9 um dos pontos centrais, pois assim voc\u00ea permite <strong>maior autonomia<\/strong> ao portador de necessidade especial.<\/p>\n\n\n\n<p><br>Caso a pessoa utilize cadeiras de roda, por exemplo, \u00e9 inadequado manter tomadas e interruptores em uma altura muito alta ou muito baixa. Desse modo, ela teria que se deslocar al\u00e9m do necess\u00e1rio ou fazer movimentos de risco para alcan\u00e7\u00e1-los.<\/p>\n\n\n\n<p>Por isso, o ideal \u00e9 sempre manter<strong> uma altura m\u00e9dia<\/strong>, que seja de bom acesso a ela.<\/p>\n\n\n\n<p>Procure tamb\u00e9m investir em modelos que tenham a ver com seu estilo, unindo funcionalidade com personalidade para o cen\u00e1rio.<\/p>\n\n\n\n<p>Conhe\u00e7a as linhas de tomadas e interruptores da WEG <a href=\"https:\/\/www.weg.net\/tomadas?utm_source=blog&amp;utm_medium=link-no-texto&amp;utm_campaign=19+08+casa+mais+acessivel\">clicando aqui<\/a>.<\/p>\n\n\n\n<h3 class=\"wp-block-heading\"><a><\/a>2- Instale barras de apoio<\/h3>\n\n\n\n<figure class=\"wp-block-image size-full\"><img decoding=\"async\" src=\"https:\/\/www.weg.net\/weghome\/wp-content\/uploads\/2022\/08\/1908-casa-mais-acessivel-3.jpg\" alt=\"\" class=\"wp-image-6828\"\/><\/figure>\n\n\n\n<p>Nos lugares de maior circula\u00e7\u00e3o, como corredores, coloque sempre barras de apoio. Isso garante <strong>seguran\u00e7a ao portador de necessidade especial<\/strong>, mesmo que haja algu\u00e9m ajudando.<\/p>\n\n\n\n<p>Principalmente no banheiro, esse item servir\u00e1 de base para que seja poss\u00edvel fazer movimentos maiores, <strong>sem risco de queda<\/strong>. Por ser um ambiente molhado, a possibilidade de deslizar e cair \u00e9 sempre maior, por isso, todo cuidado \u00e9 pouco.<\/p>\n\n\n\n<p>Busque sempre instal\u00e1-las tamb\u00e9m na altura certa para os usu\u00e1rios e bem fixadas na parede.<\/p>\n\n\n\n<h3 class=\"wp-block-heading\"><a><\/a>3- Use persianas automatizadas<\/h3>\n\n\n\n<figure class=\"wp-block-image size-full\"><img decoding=\"async\" src=\"https:\/\/www.weg.net\/weghome\/wp-content\/uploads\/2022\/08\/1908-casa-mais-acessivel-4.jpg\" alt=\"\" class=\"wp-image-6829\"\/><\/figure>\n\n\n\n<p>Outra medida que auxilia bastante a tornar a casa mais acess\u00edvel \u00e9 utilizar persianas automatizadas.<\/p>\n\n\n\n<p><br>Al\u00e9m de sofisticadas, elas possibilitam que a pessoa abra ou feche esse utens\u00edlio, que serve como cortina, sem a necessidade de fazer tudo <strong>manualmente.<\/strong><\/p>\n\n\n\n<p>Isso evita que o portador de necessidade especial se locomova mais do que o necess\u00e1rio e fa\u00e7a um esfor\u00e7o maior.<\/p>\n\n\n\n<p>Sem contar que \u00e9 pr\u00e1tico e moderno para todo mundo. Voc\u00ea pode escolher uma que tenha exatamente o <em>design<\/em> que mais valorize sua casa.<\/p>\n\n\n\n<p>Ao utilizar o <a href=\"https:\/\/www.weg.net\/weghome\/produtos\/modulo-persiana?utm_source=blog&amp;utm_medium=link-no-texto&amp;utm_campaign=19+08+casa+mais+acessivel\">M\u00f3dulo Rel\u00e9 Para Controle de Persianas Wi-Fi<\/a> da WEG Home, \u00e9 poss\u00edvel abrir e fechar as persianas por meio de um aplicativo para Smartphone, possibilitando acionar por comando de voz ou pela palma da m\u00e3o.<\/p>\n\n\n\n<h3 class=\"wp-block-heading\"><a><\/a>4- Aposte em sensores e rel\u00e9s para ilumina\u00e7\u00e3o<\/h3>\n\n\n\n<figure class=\"wp-block-image size-full\"><img decoding=\"async\" src=\"https:\/\/www.weg.net\/weghome\/wp-content\/uploads\/2022\/08\/1908-casa-mais-acessivel-5.jpg\" alt=\"\" class=\"wp-image-6830\"\/><\/figure>\n\n\n\n<p>Uma moradia mais acess\u00edvel tamb\u00e9m conta idealmente com sensores de ilumina\u00e7\u00e3o para acender e apagar luzes.<\/p>\n\n\n\n<p>Essa op\u00e7\u00e3o traz <strong>comodidade aos moradores<\/strong>, porque \u201cacompanha\u201d os movimentos e providencia as condi\u00e7\u00f5es ideais para cada momento.<\/p>\n\n\n\n<p>\u00c9 como se tivesse sempre algu\u00e9m para oferecer esse suporte, s\u00f3 que tudo \u00e9 feito <strong>de modo autom\u00e1tico.<\/strong><\/p>\n\n\n\n<p>Outro ponto positivo \u00e9 que isso pode inclusive ajudar na economia, evitando que luzes fiquem acesas desnecessariamente.<\/p>\n\n\n\n<p>Aproveite e conhe\u00e7a o <a href=\"https:\/\/www.weg.net\/weghome\/produtos\/sensor-de-movimento?utm_source=blog&amp;utm_medium=link-no-texto&amp;utm_campaign=19+08+casa+mais+acessivel\">Sensor de Movimento WHOME<\/a> da WEG Home que funciona por meio de um sensor infravermelho de alta precis\u00e3o.<\/p>\n\n\n\n<p>Voc\u00ea tamb\u00e9m pode utilizar rel\u00e9s inteligentes para ilumina\u00e7\u00e3o que permitem controlar o acionamento das luzes pelo smartphone ou por comando de voz. Como o <a href=\"https:\/\/www.weg.net\/weghome\/produtos\/interruptor?utm_source=blog&amp;utm_medium=link-no-texto&amp;utm_campaign=19+08+casa+mais+acessivel\">Rel\u00e9 Interruptor WHOME<\/a> da WEG Home, que ainda pode ser configurado para acender e apagar as luzes em hor\u00e1rios predefinidos.<\/p>\n\n\n\n<h3 class=\"wp-block-heading\"><a><\/a>5- Utilize pisos antiderrapantes<\/h3>\n\n\n\n<figure class=\"wp-block-image size-full\"><img decoding=\"async\" src=\"https:\/\/www.weg.net\/weghome\/wp-content\/uploads\/2022\/08\/1908-casa-mais-acessivel-6.jpg\" alt=\"\" class=\"wp-image-6831\"\/><\/figure>\n\n\n\n<p>Por fim, busque ter pisos antiderrapantes de prefer\u00eancia em toda a resid\u00eancia ou prioritariamente em \u00e1reas \u00famidas, como lavanderia, quintal e banheiros.<\/p>\n\n\n\n<p>Em geral, existem op\u00e7\u00f5es que, por terem ranhuras, j\u00e1 oferecem maior seguran\u00e7a quanto a isso. Especialmente em \u00e1reas externas e, como dito, nas que s\u00e3o molhadas, esse cuidado \u00e9 essencial.<\/p>\n\n\n\n<p>Caso j\u00e1 tenha pisos instalados nesses locais, pense em colocar<strong> adesivos antiderrapantes<\/strong>, o que evita uma reforma, caso n\u00e3o seja poss\u00edvel faz\u00ea-la.<\/p>\n\n\n\n<p><br>Tamb\u00e9m procure sempre deixar os espa\u00e7os <strong>o mais livre poss\u00edvel.<\/strong> N\u00e3o permita bagun\u00e7a acumulada, brinquedos jogados ou objetos que possam atrapalhar a passagem para que n\u00e3o ocorram acidentes.<\/p>\n\n\n\n<p>Isso tamb\u00e9m vale para os m\u00f3veis: deixe sempre o que for essencial ao alcance para que a pessoa n\u00e3o precise levantar demais nem usar escadas.<\/p>\n\n\n\n<figure class=\"wp-block-image size-full\"><a href=\"https:\/\/materiais.tomadas.weg.net\/infografico-qual-a-altura-ideal-para-tomadas-e-interruptores?utm_source=blog&amp;utm_medium=banner-texto&amp;utm_campaign=infografico-qual-a-altura-ideal-para-tomadas-e-interruptores&amp;utm_content=post-blog-altura-ideal\"><img decoding=\"async\" src=\"https:\/\/www.weg.net\/weghome\/wp-content\/uploads\/2022\/08\/infografico-qual-a-altura-ideia-das-tomadas-e-interruptores-banner-blog.jpg\" alt=\"\" class=\"wp-image-6832\"\/><\/a><\/figure>\n\n\n\n<p>Gostou dessas ideias para deixar sua casa mais acess\u00edvel aos portadores de necessidades especiais? Conhe\u00e7a tamb\u00e9m as <a href=\"https:\/\/www.weg.net\/tomadas?utm_source=blog&amp;utm_medium=link-no-texto&amp;utm_campaign=19+08+casa+mais+acessivel\">nossas solu\u00e7\u00f5es para tomadas e interruptores<\/a> que v\u00e3o lhe ajudar a fazer isso com muito estilo!<\/p>\n","protected":false},"excerpt":{"rendered":"<p>Quer descobrir como aplicar ideias que v\u00e3o deixar sua casa mais acess\u00edvel e estruturada para pessoas portadoras de necessidades especiais? Confira aqui!<\/p>\n","protected":false},"author":3,"featured_media":7608,"comment_status":"open","ping_status":"open","sticky":false,"template":"","format":"standard","meta":{"_acf_changed":false,"footnotes":""},"categories":[1,25],"tags":[1145],"class_list":["post-7727","post","type-post","status-publish","format-standard","has-post-thumbnail","hentry","category-arquitetura","category-decoracao","tag-automacao-residencial"],"acf":[],"yoast_head":"<!-- This site is optimized with the Yoast SEO plugin v27.5 - https:\/\/yoast.com\/product\/yoast-seo-wordpress\/ -->\n<title>5 ideias para tornar a casa mais acess\u00edvel a pessoas portadoras de necessidades especiais<\/title>\n<meta name=\"description\" content=\"Quer descobrir como aplicar ideias que v\u00e3o deixar sua casa mais acess\u00edvel e estruturada para pessoas portadoras de necessidades especiais? Confira aqui!\" \/>\n<meta name=\"robots\" content=\"index, follow, max-snippet:-1, max-image-preview:large, max-video-preview:-1\" \/>\n<link rel=\"canonical\" href=\"https:\/\/www.weg.net\/weghome\/blog\/arquitetura\/5-ideias-para-tornar-a-casa-mais-acessivel-a-pessoas-portadoras-de-necessidades-especiais\/\" \/>\n<meta property=\"og:locale\" content=\"pt_BR\" \/>\n<meta property=\"og:type\" content=\"article\" \/>\n<meta property=\"og:title\" content=\"5 ideias para tornar a casa mais acess\u00edvel a pessoas portadoras de necessidades especiais\" \/>\n<meta property=\"og:description\" content=\"Quer descobrir como aplicar ideias que v\u00e3o deixar sua casa mais acess\u00edvel e estruturada para pessoas portadoras de necessidades especiais? Confira aqui!\" \/>\n<meta property=\"og:url\" content=\"https:\/\/www.weg.net\/weghome\/blog\/arquitetura\/5-ideias-para-tornar-a-casa-mais-acessivel-a-pessoas-portadoras-de-necessidades-especiais\/\" \/>\n<meta property=\"og:site_name\" content=\"WEG Home\" \/>\n<meta property=\"article:published_time\" content=\"2022-08-19T11:00:00+00:00\" \/>\n<meta property=\"og:image\" content=\"https:\/\/www.weg.net\/weghome\/wp-content\/uploads\/2022\/08\/1908-casa-mais-acessivel-1.jpg\" \/>\n\t<meta property=\"og:image:width\" content=\"1025\" \/>\n\t<meta property=\"og:image:height\" content=\"480\" \/>\n\t<meta property=\"og:image:type\" content=\"image\/jpeg\" \/>\n<meta name=\"author\" content=\"Woop\" \/>\n<meta name=\"twitter:card\" content=\"summary_large_image\" \/>\n<meta name=\"twitter:label1\" content=\"Escrito por\" \/>\n\t<meta name=\"twitter:data1\" content=\"Woop\" \/>\n\t<meta name=\"twitter:label2\" content=\"Est. tempo de leitura\" \/>\n\t<meta name=\"twitter:data2\" content=\"6 minutos\" \/>\n<script type=\"application\/ld+json\" class=\"yoast-schema-graph\">{\"@context\":\"https:\\\/\\\/schema.org\",\"@graph\":[{\"@type\":\"Article\",\"@id\":\"https:\\\/\\\/www.weg.net\\\/weghome\\\/blog\\\/arquitetura\\\/5-ideias-para-tornar-a-casa-mais-acessivel-a-pessoas-portadoras-de-necessidades-especiais\\\/#article\",\"isPartOf\":{\"@id\":\"https:\\\/\\\/www.weg.net\\\/weghome\\\/blog\\\/arquitetura\\\/5-ideias-para-tornar-a-casa-mais-acessivel-a-pessoas-portadoras-de-necessidades-especiais\\\/\"},\"author\":{\"name\":\"Woop\",\"@id\":\"https:\\\/\\\/www.weg.net\\\/weghome\\\/#\\\/schema\\\/person\\\/0094717c499858d78c38f7c2ad85cecd\"},\"headline\":\"5 ideias para tornar a casa mais acess\u00edvel a pessoas portadoras de necessidades especiais\",\"datePublished\":\"2022-08-19T11:00:00+00:00\",\"mainEntityOfPage\":{\"@id\":\"https:\\\/\\\/www.weg.net\\\/weghome\\\/blog\\\/arquitetura\\\/5-ideias-para-tornar-a-casa-mais-acessivel-a-pessoas-portadoras-de-necessidades-especiais\\\/\"},\"wordCount\":827,\"commentCount\":0,\"publisher\":{\"@id\":\"https:\\\/\\\/www.weg.net\\\/weghome\\\/#organization\"},\"image\":{\"@id\":\"https:\\\/\\\/www.weg.net\\\/weghome\\\/blog\\\/arquitetura\\\/5-ideias-para-tornar-a-casa-mais-acessivel-a-pessoas-portadoras-de-necessidades-especiais\\\/#primaryimage\"},\"thumbnailUrl\":\"https:\\\/\\\/www.weg.net\\\/weghome\\\/wp-content\\\/uploads\\\/2022\\\/08\\\/1908-casa-mais-acessivel-1.jpg\",\"keywords\":[\"automa\u00e7\u00e3o residencial\"],\"articleSection\":[\"Arquitetura\",\"Decora\u00e7\u00e3o\"],\"inLanguage\":\"pt-BR\",\"potentialAction\":[{\"@type\":\"CommentAction\",\"name\":\"Comment\",\"target\":[\"https:\\\/\\\/www.weg.net\\\/weghome\\\/blog\\\/arquitetura\\\/5-ideias-para-tornar-a-casa-mais-acessivel-a-pessoas-portadoras-de-necessidades-especiais\\\/#respond\"]}]},{\"@type\":\"WebPage\",\"@id\":\"https:\\\/\\\/www.weg.net\\\/weghome\\\/blog\\\/arquitetura\\\/5-ideias-para-tornar-a-casa-mais-acessivel-a-pessoas-portadoras-de-necessidades-especiais\\\/\",\"url\":\"https:\\\/\\\/www.weg.net\\\/weghome\\\/blog\\\/arquitetura\\\/5-ideias-para-tornar-a-casa-mais-acessivel-a-pessoas-portadoras-de-necessidades-especiais\\\/\",\"name\":\"5 ideias para tornar a casa mais acess\u00edvel a pessoas portadoras de necessidades especiais\",\"isPartOf\":{\"@id\":\"https:\\\/\\\/www.weg.net\\\/weghome\\\/#website\"},\"primaryImageOfPage\":{\"@id\":\"https:\\\/\\\/www.weg.net\\\/weghome\\\/blog\\\/arquitetura\\\/5-ideias-para-tornar-a-casa-mais-acessivel-a-pessoas-portadoras-de-necessidades-especiais\\\/#primaryimage\"},\"image\":{\"@id\":\"https:\\\/\\\/www.weg.net\\\/weghome\\\/blog\\\/arquitetura\\\/5-ideias-para-tornar-a-casa-mais-acessivel-a-pessoas-portadoras-de-necessidades-especiais\\\/#primaryimage\"},\"thumbnailUrl\":\"https:\\\/\\\/www.weg.net\\\/weghome\\\/wp-content\\\/uploads\\\/2022\\\/08\\\/1908-casa-mais-acessivel-1.jpg\",\"datePublished\":\"2022-08-19T11:00:00+00:00\",\"description\":\"Quer descobrir como aplicar ideias que v\u00e3o deixar sua casa mais acess\u00edvel e estruturada para pessoas portadoras de necessidades especiais? Confira aqui!\",\"breadcrumb\":{\"@id\":\"https:\\\/\\\/www.weg.net\\\/weghome\\\/blog\\\/arquitetura\\\/5-ideias-para-tornar-a-casa-mais-acessivel-a-pessoas-portadoras-de-necessidades-especiais\\\/#breadcrumb\"},\"inLanguage\":\"pt-BR\",\"potentialAction\":[{\"@type\":\"ReadAction\",\"target\":[\"https:\\\/\\\/www.weg.net\\\/weghome\\\/blog\\\/arquitetura\\\/5-ideias-para-tornar-a-casa-mais-acessivel-a-pessoas-portadoras-de-necessidades-especiais\\\/\"]}]},{\"@type\":\"ImageObject\",\"inLanguage\":\"pt-BR\",\"@id\":\"https:\\\/\\\/www.weg.net\\\/weghome\\\/blog\\\/arquitetura\\\/5-ideias-para-tornar-a-casa-mais-acessivel-a-pessoas-portadoras-de-necessidades-especiais\\\/#primaryimage\",\"url\":\"https:\\\/\\\/www.weg.net\\\/weghome\\\/wp-content\\\/uploads\\\/2022\\\/08\\\/1908-casa-mais-acessivel-1.jpg\",\"contentUrl\":\"https:\\\/\\\/www.weg.net\\\/weghome\\\/wp-content\\\/uploads\\\/2022\\\/08\\\/1908-casa-mais-acessivel-1.jpg\",\"width\":1025,\"height\":480},{\"@type\":\"BreadcrumbList\",\"@id\":\"https:\\\/\\\/www.weg.net\\\/weghome\\\/blog\\\/arquitetura\\\/5-ideias-para-tornar-a-casa-mais-acessivel-a-pessoas-portadoras-de-necessidades-especiais\\\/#breadcrumb\",\"itemListElement\":[{\"@type\":\"ListItem\",\"position\":1,\"name\":\"In\u00edcio\",\"item\":\"https:\\\/\\\/www.weg.net\\\/weghome\\\/\"},{\"@type\":\"ListItem\",\"position\":2,\"name\":\"5 ideias para tornar a casa mais acess\u00edvel a pessoas portadoras de necessidades especiais\"}]},{\"@type\":\"WebSite\",\"@id\":\"https:\\\/\\\/www.weg.net\\\/weghome\\\/#website\",\"url\":\"https:\\\/\\\/www.weg.net\\\/weghome\\\/\",\"name\":\"WEG Home\",\"description\":\"Casa Inteligente, Tomadas e Interruptores, Prote\u00e7\u00e3o El\u00e9trica, Seguran\u00e7a Eletr\u00f4nica\",\"publisher\":{\"@id\":\"https:\\\/\\\/www.weg.net\\\/weghome\\\/#organization\"},\"potentialAction\":[{\"@type\":\"SearchAction\",\"target\":{\"@type\":\"EntryPoint\",\"urlTemplate\":\"https:\\\/\\\/www.weg.net\\\/weghome\\\/?s={search_term_string}\"},\"query-input\":{\"@type\":\"PropertyValueSpecification\",\"valueRequired\":true,\"valueName\":\"search_term_string\"}}],\"inLanguage\":\"pt-BR\"},{\"@type\":\"Organization\",\"@id\":\"https:\\\/\\\/www.weg.net\\\/weghome\\\/#organization\",\"name\":\"WEG Home\",\"url\":\"https:\\\/\\\/www.weg.net\\\/weghome\\\/\",\"logo\":{\"@type\":\"ImageObject\",\"inLanguage\":\"pt-BR\",\"@id\":\"https:\\\/\\\/www.weg.net\\\/weghome\\\/#\\\/schema\\\/logo\\\/image\\\/\",\"url\":\"https:\\\/\\\/www.weg.net\\\/weghome\\\/wp-content\\\/uploads\\\/2024\\\/09\\\/weg_logo.jpg\",\"contentUrl\":\"https:\\\/\\\/www.weg.net\\\/weghome\\\/wp-content\\\/uploads\\\/2024\\\/09\\\/weg_logo.jpg\",\"width\":512,\"height\":512,\"caption\":\"WEG Home\"},\"image\":{\"@id\":\"https:\\\/\\\/www.weg.net\\\/weghome\\\/#\\\/schema\\\/logo\\\/image\\\/\"}},{\"@type\":\"Person\",\"@id\":\"https:\\\/\\\/www.weg.net\\\/weghome\\\/#\\\/schema\\\/person\\\/0094717c499858d78c38f7c2ad85cecd\",\"name\":\"Woop\",\"image\":{\"@type\":\"ImageObject\",\"inLanguage\":\"pt-BR\",\"@id\":\"https:\\\/\\\/secure.gravatar.com\\\/avatar\\\/7fc91b78c44ccaceb0589bb6a88f003d33a6e35f7c0b678dda6a41dcfcbea8ed?s=96&d=mm&r=g\",\"url\":\"https:\\\/\\\/secure.gravatar.com\\\/avatar\\\/7fc91b78c44ccaceb0589bb6a88f003d33a6e35f7c0b678dda6a41dcfcbea8ed?s=96&d=mm&r=g\",\"contentUrl\":\"https:\\\/\\\/secure.gravatar.com\\\/avatar\\\/7fc91b78c44ccaceb0589bb6a88f003d33a6e35f7c0b678dda6a41dcfcbea8ed?s=96&d=mm&r=g\",\"caption\":\"Woop\"},\"url\":\"https:\\\/\\\/www.weg.net\\\/weghome\\\/author\\\/woop\\\/\"}]}<\/script>\n<!-- \/ Yoast SEO plugin. -->","yoast_head_json":{"title":"5 ideias para tornar a casa mais acess\u00edvel a pessoas portadoras de necessidades especiais","description":"Quer descobrir como aplicar ideias que v\u00e3o deixar sua casa mais acess\u00edvel e estruturada para pessoas portadoras de necessidades especiais? Confira aqui!","robots":{"index":"index","follow":"follow","max-snippet":"max-snippet:-1","max-image-preview":"max-image-preview:large","max-video-preview":"max-video-preview:-1"},"canonical":"https:\/\/www.weg.net\/weghome\/blog\/arquitetura\/5-ideias-para-tornar-a-casa-mais-acessivel-a-pessoas-portadoras-de-necessidades-especiais\/","og_locale":"pt_BR","og_type":"article","og_title":"5 ideias para tornar a casa mais acess\u00edvel a pessoas portadoras de necessidades especiais","og_description":"Quer descobrir como aplicar ideias que v\u00e3o deixar sua casa mais acess\u00edvel e estruturada para pessoas portadoras de necessidades especiais? Confira aqui!","og_url":"https:\/\/www.weg.net\/weghome\/blog\/arquitetura\/5-ideias-para-tornar-a-casa-mais-acessivel-a-pessoas-portadoras-de-necessidades-especiais\/","og_site_name":"WEG Home","article_published_time":"2022-08-19T11:00:00+00:00","og_image":[{"width":1025,"height":480,"url":"https:\/\/www.weg.net\/weghome\/wp-content\/uploads\/2022\/08\/1908-casa-mais-acessivel-1.jpg","type":"image\/jpeg"}],"author":"Woop","twitter_card":"summary_large_image","twitter_misc":{"Escrito por":"Woop","Est. tempo de leitura":"6 minutos"},"schema":{"@context":"https:\/\/schema.org","@graph":[{"@type":"Article","@id":"https:\/\/www.weg.net\/weghome\/blog\/arquitetura\/5-ideias-para-tornar-a-casa-mais-acessivel-a-pessoas-portadoras-de-necessidades-especiais\/#article","isPartOf":{"@id":"https:\/\/www.weg.net\/weghome\/blog\/arquitetura\/5-ideias-para-tornar-a-casa-mais-acessivel-a-pessoas-portadoras-de-necessidades-especiais\/"},"author":{"name":"Woop","@id":"https:\/\/www.weg.net\/weghome\/#\/schema\/person\/0094717c499858d78c38f7c2ad85cecd"},"headline":"5 ideias para tornar a casa mais acess\u00edvel a pessoas portadoras de necessidades especiais","datePublished":"2022-08-19T11:00:00+00:00","mainEntityOfPage":{"@id":"https:\/\/www.weg.net\/weghome\/blog\/arquitetura\/5-ideias-para-tornar-a-casa-mais-acessivel-a-pessoas-portadoras-de-necessidades-especiais\/"},"wordCount":827,"commentCount":0,"publisher":{"@id":"https:\/\/www.weg.net\/weghome\/#organization"},"image":{"@id":"https:\/\/www.weg.net\/weghome\/blog\/arquitetura\/5-ideias-para-tornar-a-casa-mais-acessivel-a-pessoas-portadoras-de-necessidades-especiais\/#primaryimage"},"thumbnailUrl":"https:\/\/www.weg.net\/weghome\/wp-content\/uploads\/2022\/08\/1908-casa-mais-acessivel-1.jpg","keywords":["automa\u00e7\u00e3o residencial"],"articleSection":["Arquitetura","Decora\u00e7\u00e3o"],"inLanguage":"pt-BR","potentialAction":[{"@type":"CommentAction","name":"Comment","target":["https:\/\/www.weg.net\/weghome\/blog\/arquitetura\/5-ideias-para-tornar-a-casa-mais-acessivel-a-pessoas-portadoras-de-necessidades-especiais\/#respond"]}]},{"@type":"WebPage","@id":"https:\/\/www.weg.net\/weghome\/blog\/arquitetura\/5-ideias-para-tornar-a-casa-mais-acessivel-a-pessoas-portadoras-de-necessidades-especiais\/","url":"https:\/\/www.weg.net\/weghome\/blog\/arquitetura\/5-ideias-para-tornar-a-casa-mais-acessivel-a-pessoas-portadoras-de-necessidades-especiais\/","name":"5 ideias para tornar a casa mais acess\u00edvel a pessoas portadoras de necessidades especiais","isPartOf":{"@id":"https:\/\/www.weg.net\/weghome\/#website"},"primaryImageOfPage":{"@id":"https:\/\/www.weg.net\/weghome\/blog\/arquitetura\/5-ideias-para-tornar-a-casa-mais-acessivel-a-pessoas-portadoras-de-necessidades-especiais\/#primaryimage"},"image":{"@id":"https:\/\/www.weg.net\/weghome\/blog\/arquitetura\/5-ideias-para-tornar-a-casa-mais-acessivel-a-pessoas-portadoras-de-necessidades-especiais\/#primaryimage"},"thumbnailUrl":"https:\/\/www.weg.net\/weghome\/wp-content\/uploads\/2022\/08\/1908-casa-mais-acessivel-1.jpg","datePublished":"2022-08-19T11:00:00+00:00","description":"Quer descobrir como aplicar ideias que v\u00e3o deixar sua casa mais acess\u00edvel e estruturada para pessoas portadoras de necessidades especiais? Confira aqui!","breadcrumb":{"@id":"https:\/\/www.weg.net\/weghome\/blog\/arquitetura\/5-ideias-para-tornar-a-casa-mais-acessivel-a-pessoas-portadoras-de-necessidades-especiais\/#breadcrumb"},"inLanguage":"pt-BR","potentialAction":[{"@type":"ReadAction","target":["https:\/\/www.weg.net\/weghome\/blog\/arquitetura\/5-ideias-para-tornar-a-casa-mais-acessivel-a-pessoas-portadoras-de-necessidades-especiais\/"]}]},{"@type":"ImageObject","inLanguage":"pt-BR","@id":"https:\/\/www.weg.net\/weghome\/blog\/arquitetura\/5-ideias-para-tornar-a-casa-mais-acessivel-a-pessoas-portadoras-de-necessidades-especiais\/#primaryimage","url":"https:\/\/www.weg.net\/weghome\/wp-content\/uploads\/2022\/08\/1908-casa-mais-acessivel-1.jpg","contentUrl":"https:\/\/www.weg.net\/weghome\/wp-content\/uploads\/2022\/08\/1908-casa-mais-acessivel-1.jpg","width":1025,"height":480},{"@type":"BreadcrumbList","@id":"https:\/\/www.weg.net\/weghome\/blog\/arquitetura\/5-ideias-para-tornar-a-casa-mais-acessivel-a-pessoas-portadoras-de-necessidades-especiais\/#breadcrumb","itemListElement":[{"@type":"ListItem","position":1,"name":"In\u00edcio","item":"https:\/\/www.weg.net\/weghome\/"},{"@type":"ListItem","position":2,"name":"5 ideias para tornar a casa mais acess\u00edvel a pessoas portadoras de necessidades especiais"}]},{"@type":"WebSite","@id":"https:\/\/www.weg.net\/weghome\/#website","url":"https:\/\/www.weg.net\/weghome\/","name":"WEG Home","description":"Casa Inteligente, Tomadas e Interruptores, Prote\u00e7\u00e3o El\u00e9trica, Seguran\u00e7a Eletr\u00f4nica","publisher":{"@id":"https:\/\/www.weg.net\/weghome\/#organization"},"potentialAction":[{"@type":"SearchAction","target":{"@type":"EntryPoint","urlTemplate":"https:\/\/www.weg.net\/weghome\/?s={search_term_string}"},"query-input":{"@type":"PropertyValueSpecification","valueRequired":true,"valueName":"search_term_string"}}],"inLanguage":"pt-BR"},{"@type":"Organization","@id":"https:\/\/www.weg.net\/weghome\/#organization","name":"WEG Home","url":"https:\/\/www.weg.net\/weghome\/","logo":{"@type":"ImageObject","inLanguage":"pt-BR","@id":"https:\/\/www.weg.net\/weghome\/#\/schema\/logo\/image\/","url":"https:\/\/www.weg.net\/weghome\/wp-content\/uploads\/2024\/09\/weg_logo.jpg","contentUrl":"https:\/\/www.weg.net\/weghome\/wp-content\/uploads\/2024\/09\/weg_logo.jpg","width":512,"height":512,"caption":"WEG Home"},"image":{"@id":"https:\/\/www.weg.net\/weghome\/#\/schema\/logo\/image\/"}},{"@type":"Person","@id":"https:\/\/www.weg.net\/weghome\/#\/schema\/person\/0094717c499858d78c38f7c2ad85cecd","name":"Woop","image":{"@type":"ImageObject","inLanguage":"pt-BR","@id":"https:\/\/secure.gravatar.com\/avatar\/7fc91b78c44ccaceb0589bb6a88f003d33a6e35f7c0b678dda6a41dcfcbea8ed?s=96&d=mm&r=g","url":"https:\/\/secure.gravatar.com\/avatar\/7fc91b78c44ccaceb0589bb6a88f003d33a6e35f7c0b678dda6a41dcfcbea8ed?s=96&d=mm&r=g","contentUrl":"https:\/\/secure.gravatar.com\/avatar\/7fc91b78c44ccaceb0589bb6a88f003d33a6e35f7c0b678dda6a41dcfcbea8ed?s=96&d=mm&r=g","caption":"Woop"},"url":"https:\/\/www.weg.net\/weghome\/author\/woop\/"}]}},"_links":{"self":[{"href":"https:\/\/www.weg.net\/weghome\/wp-json\/wp\/v2\/posts\/7727","targetHints":{"allow":["GET"]}}],"collection":[{"href":"https:\/\/www.weg.net\/weghome\/wp-json\/wp\/v2\/posts"}],"about":[{"href":"https:\/\/www.weg.net\/weghome\/wp-json\/wp\/v2\/types\/post"}],"author":[{"embeddable":true,"href":"https:\/\/www.weg.net\/weghome\/wp-json\/wp\/v2\/users\/3"}],"replies":[{"embeddable":true,"href":"https:\/\/www.weg.net\/weghome\/wp-json\/wp\/v2\/comments?post=7727"}],"version-history":[{"count":0,"href":"https:\/\/www.weg.net\/weghome\/wp-json\/wp\/v2\/posts\/7727\/revisions"}],"wp:featuredmedia":[{"embeddable":true,"href":"https:\/\/www.weg.net\/weghome\/wp-json\/wp\/v2\/media\/7608"}],"wp:attachment":[{"href":"https:\/\/www.weg.net\/weghome\/wp-json\/wp\/v2\/media?parent=7727"}],"wp:term":[{"taxonomy":"category","embeddable":true,"href":"https:\/\/www.weg.net\/weghome\/wp-json\/wp\/v2\/categories?post=7727"},{"taxonomy":"post_tag","embeddable":true,"href":"https:\/\/www.weg.net\/weghome\/wp-json\/wp\/v2\/tags?post=7727"}],"curies":[{"name":"wp","href":"https:\/\/api.w.org\/{rel}","templated":true}]}}