{"id":7723,"date":"2022-07-12T08:00:00","date_gmt":"2022-07-12T11:00:00","guid":{"rendered":"https:\/\/www.weg.net\/tomadas\/blog\/?p=6758"},"modified":"2022-07-12T08:00:00","modified_gmt":"2022-07-12T11:00:00","slug":"grandes-nomes-da-arquitetura-saiba-mais-sobre-francis-kere-vencedor-do-pritzker-2022","status":"publish","type":"post","link":"https:\/\/www.weg.net\/weghome\/blog\/arquitetura\/grandes-nomes-da-arquitetura-saiba-mais-sobre-francis-kere-vencedor-do-pritzker-2022\/","title":{"rendered":"Grandes nomes da arquitetura: saiba mais sobre Francis K\u00e9r\u00e9, vencedor do Pritzker 2022"},"content":{"rendered":"\n<p><strong>Francis K\u00e9r\u00e9<\/strong> (ou Di\u00e9b\u00e9do Francis K\u00e9r\u00e9, seu nome completo) \u00e9 o grande ganhador do <a href=\"https:\/\/www.pritzkerprize.com\/\">Pritzker 2022<\/a>, o maior pr\u00eamio internacional de arquitetura que ocorre uma vez ao ano e que tem como objetivo homenagear um ou mais arquitetos vivos que combinam qualidade, talento e compromisso com a humanidade por meio da arte da arquitetura.<\/p>\n\n\n\n<p>Mas o que fez <strong>Francis K\u00e9r\u00e9<\/strong> ganhar essa premia\u00e7\u00e3o e se destacar em meio a tantos arquitetos de sucesso da atualidade? Certamente, comprometimento e vis\u00e3o profissional est\u00e3o entre os motivos.<\/p>\n\n\n\n<p><br>Confira a seguir o percurso dele at\u00e9 essa conquista e o porqu\u00ea de sua contribui\u00e7\u00e3o ser t\u00e3o importante para a arquitetura.<\/p>\n\n\n\n<h2 class=\"wp-block-heading\">Conhe\u00e7a a hist\u00f3ria e a trajet\u00f3ria de Francis K\u00e9r\u00e9<\/h2>\n\n\n\n<p>Francis K\u00e9r\u00e9 nasceu na \u00c1frica Ocidental, na Vila de Gando, localizada em um pa\u00eds popularmente pouco conhecido chamado Burquina Fasso (ou Burkina), em 1965.<\/p>\n\n\n\n<p>Seu pai, o l\u00edder dessa vila, queria que seu filho mais velho aprendesse a ler e a escrever. Assim, Francis K\u00e9r\u00e9 se tornou a primeira crian\u00e7a da vila a frequentar a escola. Para isso, Francis K\u00e9r\u00e9 teve que deixar a vila e ir morar com seu tio na capital, j\u00e1 que n\u00e3o existia escola alguma na Vila de Gando.<\/p>\n\n\n\n<p>Depois de concluir seus estudos, tornou-se carpinteiro e recebeu uma bolsa de estudos para fazer est\u00e1gio na Alemanha.<\/p>\n\n\n\n<p>Ap\u00f3s realizar o est\u00e1gio, ingressou na faculdade, formou-se pela Universidade T\u00e9cnica de Berlim em 2004 e \u00e9 cidad\u00e3o alem\u00e3o, residindo nessa cidade desde 1985.<\/p>\n\n\n\n<p>O arquiteto chegou a fundar seu pr\u00f3prio ateli\u00ea, chamado K\u00e9r\u00e9 Architecture.<\/p>\n\n\n\n<p>Coleciona tamb\u00e9m o Pr\u00eamio Aga Khan de Arquitetura 2004 e a medalha de ouro no Global Award for Sustainable Architecture.<\/p>\n\n\n\n<figure class=\"wp-block-image size-full\"><img decoding=\"async\" src=\"https:\/\/www.weg.net\/weghome\/wp-content\/uploads\/2022\/07\/1207-grandes-nomes-francis-kere-2.jpg\" alt=\"\" class=\"wp-image-6760\"\/><\/figure>\n\n\n\n<h3 class=\"wp-block-heading\"><a><\/a>Francis K\u00e9r\u00e9 e o pensamento na sustentabilidade<\/h3>\n\n\n\n<p>Algo que chama aten\u00e7\u00e3o na trajet\u00f3ria de Francis K\u00e9r\u00e9 \u00e9 a forma como ele pensa a respeito <strong>da comunidade que o cerca e na quest\u00e3o sustent\u00e1vel<\/strong>. Em suas declara\u00e7\u00f5es, j\u00e1 deixou expl\u00edcito o quanto lhe \u00e9 importante que a comunidade local usufrua e participe das conquistas.<\/p>\n\n\n\n<p><br>\u00c9 em suas obras que o olhar para o meio ambiente se destaca. Contudo, isso n\u00e3o \u00e9 s\u00f3 pelo uso de material de baixo custo, mas justamente por empregar, por vezes, as pessoas da comunidade na m\u00e3o de obra. Um fator que tamb\u00e9m faz parte do ideal ecol\u00f3gico.<\/p>\n\n\n\n<p>Assim, em seu trabalho, ele se preocupa em analisar as<strong> condi\u00e7\u00f5es clim\u00e1ticas, sociais e econ\u00f4micas da regi\u00e3o<\/strong> para propor os melhores projetos.<\/p>\n\n\n\n<h2 class=\"wp-block-heading\"><a><\/a>Principais obras do arquiteto Francis K\u00e9r\u00e9<\/h2>\n\n\n\n<p>Abaixo selecionamos algumas das principais obras do arquiteto que ganharam destaque por suas caracter\u00edsticas, sua criatividade e seus recursos: <\/p>\n\n\n\n<h3 class=\"wp-block-heading\">Escola Prim\u00e1ria de Gando<\/h3>\n\n\n\n<figure class=\"wp-block-image size-full\"><img decoding=\"async\" src=\"https:\/\/www.weg.net\/weghome\/wp-content\/uploads\/2022\/07\/1207-grandes-nomes-francis-kere-3.jpg\" alt=\"\" class=\"wp-image-6761\"\/><\/figure>\n\n\n\n<p>Este \u00e9 com certeza um dos trabalhos mais representativos pelos quais \u00e9 reconhecido. O pr\u00e9dio dessa escola, ali\u00e1s, foi o que lhe rendeu o Pr\u00eamio Aga Khan.<\/p>\n\n\n\n<p>Ela foi a primeira institui\u00e7\u00e3o prim\u00e1ria do tipo na Vila de Gando, constru\u00edda em 2001. Destoa das demais, feitas em concreto, porque foi levantada com tijolos de barro e um <em>design<\/em> inovador. O concreto \u00e9 caro para a regi\u00e3o, por isso K\u00e9r\u00e9 procurou alternativas.<\/p>\n\n\n\n<p>Propondo um telhado de zinco, que recobre toda a edifica\u00e7\u00e3o, mas deixar o ar entrar, ele encontrou uma forma para que ela edifica\u00e7\u00e3o fique<strong> protegida da chuva e fresca ao mesmo tempo.<\/strong><\/p>\n\n\n\n<p>Desse modo, utilizou um material visto como mais fr\u00e1gil de maneira inteligente, sem contar que toda a comunidade participou da constru\u00e7\u00e3o.<\/p>\n\n\n\n<h3 class=\"wp-block-heading\"><a><\/a>Instituto de Tecnologia de Burkina<\/h3>\n\n\n\n<figure class=\"wp-block-image size-full\"><img decoding=\"async\" src=\"https:\/\/www.weg.net\/weghome\/wp-content\/uploads\/2022\/07\/1207-grandes-nomes-francis-kere-4.jpg\" alt=\"\" class=\"wp-image-6762\"\/><\/figure>\n\n\n\n<p>O projeto desta edifica\u00e7\u00e3o utilizou um sistema de m\u00f3dulos, permitindo que haja um p\u00e1tio central retangular. Isso permite que novos m\u00f3dulos sejam colocados para<strong> aumentar a constru\u00e7\u00e3o<\/strong> caso seja necess\u00e1rio.<\/p>\n\n\n\n<p>O interessante \u00e9 que cada um desses m\u00f3dulos foi feito com argila e concreto, o que diminui o tempo de execu\u00e7\u00e3o das obras. A argila \u00e9 muito encontrada na regi\u00e3o e ajuda a resfriar o ambiente.<\/p>\n\n\n\n<p>Outro destaque s\u00e3o as paredes<strong> recobertas por madeira de eucalipto<\/strong>, assim como telhados suspensos. As aberturas possibilitam ilumina\u00e7\u00e3o natural nesses espa\u00e7os, e h\u00e1 um sistema de prote\u00e7\u00e3o contra a chuva, al\u00e9m de capta\u00e7\u00e3o de \u00e1gua pluvial.<\/p>\n\n\n\n<h3 class=\"wp-block-heading\">Instituto Goethe de Dakar<\/h3>\n\n\n\n<figure class=\"wp-block-image size-full\"><img decoding=\"async\" src=\"https:\/\/www.weg.net\/weghome\/wp-content\/uploads\/2022\/07\/1207-grandes-nomes-francis-kere-5.jpg\" alt=\"\" class=\"wp-image-6763\"\/><\/figure>\n\n\n\n<p>Quem visualiza a constru\u00e7\u00e3o percebe logo tra\u00e7os peculiares. H\u00e1 elementos vazados ao redor de janelas na parte superior, dando um ar diferenciado ao espa\u00e7o, e o telhado \u00e9 apoiado em pilares que formam uma \u00e1rvore.<\/p>\n\n\n\n<p>Tudo isso remete ao sustent\u00e1vel e \u00e0 natureza, conferindo um ar especial ao local. A beleza tamb\u00e9m est\u00e1 presente, <strong>trazendo sensa\u00e7\u00e3o agrad\u00e1ve<\/strong>l.<\/p>\n\n\n\n<p>O telhado \u00e9 acess\u00edvel, ou seja, pode ser usado tamb\u00e9m como um espa\u00e7o a mais. Assim, al\u00e9m de proteger a edifica\u00e7\u00e3o, \u00e9 uma alternativa para realiza\u00e7\u00e3o de eventos, por exemplo.<\/p>\n\n\n\n<p>Obras como essa fazem parte de um portf\u00f3lio renomado que ajudou a levar o sustent\u00e1vel ao olhar de outras pessoas ao redor do mundo.<\/p>\n\n\n\n<p><br>Gostou de saber mais sobre Francis K\u00e9r\u00e9? Ent\u00e3o, conhe\u00e7a a trajet\u00f3ria de outros arquitetos renomados, como <a href=\"https:\/\/www.weg.net\/tomadas\/blog\/arquitetura\/grandes-nomes-da-arquitetura-a-trajetoria-de-ludwig-mies-van-der-rohe\/\">Ludwig Mies Van Der Rohe<\/a>.<\/p>\n\n\n\n<p>Aproveite e leia tamb\u00e9m <a href=\"https:\/\/www.weg.net\/tomadas\/blog\/arquitetura\/8-diferenciais-para-ser-um-arquiteto-de-sucesso-em-2022\/\">8 diferenciais para ser um arquiteto de sucesso<\/a>!<\/p>\n","protected":false},"excerpt":{"rendered":"<p>Voc\u00ea quer descobrir quem \u00e9 Francis K\u00e9r\u00e9 e por que ele foi o vencedor do pr\u00eamio Pritzker 2022, um dos principais da arquitetura? Saiba aqui! <\/p>\n","protected":false},"author":3,"featured_media":7575,"comment_status":"open","ping_status":"open","sticky":false,"template":"","format":"standard","meta":{"_acf_changed":false,"footnotes":""},"categories":[1],"tags":[1202,1596],"class_list":["post-7723","post","type-post","status-publish","format-standard","has-post-thumbnail","hentry","category-arquitetura","tag-arquitetos","tag-obras-de-arquitetura"],"acf":[],"yoast_head":"<!-- This site is optimized with the Yoast SEO plugin v27.5 - https:\/\/yoast.com\/product\/yoast-seo-wordpress\/ -->\n<title>Grandes nomes da arquitetura: saiba mais sobre Francis K\u00e9r\u00e9, vencedor do Pritzker 2022<\/title>\n<meta name=\"description\" content=\"Voc\u00ea quer descobrir quem \u00e9 Francis K\u00e9r\u00e9 e por que ele foi o vencedor do pr\u00eamio Pritzker 2022, um dos principais da arquitetura? Saiba aqui!\" \/>\n<meta name=\"robots\" content=\"index, follow, max-snippet:-1, max-image-preview:large, max-video-preview:-1\" \/>\n<link rel=\"canonical\" href=\"https:\/\/www.weg.net\/weghome\/blog\/arquitetura\/grandes-nomes-da-arquitetura-saiba-mais-sobre-francis-kere-vencedor-do-pritzker-2022\/\" \/>\n<meta property=\"og:locale\" content=\"pt_BR\" \/>\n<meta property=\"og:type\" content=\"article\" \/>\n<meta property=\"og:title\" content=\"Grandes nomes da arquitetura: saiba mais sobre Francis K\u00e9r\u00e9, vencedor do Pritzker 2022\" \/>\n<meta property=\"og:description\" content=\"Voc\u00ea quer descobrir quem \u00e9 Francis K\u00e9r\u00e9 e por que ele foi o vencedor do pr\u00eamio Pritzker 2022, um dos principais da arquitetura? Saiba aqui!\" \/>\n<meta property=\"og:url\" content=\"https:\/\/www.weg.net\/weghome\/blog\/arquitetura\/grandes-nomes-da-arquitetura-saiba-mais-sobre-francis-kere-vencedor-do-pritzker-2022\/\" \/>\n<meta property=\"og:site_name\" content=\"WEG Home\" \/>\n<meta property=\"article:published_time\" content=\"2022-07-12T11:00:00+00:00\" \/>\n<meta property=\"og:image\" content=\"https:\/\/www.weg.net\/weghome\/wp-content\/uploads\/2022\/07\/1207-grandes-nomes-francis-kere-1.jpg\" \/>\n\t<meta property=\"og:image:width\" content=\"1025\" \/>\n\t<meta property=\"og:image:height\" content=\"480\" \/>\n\t<meta property=\"og:image:type\" content=\"image\/jpeg\" \/>\n<meta name=\"author\" content=\"Woop\" \/>\n<meta name=\"twitter:card\" content=\"summary_large_image\" \/>\n<meta name=\"twitter:label1\" content=\"Escrito por\" \/>\n\t<meta name=\"twitter:data1\" content=\"Woop\" \/>\n\t<meta name=\"twitter:label2\" content=\"Est. tempo de leitura\" \/>\n\t<meta name=\"twitter:data2\" content=\"6 minutos\" \/>\n<script type=\"application\/ld+json\" class=\"yoast-schema-graph\">{\"@context\":\"https:\\\/\\\/schema.org\",\"@graph\":[{\"@type\":\"Article\",\"@id\":\"https:\\\/\\\/www.weg.net\\\/weghome\\\/blog\\\/arquitetura\\\/grandes-nomes-da-arquitetura-saiba-mais-sobre-francis-kere-vencedor-do-pritzker-2022\\\/#article\",\"isPartOf\":{\"@id\":\"https:\\\/\\\/www.weg.net\\\/weghome\\\/blog\\\/arquitetura\\\/grandes-nomes-da-arquitetura-saiba-mais-sobre-francis-kere-vencedor-do-pritzker-2022\\\/\"},\"author\":{\"name\":\"Woop\",\"@id\":\"https:\\\/\\\/www.weg.net\\\/weghome\\\/#\\\/schema\\\/person\\\/0094717c499858d78c38f7c2ad85cecd\"},\"headline\":\"Grandes nomes da arquitetura: saiba mais sobre Francis K\u00e9r\u00e9, vencedor do Pritzker 2022\",\"datePublished\":\"2022-07-12T11:00:00+00:00\",\"mainEntityOfPage\":{\"@id\":\"https:\\\/\\\/www.weg.net\\\/weghome\\\/blog\\\/arquitetura\\\/grandes-nomes-da-arquitetura-saiba-mais-sobre-francis-kere-vencedor-do-pritzker-2022\\\/\"},\"wordCount\":890,\"commentCount\":0,\"publisher\":{\"@id\":\"https:\\\/\\\/www.weg.net\\\/weghome\\\/#organization\"},\"image\":{\"@id\":\"https:\\\/\\\/www.weg.net\\\/weghome\\\/blog\\\/arquitetura\\\/grandes-nomes-da-arquitetura-saiba-mais-sobre-francis-kere-vencedor-do-pritzker-2022\\\/#primaryimage\"},\"thumbnailUrl\":\"https:\\\/\\\/www.weg.net\\\/weghome\\\/wp-content\\\/uploads\\\/2022\\\/07\\\/1207-grandes-nomes-francis-kere-1.jpg\",\"keywords\":[\"arquitetos\",\"obras de arquitetura\"],\"articleSection\":[\"Arquitetura\"],\"inLanguage\":\"pt-BR\",\"potentialAction\":[{\"@type\":\"CommentAction\",\"name\":\"Comment\",\"target\":[\"https:\\\/\\\/www.weg.net\\\/weghome\\\/blog\\\/arquitetura\\\/grandes-nomes-da-arquitetura-saiba-mais-sobre-francis-kere-vencedor-do-pritzker-2022\\\/#respond\"]}]},{\"@type\":\"WebPage\",\"@id\":\"https:\\\/\\\/www.weg.net\\\/weghome\\\/blog\\\/arquitetura\\\/grandes-nomes-da-arquitetura-saiba-mais-sobre-francis-kere-vencedor-do-pritzker-2022\\\/\",\"url\":\"https:\\\/\\\/www.weg.net\\\/weghome\\\/blog\\\/arquitetura\\\/grandes-nomes-da-arquitetura-saiba-mais-sobre-francis-kere-vencedor-do-pritzker-2022\\\/\",\"name\":\"Grandes nomes da arquitetura: saiba mais sobre Francis K\u00e9r\u00e9, vencedor do Pritzker 2022\",\"isPartOf\":{\"@id\":\"https:\\\/\\\/www.weg.net\\\/weghome\\\/#website\"},\"primaryImageOfPage\":{\"@id\":\"https:\\\/\\\/www.weg.net\\\/weghome\\\/blog\\\/arquitetura\\\/grandes-nomes-da-arquitetura-saiba-mais-sobre-francis-kere-vencedor-do-pritzker-2022\\\/#primaryimage\"},\"image\":{\"@id\":\"https:\\\/\\\/www.weg.net\\\/weghome\\\/blog\\\/arquitetura\\\/grandes-nomes-da-arquitetura-saiba-mais-sobre-francis-kere-vencedor-do-pritzker-2022\\\/#primaryimage\"},\"thumbnailUrl\":\"https:\\\/\\\/www.weg.net\\\/weghome\\\/wp-content\\\/uploads\\\/2022\\\/07\\\/1207-grandes-nomes-francis-kere-1.jpg\",\"datePublished\":\"2022-07-12T11:00:00+00:00\",\"description\":\"Voc\u00ea quer descobrir quem \u00e9 Francis K\u00e9r\u00e9 e por que ele foi o vencedor do pr\u00eamio Pritzker 2022, um dos principais da arquitetura? Saiba aqui!\",\"breadcrumb\":{\"@id\":\"https:\\\/\\\/www.weg.net\\\/weghome\\\/blog\\\/arquitetura\\\/grandes-nomes-da-arquitetura-saiba-mais-sobre-francis-kere-vencedor-do-pritzker-2022\\\/#breadcrumb\"},\"inLanguage\":\"pt-BR\",\"potentialAction\":[{\"@type\":\"ReadAction\",\"target\":[\"https:\\\/\\\/www.weg.net\\\/weghome\\\/blog\\\/arquitetura\\\/grandes-nomes-da-arquitetura-saiba-mais-sobre-francis-kere-vencedor-do-pritzker-2022\\\/\"]}]},{\"@type\":\"ImageObject\",\"inLanguage\":\"pt-BR\",\"@id\":\"https:\\\/\\\/www.weg.net\\\/weghome\\\/blog\\\/arquitetura\\\/grandes-nomes-da-arquitetura-saiba-mais-sobre-francis-kere-vencedor-do-pritzker-2022\\\/#primaryimage\",\"url\":\"https:\\\/\\\/www.weg.net\\\/weghome\\\/wp-content\\\/uploads\\\/2022\\\/07\\\/1207-grandes-nomes-francis-kere-1.jpg\",\"contentUrl\":\"https:\\\/\\\/www.weg.net\\\/weghome\\\/wp-content\\\/uploads\\\/2022\\\/07\\\/1207-grandes-nomes-francis-kere-1.jpg\",\"width\":1025,\"height\":480},{\"@type\":\"BreadcrumbList\",\"@id\":\"https:\\\/\\\/www.weg.net\\\/weghome\\\/blog\\\/arquitetura\\\/grandes-nomes-da-arquitetura-saiba-mais-sobre-francis-kere-vencedor-do-pritzker-2022\\\/#breadcrumb\",\"itemListElement\":[{\"@type\":\"ListItem\",\"position\":1,\"name\":\"In\u00edcio\",\"item\":\"https:\\\/\\\/www.weg.net\\\/weghome\\\/\"},{\"@type\":\"ListItem\",\"position\":2,\"name\":\"Grandes nomes da arquitetura: saiba mais sobre Francis K\u00e9r\u00e9, vencedor do Pritzker 2022\"}]},{\"@type\":\"WebSite\",\"@id\":\"https:\\\/\\\/www.weg.net\\\/weghome\\\/#website\",\"url\":\"https:\\\/\\\/www.weg.net\\\/weghome\\\/\",\"name\":\"WEG Home\",\"description\":\"Casa Inteligente, Tomadas e Interruptores, Prote\u00e7\u00e3o El\u00e9trica, Seguran\u00e7a Eletr\u00f4nica\",\"publisher\":{\"@id\":\"https:\\\/\\\/www.weg.net\\\/weghome\\\/#organization\"},\"potentialAction\":[{\"@type\":\"SearchAction\",\"target\":{\"@type\":\"EntryPoint\",\"urlTemplate\":\"https:\\\/\\\/www.weg.net\\\/weghome\\\/?s={search_term_string}\"},\"query-input\":{\"@type\":\"PropertyValueSpecification\",\"valueRequired\":true,\"valueName\":\"search_term_string\"}}],\"inLanguage\":\"pt-BR\"},{\"@type\":\"Organization\",\"@id\":\"https:\\\/\\\/www.weg.net\\\/weghome\\\/#organization\",\"name\":\"WEG Home\",\"url\":\"https:\\\/\\\/www.weg.net\\\/weghome\\\/\",\"logo\":{\"@type\":\"ImageObject\",\"inLanguage\":\"pt-BR\",\"@id\":\"https:\\\/\\\/www.weg.net\\\/weghome\\\/#\\\/schema\\\/logo\\\/image\\\/\",\"url\":\"https:\\\/\\\/www.weg.net\\\/weghome\\\/wp-content\\\/uploads\\\/2024\\\/09\\\/weg_logo.jpg\",\"contentUrl\":\"https:\\\/\\\/www.weg.net\\\/weghome\\\/wp-content\\\/uploads\\\/2024\\\/09\\\/weg_logo.jpg\",\"width\":512,\"height\":512,\"caption\":\"WEG Home\"},\"image\":{\"@id\":\"https:\\\/\\\/www.weg.net\\\/weghome\\\/#\\\/schema\\\/logo\\\/image\\\/\"}},{\"@type\":\"Person\",\"@id\":\"https:\\\/\\\/www.weg.net\\\/weghome\\\/#\\\/schema\\\/person\\\/0094717c499858d78c38f7c2ad85cecd\",\"name\":\"Woop\",\"image\":{\"@type\":\"ImageObject\",\"inLanguage\":\"pt-BR\",\"@id\":\"https:\\\/\\\/secure.gravatar.com\\\/avatar\\\/7fc91b78c44ccaceb0589bb6a88f003d33a6e35f7c0b678dda6a41dcfcbea8ed?s=96&d=mm&r=g\",\"url\":\"https:\\\/\\\/secure.gravatar.com\\\/avatar\\\/7fc91b78c44ccaceb0589bb6a88f003d33a6e35f7c0b678dda6a41dcfcbea8ed?s=96&d=mm&r=g\",\"contentUrl\":\"https:\\\/\\\/secure.gravatar.com\\\/avatar\\\/7fc91b78c44ccaceb0589bb6a88f003d33a6e35f7c0b678dda6a41dcfcbea8ed?s=96&d=mm&r=g\",\"caption\":\"Woop\"},\"url\":\"https:\\\/\\\/www.weg.net\\\/weghome\\\/author\\\/woop\\\/\"}]}<\/script>\n<!-- \/ Yoast SEO plugin. -->","yoast_head_json":{"title":"Grandes nomes da arquitetura: saiba mais sobre Francis K\u00e9r\u00e9, vencedor do Pritzker 2022","description":"Voc\u00ea quer descobrir quem \u00e9 Francis K\u00e9r\u00e9 e por que ele foi o vencedor do pr\u00eamio Pritzker 2022, um dos principais da arquitetura? Saiba aqui!","robots":{"index":"index","follow":"follow","max-snippet":"max-snippet:-1","max-image-preview":"max-image-preview:large","max-video-preview":"max-video-preview:-1"},"canonical":"https:\/\/www.weg.net\/weghome\/blog\/arquitetura\/grandes-nomes-da-arquitetura-saiba-mais-sobre-francis-kere-vencedor-do-pritzker-2022\/","og_locale":"pt_BR","og_type":"article","og_title":"Grandes nomes da arquitetura: saiba mais sobre Francis K\u00e9r\u00e9, vencedor do Pritzker 2022","og_description":"Voc\u00ea quer descobrir quem \u00e9 Francis K\u00e9r\u00e9 e por que ele foi o vencedor do pr\u00eamio Pritzker 2022, um dos principais da arquitetura? Saiba aqui!","og_url":"https:\/\/www.weg.net\/weghome\/blog\/arquitetura\/grandes-nomes-da-arquitetura-saiba-mais-sobre-francis-kere-vencedor-do-pritzker-2022\/","og_site_name":"WEG Home","article_published_time":"2022-07-12T11:00:00+00:00","og_image":[{"width":1025,"height":480,"url":"https:\/\/www.weg.net\/weghome\/wp-content\/uploads\/2022\/07\/1207-grandes-nomes-francis-kere-1.jpg","type":"image\/jpeg"}],"author":"Woop","twitter_card":"summary_large_image","twitter_misc":{"Escrito por":"Woop","Est. tempo de leitura":"6 minutos"},"schema":{"@context":"https:\/\/schema.org","@graph":[{"@type":"Article","@id":"https:\/\/www.weg.net\/weghome\/blog\/arquitetura\/grandes-nomes-da-arquitetura-saiba-mais-sobre-francis-kere-vencedor-do-pritzker-2022\/#article","isPartOf":{"@id":"https:\/\/www.weg.net\/weghome\/blog\/arquitetura\/grandes-nomes-da-arquitetura-saiba-mais-sobre-francis-kere-vencedor-do-pritzker-2022\/"},"author":{"name":"Woop","@id":"https:\/\/www.weg.net\/weghome\/#\/schema\/person\/0094717c499858d78c38f7c2ad85cecd"},"headline":"Grandes nomes da arquitetura: saiba mais sobre Francis K\u00e9r\u00e9, vencedor do Pritzker 2022","datePublished":"2022-07-12T11:00:00+00:00","mainEntityOfPage":{"@id":"https:\/\/www.weg.net\/weghome\/blog\/arquitetura\/grandes-nomes-da-arquitetura-saiba-mais-sobre-francis-kere-vencedor-do-pritzker-2022\/"},"wordCount":890,"commentCount":0,"publisher":{"@id":"https:\/\/www.weg.net\/weghome\/#organization"},"image":{"@id":"https:\/\/www.weg.net\/weghome\/blog\/arquitetura\/grandes-nomes-da-arquitetura-saiba-mais-sobre-francis-kere-vencedor-do-pritzker-2022\/#primaryimage"},"thumbnailUrl":"https:\/\/www.weg.net\/weghome\/wp-content\/uploads\/2022\/07\/1207-grandes-nomes-francis-kere-1.jpg","keywords":["arquitetos","obras de arquitetura"],"articleSection":["Arquitetura"],"inLanguage":"pt-BR","potentialAction":[{"@type":"CommentAction","name":"Comment","target":["https:\/\/www.weg.net\/weghome\/blog\/arquitetura\/grandes-nomes-da-arquitetura-saiba-mais-sobre-francis-kere-vencedor-do-pritzker-2022\/#respond"]}]},{"@type":"WebPage","@id":"https:\/\/www.weg.net\/weghome\/blog\/arquitetura\/grandes-nomes-da-arquitetura-saiba-mais-sobre-francis-kere-vencedor-do-pritzker-2022\/","url":"https:\/\/www.weg.net\/weghome\/blog\/arquitetura\/grandes-nomes-da-arquitetura-saiba-mais-sobre-francis-kere-vencedor-do-pritzker-2022\/","name":"Grandes nomes da arquitetura: saiba mais sobre Francis K\u00e9r\u00e9, vencedor do Pritzker 2022","isPartOf":{"@id":"https:\/\/www.weg.net\/weghome\/#website"},"primaryImageOfPage":{"@id":"https:\/\/www.weg.net\/weghome\/blog\/arquitetura\/grandes-nomes-da-arquitetura-saiba-mais-sobre-francis-kere-vencedor-do-pritzker-2022\/#primaryimage"},"image":{"@id":"https:\/\/www.weg.net\/weghome\/blog\/arquitetura\/grandes-nomes-da-arquitetura-saiba-mais-sobre-francis-kere-vencedor-do-pritzker-2022\/#primaryimage"},"thumbnailUrl":"https:\/\/www.weg.net\/weghome\/wp-content\/uploads\/2022\/07\/1207-grandes-nomes-francis-kere-1.jpg","datePublished":"2022-07-12T11:00:00+00:00","description":"Voc\u00ea quer descobrir quem \u00e9 Francis K\u00e9r\u00e9 e por que ele foi o vencedor do pr\u00eamio Pritzker 2022, um dos principais da arquitetura? Saiba aqui!","breadcrumb":{"@id":"https:\/\/www.weg.net\/weghome\/blog\/arquitetura\/grandes-nomes-da-arquitetura-saiba-mais-sobre-francis-kere-vencedor-do-pritzker-2022\/#breadcrumb"},"inLanguage":"pt-BR","potentialAction":[{"@type":"ReadAction","target":["https:\/\/www.weg.net\/weghome\/blog\/arquitetura\/grandes-nomes-da-arquitetura-saiba-mais-sobre-francis-kere-vencedor-do-pritzker-2022\/"]}]},{"@type":"ImageObject","inLanguage":"pt-BR","@id":"https:\/\/www.weg.net\/weghome\/blog\/arquitetura\/grandes-nomes-da-arquitetura-saiba-mais-sobre-francis-kere-vencedor-do-pritzker-2022\/#primaryimage","url":"https:\/\/www.weg.net\/weghome\/wp-content\/uploads\/2022\/07\/1207-grandes-nomes-francis-kere-1.jpg","contentUrl":"https:\/\/www.weg.net\/weghome\/wp-content\/uploads\/2022\/07\/1207-grandes-nomes-francis-kere-1.jpg","width":1025,"height":480},{"@type":"BreadcrumbList","@id":"https:\/\/www.weg.net\/weghome\/blog\/arquitetura\/grandes-nomes-da-arquitetura-saiba-mais-sobre-francis-kere-vencedor-do-pritzker-2022\/#breadcrumb","itemListElement":[{"@type":"ListItem","position":1,"name":"In\u00edcio","item":"https:\/\/www.weg.net\/weghome\/"},{"@type":"ListItem","position":2,"name":"Grandes nomes da arquitetura: saiba mais sobre Francis K\u00e9r\u00e9, vencedor do Pritzker 2022"}]},{"@type":"WebSite","@id":"https:\/\/www.weg.net\/weghome\/#website","url":"https:\/\/www.weg.net\/weghome\/","name":"WEG Home","description":"Casa Inteligente, Tomadas e Interruptores, Prote\u00e7\u00e3o El\u00e9trica, Seguran\u00e7a Eletr\u00f4nica","publisher":{"@id":"https:\/\/www.weg.net\/weghome\/#organization"},"potentialAction":[{"@type":"SearchAction","target":{"@type":"EntryPoint","urlTemplate":"https:\/\/www.weg.net\/weghome\/?s={search_term_string}"},"query-input":{"@type":"PropertyValueSpecification","valueRequired":true,"valueName":"search_term_string"}}],"inLanguage":"pt-BR"},{"@type":"Organization","@id":"https:\/\/www.weg.net\/weghome\/#organization","name":"WEG Home","url":"https:\/\/www.weg.net\/weghome\/","logo":{"@type":"ImageObject","inLanguage":"pt-BR","@id":"https:\/\/www.weg.net\/weghome\/#\/schema\/logo\/image\/","url":"https:\/\/www.weg.net\/weghome\/wp-content\/uploads\/2024\/09\/weg_logo.jpg","contentUrl":"https:\/\/www.weg.net\/weghome\/wp-content\/uploads\/2024\/09\/weg_logo.jpg","width":512,"height":512,"caption":"WEG Home"},"image":{"@id":"https:\/\/www.weg.net\/weghome\/#\/schema\/logo\/image\/"}},{"@type":"Person","@id":"https:\/\/www.weg.net\/weghome\/#\/schema\/person\/0094717c499858d78c38f7c2ad85cecd","name":"Woop","image":{"@type":"ImageObject","inLanguage":"pt-BR","@id":"https:\/\/secure.gravatar.com\/avatar\/7fc91b78c44ccaceb0589bb6a88f003d33a6e35f7c0b678dda6a41dcfcbea8ed?s=96&d=mm&r=g","url":"https:\/\/secure.gravatar.com\/avatar\/7fc91b78c44ccaceb0589bb6a88f003d33a6e35f7c0b678dda6a41dcfcbea8ed?s=96&d=mm&r=g","contentUrl":"https:\/\/secure.gravatar.com\/avatar\/7fc91b78c44ccaceb0589bb6a88f003d33a6e35f7c0b678dda6a41dcfcbea8ed?s=96&d=mm&r=g","caption":"Woop"},"url":"https:\/\/www.weg.net\/weghome\/author\/woop\/"}]}},"_links":{"self":[{"href":"https:\/\/www.weg.net\/weghome\/wp-json\/wp\/v2\/posts\/7723","targetHints":{"allow":["GET"]}}],"collection":[{"href":"https:\/\/www.weg.net\/weghome\/wp-json\/wp\/v2\/posts"}],"about":[{"href":"https:\/\/www.weg.net\/weghome\/wp-json\/wp\/v2\/types\/post"}],"author":[{"embeddable":true,"href":"https:\/\/www.weg.net\/weghome\/wp-json\/wp\/v2\/users\/3"}],"replies":[{"embeddable":true,"href":"https:\/\/www.weg.net\/weghome\/wp-json\/wp\/v2\/comments?post=7723"}],"version-history":[{"count":0,"href":"https:\/\/www.weg.net\/weghome\/wp-json\/wp\/v2\/posts\/7723\/revisions"}],"wp:featuredmedia":[{"embeddable":true,"href":"https:\/\/www.weg.net\/weghome\/wp-json\/wp\/v2\/media\/7575"}],"wp:attachment":[{"href":"https:\/\/www.weg.net\/weghome\/wp-json\/wp\/v2\/media?parent=7723"}],"wp:term":[{"taxonomy":"category","embeddable":true,"href":"https:\/\/www.weg.net\/weghome\/wp-json\/wp\/v2\/categories?post=7723"},{"taxonomy":"post_tag","embeddable":true,"href":"https:\/\/www.weg.net\/weghome\/wp-json\/wp\/v2\/tags?post=7723"}],"curies":[{"name":"wp","href":"https:\/\/api.w.org\/{rel}","templated":true}]}}