{"id":6959,"date":"2018-04-18T08:14:10","date_gmt":"2018-04-18T11:14:10","guid":{"rendered":"https:\/\/www.weg.net\/tomadas\/blog\/?p=718"},"modified":"2018-04-18T08:14:10","modified_gmt":"2018-04-18T11:14:10","slug":"eficiencia-energetica","status":"publish","type":"post","link":"https:\/\/www.weg.net\/weghome\/blog\/arquitetura\/eficiencia-energetica\/","title":{"rendered":"Efici\u00eancia energ\u00e9tica: como diminuir o desperd\u00edcio de energia el\u00e9trica"},"content":{"rendered":"<p>Os pre\u00e7os da energia el\u00e9trica aumentaram a um ritmo alarmante nos \u00faltimos anos e em paralelo a isso, o interesse em aumentar a efici\u00eancia energ\u00e9tica sem deixar de cumprir as responsabilidades ambientais nunca esteve t\u00e3o em alta.<\/p>\n<p>Sendo assim, muitas organiza\u00e7\u00f5es est\u00e3o procurando maneiras de economizar energia, reduzir as emiss\u00f5es de CO2 e economizar custos.<\/p>\n<p>E existem algumas estrat\u00e9gias relativamente simples que podem reduzir o consumo de energia seja na sua casa, escrit\u00f3rio, com\u00e9rcio ou ind\u00fastria. Veja abaixo 3 solu\u00e7\u00f5es que far\u00e3o com que voc\u00ea reduza custos e atinja resultados satisfat\u00f3rios de efici\u00eancia energ\u00e9tica.<\/p>\n<div id=\"attachment_719\" style=\"width: 910px\" class=\"wp-caption alignnone\"><img loading=\"lazy\" decoding=\"async\" aria-describedby=\"caption-attachment-719\" class=\"wp-image-719 size-full\" src=\"https:\/\/www.weg.net\/tomadas\/blog\/wp-content\/uploads\/2018\/03\/eficiencia-energetica-2.png\" alt=\"eficiencia-energetica (2)\" width=\"900\" height=\"406\" \/><p id=\"caption-attachment-719\" class=\"wp-caption-text\">Placas solares no telhado do pr\u00e9dio da Caixa Econ\u00f4mica Federal<\/p><\/div>\n<p><strong>Solu\u00e7\u00e3o 1: Energia solar<\/strong><\/p>\n<p>A Associa\u00e7\u00e3o Brasileira das Empresas de Servi\u00e7os de Conserva\u00e7\u00e3o de Energia (ABESCO) destaca a import\u00e2ncia da <a href=\"https:\/\/www.weg.net\/institutional\/BR\/pt\/news\/produtos-e-solucoes\/energia-solar-autofinanciavel-para-a-industria-catarinense\">gera\u00e7\u00e3o de energia solar<\/a> para combater o desperd\u00edcio de energia das ind\u00fastrias no Brasil.<\/p>\n<p>Dados da Associa\u00e7\u00e3o mostram que 10% de toda energia gerada no pa\u00eds durante um ano \u00e9 desperdi\u00e7ada e poderia abastecer o estado do Rio de Janeiro e Cear\u00e1 durante um ano.<\/p>\n<p>Al\u00e9m da ind\u00fastria, qualquer estabelecimento ou resid\u00eancia pode se beneficiar das vantagens que a energia solar traz para o bolso, j\u00e1 que gera muita economia, e tamb\u00e9m para o planeta, diminuindo o uso de recursos naturais escassos.<\/p>\n<p><img loading=\"lazy\" decoding=\"async\" class=\"alignnone size-full wp-image-720\" src=\"https:\/\/www.weg.net\/tomadas\/blog\/wp-content\/uploads\/2018\/03\/eficiencia-energetica-3.png\" alt=\"eficiencia-energetica (2)\" width=\"900\" height=\"406\" \/><\/p>\n<p><strong>Solu\u00e7\u00e3o 2: Motores El\u00e9tricos <\/strong><\/p>\n<p>Voc\u00ea j\u00e1 deu uma olhada nos motores el\u00e9tricos da sua empresa ou resid\u00eancia?<\/p>\n<p>Motores antigos (classe standard) possuem rendimento inferior aos motores el\u00e9tricos de alto rendimento, ou seja, gastam mais energia que um motor novo produzindo a mesma quantidade.<\/p>\n<p>As substitui\u00e7\u00f5es nestes casos representam uma das a\u00e7\u00f5es em Efici\u00eancia Energ\u00e9tica mais representativas na ind\u00fastria. Outros fatores importantes s\u00e3o: saber se o motor est\u00e1 dimensionado de forma correta, para evitar o desperd\u00edcio de energia el\u00e9trica e utilizar inversores de frequ\u00eancia com os motores el\u00e9tricos para alcan\u00e7ar maior taxa de economia de energia.<\/p>\n<p><strong>Solu\u00e7\u00e3o 3: Ilumina\u00e7\u00e3o<\/strong><\/p>\n<p><a href=\"https:\/\/www.weg.net\/tomadas\/blog\/papo-profissional\/por-que-e-tao-importante-que-as-lampadas-de-led-tenham-selo-inmetro\/\">L\u00e2mpadas de LED<\/a>, sensores de presen\u00e7a, light tube e dimeriza\u00e7\u00e3o fotossens\u00edvel s\u00e3o apenas algumas das solu\u00e7\u00f5es em ilumina\u00e7\u00e3o que ajudam e muito na efici\u00eancia energ\u00e9tica de um espa\u00e7o.<\/p>\n<p>Muitas tecnologias podem diminuir o consumo de energia, sem falar da ilumina\u00e7\u00e3o natural, que al\u00e9m de econ\u00f4mica, aumenta a sensa\u00e7\u00e3o de bem-estar.<\/p>\n<p>Ou seja, possibilidades n\u00e3o faltam para aumentar sua efici\u00eancia energ\u00e9tica e diminuir o seu impacto ambiental. Basta analisar e planejar a\u00e7\u00f5es a curto, m\u00e9dio e longo prazo para aplicar na sua casa ou empresa.<\/p>\n<p>E se voc\u00ea quiser ver mais dicas de como contribuir com o meio ambiente e com o seu bolso, confira <a href=\"https:\/\/www.weg.net\/tomadas\/blog\/sustentabilidade\/5-praticas-da-arquitetura-sustentavel-para-adotar-em-casa\/\">5 pr\u00e1ticas de arquitetura sustent\u00e1vel para adotar em casa<\/a>.<\/p>\n","protected":false},"excerpt":{"rendered":"<p>Os pre\u00e7os da energia el\u00e9trica aumentaram a um ritmo alarmante nos \u00faltimos anos e em paralelo a isso, o interesse em aumentar a efici\u00eancia energ\u00e9tica sem deixar de cumprir as responsabilidades ambientais nunca esteve t\u00e3o em alta.<\/p>\n","protected":false},"author":3,"featured_media":6722,"comment_status":"open","ping_status":"open","sticky":false,"template":"","format":"standard","meta":{"_acf_changed":false,"footnotes":""},"categories":[1],"tags":[451,452,435,114,453,454,455,456,106,457,458],"class_list":["post-6959","post","type-post","status-publish","format-standard","has-post-thumbnail","hentry","category-arquitetura","tag-economia","tag-eficiencia-energetica","tag-energia-solar","tag-iluminacao","tag-industria","tag-meio-ambiente","tag-motores-eletricos","tag-solucoes-energia","tag-weg","tag-weg-motores","tag-weg-solas"],"acf":[],"yoast_head":"<!-- This site is optimized with the Yoast SEO plugin v27.5 - https:\/\/yoast.com\/product\/yoast-seo-wordpress\/ -->\n<title>Efici\u00eancia energ\u00e9tica: como diminuir o desperd\u00edcio de energia el\u00e9trica<\/title>\n<meta name=\"description\" content=\"Os pre\u00e7os da energia el\u00e9trica aumentaram a um ritmo alarmante nos \u00faltimos anos e em paralelo a isso, o interesse em aumentar a efici\u00eancia energ\u00e9tica sem deixar de cumprir as responsabilidades ambientais nunca esteve t\u00e3o em alta.\" \/>\n<meta name=\"robots\" content=\"index, follow, max-snippet:-1, max-image-preview:large, max-video-preview:-1\" \/>\n<link rel=\"canonical\" href=\"https:\/\/www.weg.net\/weghome\/blog\/arquitetura\/eficiencia-energetica\/\" \/>\n<meta property=\"og:locale\" content=\"pt_BR\" \/>\n<meta property=\"og:type\" content=\"article\" \/>\n<meta property=\"og:title\" content=\"Efici\u00eancia energ\u00e9tica: como diminuir o desperd\u00edcio de energia el\u00e9trica\" \/>\n<meta property=\"og:description\" content=\"Os pre\u00e7os da energia el\u00e9trica aumentaram a um ritmo alarmante nos \u00faltimos anos e em paralelo a isso, o interesse em aumentar a efici\u00eancia energ\u00e9tica sem deixar de cumprir as responsabilidades ambientais nunca esteve t\u00e3o em alta.\" \/>\n<meta property=\"og:url\" content=\"https:\/\/www.weg.net\/weghome\/blog\/arquitetura\/eficiencia-energetica\/\" \/>\n<meta property=\"og:site_name\" content=\"WEG Home\" \/>\n<meta property=\"article:published_time\" content=\"2018-04-18T11:14:10+00:00\" \/>\n<meta property=\"og:image\" content=\"https:\/\/www.weg.net\/weghome\/wp-content\/uploads\/2018\/03\/eficiencia-energetica-1.png\" \/>\n\t<meta property=\"og:image:width\" content=\"1150\" \/>\n\t<meta property=\"og:image:height\" content=\"519\" \/>\n\t<meta property=\"og:image:type\" content=\"image\/png\" \/>\n<meta name=\"author\" content=\"Woop\" \/>\n<meta name=\"twitter:card\" content=\"summary_large_image\" \/>\n<meta name=\"twitter:label1\" content=\"Escrito por\" \/>\n\t<meta name=\"twitter:data1\" content=\"Woop\" \/>\n\t<meta name=\"twitter:label2\" content=\"Est. tempo de leitura\" \/>\n\t<meta name=\"twitter:data2\" content=\"2 minutos\" \/>\n<script type=\"application\/ld+json\" class=\"yoast-schema-graph\">{\"@context\":\"https:\\\/\\\/schema.org\",\"@graph\":[{\"@type\":\"Article\",\"@id\":\"https:\\\/\\\/www.weg.net\\\/weghome\\\/blog\\\/arquitetura\\\/eficiencia-energetica\\\/#article\",\"isPartOf\":{\"@id\":\"https:\\\/\\\/www.weg.net\\\/weghome\\\/blog\\\/arquitetura\\\/eficiencia-energetica\\\/\"},\"author\":{\"name\":\"Woop\",\"@id\":\"https:\\\/\\\/www.weg.net\\\/weghome\\\/#\\\/schema\\\/person\\\/0094717c499858d78c38f7c2ad85cecd\"},\"headline\":\"Efici\u00eancia energ\u00e9tica: como diminuir o desperd\u00edcio de energia el\u00e9trica\",\"datePublished\":\"2018-04-18T11:14:10+00:00\",\"mainEntityOfPage\":{\"@id\":\"https:\\\/\\\/www.weg.net\\\/weghome\\\/blog\\\/arquitetura\\\/eficiencia-energetica\\\/\"},\"wordCount\":503,\"commentCount\":0,\"publisher\":{\"@id\":\"https:\\\/\\\/www.weg.net\\\/weghome\\\/#organization\"},\"image\":{\"@id\":\"https:\\\/\\\/www.weg.net\\\/weghome\\\/blog\\\/arquitetura\\\/eficiencia-energetica\\\/#primaryimage\"},\"thumbnailUrl\":\"https:\\\/\\\/www.weg.net\\\/weghome\\\/wp-content\\\/uploads\\\/2018\\\/03\\\/eficiencia-energetica-1.png\",\"keywords\":[\"economia\",\"efici\u00eancia energ\u00e9tica\",\"energia solar\",\"ilumina\u00e7\u00e3o\",\"ind\u00fastria\",\"meio ambiente\",\"motores el\u00e9tricos\",\"solu\u00e7\u00f5es energia\",\"weg\",\"weg motores\",\"weg solas\"],\"articleSection\":[\"Arquitetura\"],\"inLanguage\":\"pt-BR\",\"potentialAction\":[{\"@type\":\"CommentAction\",\"name\":\"Comment\",\"target\":[\"https:\\\/\\\/www.weg.net\\\/weghome\\\/blog\\\/arquitetura\\\/eficiencia-energetica\\\/#respond\"]}]},{\"@type\":\"WebPage\",\"@id\":\"https:\\\/\\\/www.weg.net\\\/weghome\\\/blog\\\/arquitetura\\\/eficiencia-energetica\\\/\",\"url\":\"https:\\\/\\\/www.weg.net\\\/weghome\\\/blog\\\/arquitetura\\\/eficiencia-energetica\\\/\",\"name\":\"Efici\u00eancia energ\u00e9tica: como diminuir o desperd\u00edcio de energia el\u00e9trica\",\"isPartOf\":{\"@id\":\"https:\\\/\\\/www.weg.net\\\/weghome\\\/#website\"},\"primaryImageOfPage\":{\"@id\":\"https:\\\/\\\/www.weg.net\\\/weghome\\\/blog\\\/arquitetura\\\/eficiencia-energetica\\\/#primaryimage\"},\"image\":{\"@id\":\"https:\\\/\\\/www.weg.net\\\/weghome\\\/blog\\\/arquitetura\\\/eficiencia-energetica\\\/#primaryimage\"},\"thumbnailUrl\":\"https:\\\/\\\/www.weg.net\\\/weghome\\\/wp-content\\\/uploads\\\/2018\\\/03\\\/eficiencia-energetica-1.png\",\"datePublished\":\"2018-04-18T11:14:10+00:00\",\"description\":\"Os pre\u00e7os da energia el\u00e9trica aumentaram a um ritmo alarmante nos \u00faltimos anos e em paralelo a isso, o interesse em aumentar a efici\u00eancia energ\u00e9tica sem deixar de cumprir as responsabilidades ambientais nunca esteve t\u00e3o em alta.\",\"breadcrumb\":{\"@id\":\"https:\\\/\\\/www.weg.net\\\/weghome\\\/blog\\\/arquitetura\\\/eficiencia-energetica\\\/#breadcrumb\"},\"inLanguage\":\"pt-BR\",\"potentialAction\":[{\"@type\":\"ReadAction\",\"target\":[\"https:\\\/\\\/www.weg.net\\\/weghome\\\/blog\\\/arquitetura\\\/eficiencia-energetica\\\/\"]}]},{\"@type\":\"ImageObject\",\"inLanguage\":\"pt-BR\",\"@id\":\"https:\\\/\\\/www.weg.net\\\/weghome\\\/blog\\\/arquitetura\\\/eficiencia-energetica\\\/#primaryimage\",\"url\":\"https:\\\/\\\/www.weg.net\\\/weghome\\\/wp-content\\\/uploads\\\/2018\\\/03\\\/eficiencia-energetica-1.png\",\"contentUrl\":\"https:\\\/\\\/www.weg.net\\\/weghome\\\/wp-content\\\/uploads\\\/2018\\\/03\\\/eficiencia-energetica-1.png\",\"width\":1150,\"height\":519,\"caption\":\"eficiencia-energetica (2)\"},{\"@type\":\"BreadcrumbList\",\"@id\":\"https:\\\/\\\/www.weg.net\\\/weghome\\\/blog\\\/arquitetura\\\/eficiencia-energetica\\\/#breadcrumb\",\"itemListElement\":[{\"@type\":\"ListItem\",\"position\":1,\"name\":\"In\u00edcio\",\"item\":\"https:\\\/\\\/www.weg.net\\\/weghome\\\/\"},{\"@type\":\"ListItem\",\"position\":2,\"name\":\"Efici\u00eancia energ\u00e9tica: como diminuir o desperd\u00edcio de energia el\u00e9trica\"}]},{\"@type\":\"WebSite\",\"@id\":\"https:\\\/\\\/www.weg.net\\\/weghome\\\/#website\",\"url\":\"https:\\\/\\\/www.weg.net\\\/weghome\\\/\",\"name\":\"WEG Home\",\"description\":\"Casa Inteligente, Tomadas e Interruptores, Prote\u00e7\u00e3o El\u00e9trica, Seguran\u00e7a Eletr\u00f4nica\",\"publisher\":{\"@id\":\"https:\\\/\\\/www.weg.net\\\/weghome\\\/#organization\"},\"potentialAction\":[{\"@type\":\"SearchAction\",\"target\":{\"@type\":\"EntryPoint\",\"urlTemplate\":\"https:\\\/\\\/www.weg.net\\\/weghome\\\/?s={search_term_string}\"},\"query-input\":{\"@type\":\"PropertyValueSpecification\",\"valueRequired\":true,\"valueName\":\"search_term_string\"}}],\"inLanguage\":\"pt-BR\"},{\"@type\":\"Organization\",\"@id\":\"https:\\\/\\\/www.weg.net\\\/weghome\\\/#organization\",\"name\":\"WEG Home\",\"url\":\"https:\\\/\\\/www.weg.net\\\/weghome\\\/\",\"logo\":{\"@type\":\"ImageObject\",\"inLanguage\":\"pt-BR\",\"@id\":\"https:\\\/\\\/www.weg.net\\\/weghome\\\/#\\\/schema\\\/logo\\\/image\\\/\",\"url\":\"https:\\\/\\\/www.weg.net\\\/weghome\\\/wp-content\\\/uploads\\\/2024\\\/09\\\/weg_logo.jpg\",\"contentUrl\":\"https:\\\/\\\/www.weg.net\\\/weghome\\\/wp-content\\\/uploads\\\/2024\\\/09\\\/weg_logo.jpg\",\"width\":512,\"height\":512,\"caption\":\"WEG Home\"},\"image\":{\"@id\":\"https:\\\/\\\/www.weg.net\\\/weghome\\\/#\\\/schema\\\/logo\\\/image\\\/\"}},{\"@type\":\"Person\",\"@id\":\"https:\\\/\\\/www.weg.net\\\/weghome\\\/#\\\/schema\\\/person\\\/0094717c499858d78c38f7c2ad85cecd\",\"name\":\"Woop\",\"image\":{\"@type\":\"ImageObject\",\"inLanguage\":\"pt-BR\",\"@id\":\"https:\\\/\\\/secure.gravatar.com\\\/avatar\\\/7fc91b78c44ccaceb0589bb6a88f003d33a6e35f7c0b678dda6a41dcfcbea8ed?s=96&d=mm&r=g\",\"url\":\"https:\\\/\\\/secure.gravatar.com\\\/avatar\\\/7fc91b78c44ccaceb0589bb6a88f003d33a6e35f7c0b678dda6a41dcfcbea8ed?s=96&d=mm&r=g\",\"contentUrl\":\"https:\\\/\\\/secure.gravatar.com\\\/avatar\\\/7fc91b78c44ccaceb0589bb6a88f003d33a6e35f7c0b678dda6a41dcfcbea8ed?s=96&d=mm&r=g\",\"caption\":\"Woop\"},\"url\":\"https:\\\/\\\/www.weg.net\\\/weghome\\\/author\\\/woop\\\/\"}]}<\/script>\n<!-- \/ Yoast SEO plugin. -->","yoast_head_json":{"title":"Efici\u00eancia energ\u00e9tica: como diminuir o desperd\u00edcio de energia el\u00e9trica","description":"Os pre\u00e7os da energia el\u00e9trica aumentaram a um ritmo alarmante nos \u00faltimos anos e em paralelo a isso, o interesse em aumentar a efici\u00eancia energ\u00e9tica sem deixar de cumprir as responsabilidades ambientais nunca esteve t\u00e3o em alta.","robots":{"index":"index","follow":"follow","max-snippet":"max-snippet:-1","max-image-preview":"max-image-preview:large","max-video-preview":"max-video-preview:-1"},"canonical":"https:\/\/www.weg.net\/weghome\/blog\/arquitetura\/eficiencia-energetica\/","og_locale":"pt_BR","og_type":"article","og_title":"Efici\u00eancia energ\u00e9tica: como diminuir o desperd\u00edcio de energia el\u00e9trica","og_description":"Os pre\u00e7os da energia el\u00e9trica aumentaram a um ritmo alarmante nos \u00faltimos anos e em paralelo a isso, o interesse em aumentar a efici\u00eancia energ\u00e9tica sem deixar de cumprir as responsabilidades ambientais nunca esteve t\u00e3o em alta.","og_url":"https:\/\/www.weg.net\/weghome\/blog\/arquitetura\/eficiencia-energetica\/","og_site_name":"WEG Home","article_published_time":"2018-04-18T11:14:10+00:00","og_image":[{"width":1150,"height":519,"url":"https:\/\/www.weg.net\/weghome\/wp-content\/uploads\/2018\/03\/eficiencia-energetica-1.png","type":"image\/png"}],"author":"Woop","twitter_card":"summary_large_image","twitter_misc":{"Escrito por":"Woop","Est. tempo de leitura":"2 minutos"},"schema":{"@context":"https:\/\/schema.org","@graph":[{"@type":"Article","@id":"https:\/\/www.weg.net\/weghome\/blog\/arquitetura\/eficiencia-energetica\/#article","isPartOf":{"@id":"https:\/\/www.weg.net\/weghome\/blog\/arquitetura\/eficiencia-energetica\/"},"author":{"name":"Woop","@id":"https:\/\/www.weg.net\/weghome\/#\/schema\/person\/0094717c499858d78c38f7c2ad85cecd"},"headline":"Efici\u00eancia energ\u00e9tica: como diminuir o desperd\u00edcio de energia el\u00e9trica","datePublished":"2018-04-18T11:14:10+00:00","mainEntityOfPage":{"@id":"https:\/\/www.weg.net\/weghome\/blog\/arquitetura\/eficiencia-energetica\/"},"wordCount":503,"commentCount":0,"publisher":{"@id":"https:\/\/www.weg.net\/weghome\/#organization"},"image":{"@id":"https:\/\/www.weg.net\/weghome\/blog\/arquitetura\/eficiencia-energetica\/#primaryimage"},"thumbnailUrl":"https:\/\/www.weg.net\/weghome\/wp-content\/uploads\/2018\/03\/eficiencia-energetica-1.png","keywords":["economia","efici\u00eancia energ\u00e9tica","energia solar","ilumina\u00e7\u00e3o","ind\u00fastria","meio ambiente","motores el\u00e9tricos","solu\u00e7\u00f5es energia","weg","weg motores","weg solas"],"articleSection":["Arquitetura"],"inLanguage":"pt-BR","potentialAction":[{"@type":"CommentAction","name":"Comment","target":["https:\/\/www.weg.net\/weghome\/blog\/arquitetura\/eficiencia-energetica\/#respond"]}]},{"@type":"WebPage","@id":"https:\/\/www.weg.net\/weghome\/blog\/arquitetura\/eficiencia-energetica\/","url":"https:\/\/www.weg.net\/weghome\/blog\/arquitetura\/eficiencia-energetica\/","name":"Efici\u00eancia energ\u00e9tica: como diminuir o desperd\u00edcio de energia el\u00e9trica","isPartOf":{"@id":"https:\/\/www.weg.net\/weghome\/#website"},"primaryImageOfPage":{"@id":"https:\/\/www.weg.net\/weghome\/blog\/arquitetura\/eficiencia-energetica\/#primaryimage"},"image":{"@id":"https:\/\/www.weg.net\/weghome\/blog\/arquitetura\/eficiencia-energetica\/#primaryimage"},"thumbnailUrl":"https:\/\/www.weg.net\/weghome\/wp-content\/uploads\/2018\/03\/eficiencia-energetica-1.png","datePublished":"2018-04-18T11:14:10+00:00","description":"Os pre\u00e7os da energia el\u00e9trica aumentaram a um ritmo alarmante nos \u00faltimos anos e em paralelo a isso, o interesse em aumentar a efici\u00eancia energ\u00e9tica sem deixar de cumprir as responsabilidades ambientais nunca esteve t\u00e3o em alta.","breadcrumb":{"@id":"https:\/\/www.weg.net\/weghome\/blog\/arquitetura\/eficiencia-energetica\/#breadcrumb"},"inLanguage":"pt-BR","potentialAction":[{"@type":"ReadAction","target":["https:\/\/www.weg.net\/weghome\/blog\/arquitetura\/eficiencia-energetica\/"]}]},{"@type":"ImageObject","inLanguage":"pt-BR","@id":"https:\/\/www.weg.net\/weghome\/blog\/arquitetura\/eficiencia-energetica\/#primaryimage","url":"https:\/\/www.weg.net\/weghome\/wp-content\/uploads\/2018\/03\/eficiencia-energetica-1.png","contentUrl":"https:\/\/www.weg.net\/weghome\/wp-content\/uploads\/2018\/03\/eficiencia-energetica-1.png","width":1150,"height":519,"caption":"eficiencia-energetica (2)"},{"@type":"BreadcrumbList","@id":"https:\/\/www.weg.net\/weghome\/blog\/arquitetura\/eficiencia-energetica\/#breadcrumb","itemListElement":[{"@type":"ListItem","position":1,"name":"In\u00edcio","item":"https:\/\/www.weg.net\/weghome\/"},{"@type":"ListItem","position":2,"name":"Efici\u00eancia energ\u00e9tica: como diminuir o desperd\u00edcio de energia el\u00e9trica"}]},{"@type":"WebSite","@id":"https:\/\/www.weg.net\/weghome\/#website","url":"https:\/\/www.weg.net\/weghome\/","name":"WEG Home","description":"Casa Inteligente, Tomadas e Interruptores, Prote\u00e7\u00e3o El\u00e9trica, Seguran\u00e7a Eletr\u00f4nica","publisher":{"@id":"https:\/\/www.weg.net\/weghome\/#organization"},"potentialAction":[{"@type":"SearchAction","target":{"@type":"EntryPoint","urlTemplate":"https:\/\/www.weg.net\/weghome\/?s={search_term_string}"},"query-input":{"@type":"PropertyValueSpecification","valueRequired":true,"valueName":"search_term_string"}}],"inLanguage":"pt-BR"},{"@type":"Organization","@id":"https:\/\/www.weg.net\/weghome\/#organization","name":"WEG Home","url":"https:\/\/www.weg.net\/weghome\/","logo":{"@type":"ImageObject","inLanguage":"pt-BR","@id":"https:\/\/www.weg.net\/weghome\/#\/schema\/logo\/image\/","url":"https:\/\/www.weg.net\/weghome\/wp-content\/uploads\/2024\/09\/weg_logo.jpg","contentUrl":"https:\/\/www.weg.net\/weghome\/wp-content\/uploads\/2024\/09\/weg_logo.jpg","width":512,"height":512,"caption":"WEG Home"},"image":{"@id":"https:\/\/www.weg.net\/weghome\/#\/schema\/logo\/image\/"}},{"@type":"Person","@id":"https:\/\/www.weg.net\/weghome\/#\/schema\/person\/0094717c499858d78c38f7c2ad85cecd","name":"Woop","image":{"@type":"ImageObject","inLanguage":"pt-BR","@id":"https:\/\/secure.gravatar.com\/avatar\/7fc91b78c44ccaceb0589bb6a88f003d33a6e35f7c0b678dda6a41dcfcbea8ed?s=96&d=mm&r=g","url":"https:\/\/secure.gravatar.com\/avatar\/7fc91b78c44ccaceb0589bb6a88f003d33a6e35f7c0b678dda6a41dcfcbea8ed?s=96&d=mm&r=g","contentUrl":"https:\/\/secure.gravatar.com\/avatar\/7fc91b78c44ccaceb0589bb6a88f003d33a6e35f7c0b678dda6a41dcfcbea8ed?s=96&d=mm&r=g","caption":"Woop"},"url":"https:\/\/www.weg.net\/weghome\/author\/woop\/"}]}},"_links":{"self":[{"href":"https:\/\/www.weg.net\/weghome\/wp-json\/wp\/v2\/posts\/6959","targetHints":{"allow":["GET"]}}],"collection":[{"href":"https:\/\/www.weg.net\/weghome\/wp-json\/wp\/v2\/posts"}],"about":[{"href":"https:\/\/www.weg.net\/weghome\/wp-json\/wp\/v2\/types\/post"}],"author":[{"embeddable":true,"href":"https:\/\/www.weg.net\/weghome\/wp-json\/wp\/v2\/users\/3"}],"replies":[{"embeddable":true,"href":"https:\/\/www.weg.net\/weghome\/wp-json\/wp\/v2\/comments?post=6959"}],"version-history":[{"count":0,"href":"https:\/\/www.weg.net\/weghome\/wp-json\/wp\/v2\/posts\/6959\/revisions"}],"wp:featuredmedia":[{"embeddable":true,"href":"https:\/\/www.weg.net\/weghome\/wp-json\/wp\/v2\/media\/6722"}],"wp:attachment":[{"href":"https:\/\/www.weg.net\/weghome\/wp-json\/wp\/v2\/media?parent=6959"}],"wp:term":[{"taxonomy":"category","embeddable":true,"href":"https:\/\/www.weg.net\/weghome\/wp-json\/wp\/v2\/categories?post=6959"},{"taxonomy":"post_tag","embeddable":true,"href":"https:\/\/www.weg.net\/weghome\/wp-json\/wp\/v2\/tags?post=6959"}],"curies":[{"name":"wp","href":"https:\/\/api.w.org\/{rel}","templated":true}]}}