{"id":5903,"date":"2021-08-13T13:34:00","date_gmt":"2021-08-13T16:34:00","guid":{"rendered":"https:\/\/www.weg.net\/tomadas\/blog\/?p=5903"},"modified":"2021-08-13T13:34:00","modified_gmt":"2021-08-13T16:34:00","slug":"grandes-nomes-da-arquitetura-a-historia-de-walter-gropius","status":"publish","type":"post","link":"https:\/\/www.weg.net\/weghome\/blog\/arquitetura\/grandes-nomes-da-arquitetura-a-historia-de-walter-gropius\/","title":{"rendered":"Grandes nomes da arquitetura: a hist\u00f3ria de Walter Gropius"},"content":{"rendered":"\n<p>A <strong>hist\u00f3ria de Walter Gropius<\/strong> \u00e9 emblem\u00e1tica, pois o arquiteto alem\u00e3o \u00e9 considerado um dos grandes nomes da arquitetura do s\u00e9culo 20. O arquiteto foi fundador da escola de Bauhaus, escola de arquitetura, design e tamb\u00e9m de artes modernas. Ap\u00f3s sua contribui\u00e7\u00e3o na Bauhaus, exerceu o cargo de diretor do curso de arquitetura na Universidade de Harvard.<\/p>\n\n\n\n<p>O arquiteto e educador possu\u00eda uma vis\u00e3o \u00e0 frente do seu tempo. Revolucion\u00e1rio, tinha como objetivo tornar a arte acess\u00edvel a todos. Walter Gropius dispensou os m\u00e9todos habituais de ensino e prestigiou a coopera\u00e7\u00e3o entre a aprendizagem e a cria\u00e7\u00e3o.<\/p>\n\n\n\n<p>Neste post, vamos contar sobre ahist\u00f3ria de Walter Gropius, a import\u00e2ncia dele e sua escola de Bauhaus, al\u00e9m de mostrar suas principais obras.<\/p>\n\n\n\n<h2 class=\"wp-block-heading\">Hist\u00f3ria<\/h2>\n\n\n\n<p>Em 18 de maio de 1883 na cidade de Berlim, nasceu Walter Gropius. Dizem que seu talento para a arquitetura foi uma heran\u00e7a de fam\u00edlia transmitida por seu pai que tamb\u00e9m era <a href=\"https:\/\/www.weg.net\/tomadas\/blog\/arquitetura\/10-passos-para-ser-um-arquiteto-de-sucesso\/\">arquiteto<\/a>.<\/p>\n\n\n\n<p>Al\u00e9m de seu pai, seu tio-av\u00f4 Martin Gropius era da \u00e1rea. Seu tio havia constru\u00eddo o espa\u00e7o de exposi\u00e7\u00f5es Martin Gropius Bau, na \u00e9poca j\u00e1 considerada uma das mais belas obras da Alemanha.<\/p>\n\n\n\n<p>Gropius, entre os anos de 1903 e 1907, estudou arquitetura em Munique e em Berlin. Iniciou sua carreira na Alemanha e, em 1907, come\u00e7ou a trabalhar no escrit\u00f3rio do arquiteto Peter Behrens, tamb\u00e9m na capital alem\u00e3.<\/p>\n\n\n\n<p>O arquiteto j\u00e1 havia constru\u00eddo seus primeiros edif\u00edcios antes mesmo dos estudos serem conclu\u00eddos. Logo que se formou em 1910, foi capaz de abrir o pr\u00f3prio escrit\u00f3rio de arquitetura.<\/p>\n\n\n\n<p>Gropius era totalmente contr\u00e1rio \u00e0 imita\u00e7\u00e3o e \u00e0s normas e regras nas artes, por isso, tornou-se um guia intelectual. Al\u00e9m de arquiteto, era um grande educador e \u00e9 conhecido por isso at\u00e9 os dias de hoje.<\/p>\n\n\n\n<figure class=\"wp-block-image size-large\"><img loading=\"lazy\" decoding=\"async\" width=\"763\" height=\"350\" src=\"https:\/\/www.weg.net\/weghome\/wp-content\/uploads\/2021\/08\/1308-grandes-nomes-da-arquitetura-a-historia-de-walter-gropius-2.jpg\" alt=\"\" class=\"wp-image-5911\"\/><\/figure>\n\n\n\n<h2 class=\"wp-block-heading\">O pai da Bauhaus<\/h2>\n\n\n\n<p>Uma parte muito importante da hist\u00f3ria de Walter Gropiusfoi a escola de Bauhaus. A Bauhaus foi uma escola de arte revolucion\u00e1ria na Alemanha fundada pelo arquiteto.<\/p>\n\n\n\n<p>A escola de Bauhaus teve sua funda\u00e7\u00e3o em 1919 e foi uma das mais importantes representa\u00e7\u00f5es do Modernismo nas \u00e1reas de design e arquitetura. Tamb\u00e9m foi considerada a primeira escola de design a ser criada.<\/p>\n\n\n\n<p>A escola tinha valores est\u00e9ticos, sociais e pol\u00edticos, e um de seus objetivos era a integra\u00e7\u00e3o entre as artes e o artesanato. Gropius implementou na Bauhaus um novo m\u00e9todo de ensino com diferentes express\u00f5es art\u00edsticas como a pintura e a dan\u00e7a.<\/p>\n\n\n\n<p>Um dos objetivos encontrados na Bauhaus era a produ\u00e7\u00e3o em larga escala e a promo\u00e7\u00e3o de projetos onde funcionalidade e beleza deveriam caminhar juntas. Sendo assim, a forma deveria seguir a fun\u00e7\u00e3o. A institui\u00e7\u00e3o tamb\u00e9m prop\u00f4s o uso de insumos inovadores para a \u00e9poca, como madeira, a\u00e7o, vidro e arame.<\/p>\n\n\n\n<p>O fim da escola de Bauhaus foi em 1933, quando ela foi fechada pelo governo Nazista. Sendo assim, Walter Gropius deixou a Alemanha em 1934 e logo depois partiu para os Estados Unidos.<\/p>\n\n\n\n<p>Quando j\u00e1 morava nos Estados Unidos em 1937, o arquiteto recebeu o convite para lecionar no curso de arquitetura da Universidade de Harvard. Depois de lecionar por um ano, tornou-se diretor do setor e permaneceu no cargo at\u00e9 o ano de 1952.<\/p>\n\n\n\n<h3 class=\"wp-block-heading\">Principais obras<\/h3>\n\n\n\n<p>Conhe\u00e7a as principais obras que fazem parte da hist\u00f3ria de Walter Gropius:<\/p>\n\n\n\n<ul class=\"wp-block-list\"><li>F\u00e1brica Fagus localizada na Alemanha e constru\u00edda entre 1911 e 1913.<\/li><\/ul>\n\n\n\n<figure class=\"wp-block-image size-large\"><img loading=\"lazy\" decoding=\"async\" width=\"763\" height=\"350\" src=\"https:\/\/www.weg.net\/weghome\/wp-content\/uploads\/2021\/08\/1308-grandes-nomes-da-arquitetura-a-historia-de-walter-gropius-3.jpg\" alt=\"\" class=\"wp-image-5912\"\/><\/figure>\n\n\n\n<ul class=\"wp-block-list\"><li>Gropiusstadt ou Cidade de Gropius localizada na Alemanha e conclu\u00edda em 1975.<\/li><\/ul>\n\n\n\n<figure class=\"wp-block-image size-large\"><img loading=\"lazy\" decoding=\"async\" width=\"763\" height=\"350\" src=\"https:\/\/www.weg.net\/weghome\/wp-content\/uploads\/2021\/08\/1308-grandes-nomes-da-arquitetura-a-historia-de-walter-gropius-4.jpg\" alt=\"\" class=\"wp-image-5913\"\/><\/figure>\n\n\n\n<ul class=\"wp-block-list\"><li>Impington Village College localizada na Inglaterra e constru\u00edda em 1938.<\/li><\/ul>\n\n\n\n<figure class=\"wp-block-image size-large\"><img loading=\"lazy\" decoding=\"async\" width=\"763\" height=\"350\" src=\"https:\/\/www.weg.net\/weghome\/wp-content\/uploads\/2021\/08\/1308-grandes-nomes-da-arquitetura-a-historia-de-walter-gropius-5.jpg\" alt=\"\" class=\"wp-image-5914\"\/><\/figure>\n\n\n\n<ul class=\"wp-block-list\"><li>Harvard Graduate Center localizada nos Estados Unidos e constru\u00edda em 1948.<\/li><\/ul>\n\n\n\n<figure class=\"wp-block-image size-large\"><img loading=\"lazy\" decoding=\"async\" width=\"763\" height=\"350\" src=\"https:\/\/www.weg.net\/weghome\/wp-content\/uploads\/2021\/08\/1308-grandes-nomes-da-arquitetura-a-historia-de-walter-gropius-6.jpg\" alt=\"\" class=\"wp-image-5915\"\/><\/figure>\n\n\n\n<p>A hist\u00f3ria de Walter Gropiusnos mostra o porqu\u00ea de ele ter se tornado um arquiteto t\u00e3o importante juntamente com a sua escola de Bauhaus. O arquiteto foi vanguardista em suas ideias e projetos. Al\u00e9m de arquiteto, foi considerado um grande educador.<\/p>\n\n\n\n<p>Por isso, ele \u00e9 considerado um dos grandes nomes da arquitetura. Gropius inovou junto com a Bauhaus a propor o uso de materiais como o vidro, arame, madeira e a\u00e7o, materiais considerados inovadores para a \u00e9poca e que s\u00e3o amplamente utilizados nos dias de hoje.<\/p>\n\n\n\n<p>Talvez uma de suas maiores li\u00e7\u00f5es tenha sido agregar funcionalidade \u00e0 beleza, com seus projetos com formas que deveriam seguir a fun\u00e7\u00e3o.<\/p>\n\n\n\n<p>Gostou de saber um pouco sobre a hist\u00f3ria de Walter Gropius? Aproveite para continuar a leitura da nossa s\u00e9rie \u201cGrandes nomes da arquitetura\u201d. <a href=\"https:\/\/www.weg.net\/tomadas\/blog\/arquitetura\/grandes-nomes-da-arquitetura-a-historia-de-frank-lloyd-wright\/\">Leia na \u00edntegra<\/a> a hist\u00f3ria de Frank Lloyd Wright.<\/p>\n\n\n\n<figure class=\"wp-block-image size-large\"><a href=\"https:\/\/materiais.tomadas.weg.net\/infografico-qual-a-altura-ideal-para-tomadas-e-interruptores?utm_source=blog&amp;utm_medium=banner&amp;utm_content=13-08-grandes-nomes-da-arquitetura-a-historia-de-Walter-Gropius\"><img loading=\"lazy\" decoding=\"async\" width=\"1025\" height=\"350\" src=\"https:\/\/www.weg.net\/weghome\/wp-content\/uploads\/2021\/08\/infografico-qual-a-altura-ideia-das-tomadas-e-interruptores-banner-blog.jpg\" alt=\"\" class=\"wp-image-5916\" srcset=\"https:\/\/www.weg.net\/weghome\/wp-content\/uploads\/2021\/08\/infografico-qual-a-altura-ideia-das-tomadas-e-interruptores-banner-blog.jpg 1025w, https:\/\/www.weg.net\/weghome\/wp-content\/uploads\/2021\/08\/infografico-qual-a-altura-ideia-das-tomadas-e-interruptores-banner-blog-960x328.jpg 960w\" sizes=\"auto, (max-width: 1025px) 100vw, 1025px\" \/><\/a><\/figure>\n","protected":false},"excerpt":{"rendered":"<p>Conhe\u00e7a na s\u00e9rie Grandes nomes da arquitetura a hist\u00f3ria de Walter Gropius e sua grande import\u00e2ncia para a escola de Bauhaus.<\/p>\n","protected":false},"author":3,"featured_media":5910,"comment_status":"open","ping_status":"open","sticky":false,"template":"","format":"standard","meta":{"_acf_changed":false,"footnotes":""},"categories":[1],"tags":[1491,1492,1089,1493,1494],"class_list":["post-5903","post","type-post","status-publish","format-standard","has-post-thumbnail","hentry","category-arquitetura","tag-arquiteto-walter-gropius","tag-bauhaus","tag-grandes-nomes-da-arquitetura","tag-o-paia-da-bauhaus","tag-walter-gropius"],"acf":[],"yoast_head":"<!-- This site is optimized with the Yoast SEO plugin v27.4 - https:\/\/yoast.com\/product\/yoast-seo-wordpress\/ -->\n<title>Grandes nomes da arquitetura: a hist\u00f3ria de Walter Gropius<\/title>\n<meta name=\"description\" content=\"Conhe\u00e7a na s\u00e9rie Grandes nomes da arquitetura a hist\u00f3ria de Walter Gropius e sua grande import\u00e2ncia para a escola de Bauhaus.\" \/>\n<meta name=\"robots\" content=\"index, follow, max-snippet:-1, max-image-preview:large, max-video-preview:-1\" \/>\n<link rel=\"canonical\" href=\"https:\/\/www.weg.net\/weghome\/blog\/arquitetura\/grandes-nomes-da-arquitetura-a-historia-de-walter-gropius\/\" \/>\n<meta property=\"og:locale\" content=\"pt_BR\" \/>\n<meta property=\"og:type\" content=\"article\" \/>\n<meta property=\"og:title\" content=\"Grandes nomes da arquitetura: a hist\u00f3ria de Walter Gropius\" \/>\n<meta property=\"og:description\" content=\"Conhe\u00e7a na s\u00e9rie Grandes nomes da arquitetura a hist\u00f3ria de Walter Gropius e sua grande import\u00e2ncia para a escola de Bauhaus.\" \/>\n<meta property=\"og:url\" content=\"https:\/\/www.weg.net\/weghome\/blog\/arquitetura\/grandes-nomes-da-arquitetura-a-historia-de-walter-gropius\/\" \/>\n<meta property=\"og:site_name\" content=\"WEG Home\" \/>\n<meta property=\"article:published_time\" content=\"2021-08-13T16:34:00+00:00\" \/>\n<meta property=\"og:image\" content=\"https:\/\/www.weg.net\/weghome\/wp-content\/uploads\/2021\/08\/1308-grandes-nomes-da-arquitetura-a-historia-de-walter-gropius-1.jpg\" \/>\n\t<meta property=\"og:image:width\" content=\"1025\" \/>\n\t<meta property=\"og:image:height\" content=\"480\" \/>\n\t<meta property=\"og:image:type\" content=\"image\/jpeg\" \/>\n<meta name=\"author\" content=\"Woop\" \/>\n<meta name=\"twitter:card\" content=\"summary_large_image\" \/>\n<meta name=\"twitter:label1\" content=\"Escrito por\" \/>\n\t<meta name=\"twitter:data1\" content=\"Woop\" \/>\n\t<meta name=\"twitter:label2\" content=\"Est. tempo de leitura\" \/>\n\t<meta name=\"twitter:data2\" content=\"4 minutos\" \/>\n<script type=\"application\/ld+json\" class=\"yoast-schema-graph\">{\"@context\":\"https:\\\/\\\/schema.org\",\"@graph\":[{\"@type\":\"Article\",\"@id\":\"https:\\\/\\\/www.weg.net\\\/weghome\\\/blog\\\/arquitetura\\\/grandes-nomes-da-arquitetura-a-historia-de-walter-gropius\\\/#article\",\"isPartOf\":{\"@id\":\"https:\\\/\\\/www.weg.net\\\/weghome\\\/blog\\\/arquitetura\\\/grandes-nomes-da-arquitetura-a-historia-de-walter-gropius\\\/\"},\"author\":{\"name\":\"Woop\",\"@id\":\"https:\\\/\\\/www.weg.net\\\/weghome\\\/#\\\/schema\\\/person\\\/0094717c499858d78c38f7c2ad85cecd\"},\"headline\":\"Grandes nomes da arquitetura: a hist\u00f3ria de Walter Gropius\",\"datePublished\":\"2021-08-13T16:34:00+00:00\",\"mainEntityOfPage\":{\"@id\":\"https:\\\/\\\/www.weg.net\\\/weghome\\\/blog\\\/arquitetura\\\/grandes-nomes-da-arquitetura-a-historia-de-walter-gropius\\\/\"},\"wordCount\":775,\"commentCount\":0,\"publisher\":{\"@id\":\"https:\\\/\\\/www.weg.net\\\/weghome\\\/#organization\"},\"image\":{\"@id\":\"https:\\\/\\\/www.weg.net\\\/weghome\\\/blog\\\/arquitetura\\\/grandes-nomes-da-arquitetura-a-historia-de-walter-gropius\\\/#primaryimage\"},\"thumbnailUrl\":\"https:\\\/\\\/www.weg.net\\\/weghome\\\/wp-content\\\/uploads\\\/2021\\\/08\\\/1308-grandes-nomes-da-arquitetura-a-historia-de-walter-gropius-1.jpg\",\"keywords\":[\"Arquiteto Walter Gropius\",\"Bauhaus\",\"grandes nomes da arquitetura\",\"O paia da Bauhaus\",\"Walter Gropius\"],\"articleSection\":[\"Arquitetura\"],\"inLanguage\":\"pt-BR\",\"potentialAction\":[{\"@type\":\"CommentAction\",\"name\":\"Comment\",\"target\":[\"https:\\\/\\\/www.weg.net\\\/weghome\\\/blog\\\/arquitetura\\\/grandes-nomes-da-arquitetura-a-historia-de-walter-gropius\\\/#respond\"]}]},{\"@type\":\"WebPage\",\"@id\":\"https:\\\/\\\/www.weg.net\\\/weghome\\\/blog\\\/arquitetura\\\/grandes-nomes-da-arquitetura-a-historia-de-walter-gropius\\\/\",\"url\":\"https:\\\/\\\/www.weg.net\\\/weghome\\\/blog\\\/arquitetura\\\/grandes-nomes-da-arquitetura-a-historia-de-walter-gropius\\\/\",\"name\":\"Grandes nomes da arquitetura: a hist\u00f3ria de Walter Gropius\",\"isPartOf\":{\"@id\":\"https:\\\/\\\/www.weg.net\\\/weghome\\\/#website\"},\"primaryImageOfPage\":{\"@id\":\"https:\\\/\\\/www.weg.net\\\/weghome\\\/blog\\\/arquitetura\\\/grandes-nomes-da-arquitetura-a-historia-de-walter-gropius\\\/#primaryimage\"},\"image\":{\"@id\":\"https:\\\/\\\/www.weg.net\\\/weghome\\\/blog\\\/arquitetura\\\/grandes-nomes-da-arquitetura-a-historia-de-walter-gropius\\\/#primaryimage\"},\"thumbnailUrl\":\"https:\\\/\\\/www.weg.net\\\/weghome\\\/wp-content\\\/uploads\\\/2021\\\/08\\\/1308-grandes-nomes-da-arquitetura-a-historia-de-walter-gropius-1.jpg\",\"datePublished\":\"2021-08-13T16:34:00+00:00\",\"description\":\"Conhe\u00e7a na s\u00e9rie Grandes nomes da arquitetura a hist\u00f3ria de Walter Gropius e sua grande import\u00e2ncia para a escola de Bauhaus.\",\"breadcrumb\":{\"@id\":\"https:\\\/\\\/www.weg.net\\\/weghome\\\/blog\\\/arquitetura\\\/grandes-nomes-da-arquitetura-a-historia-de-walter-gropius\\\/#breadcrumb\"},\"inLanguage\":\"pt-BR\",\"potentialAction\":[{\"@type\":\"ReadAction\",\"target\":[\"https:\\\/\\\/www.weg.net\\\/weghome\\\/blog\\\/arquitetura\\\/grandes-nomes-da-arquitetura-a-historia-de-walter-gropius\\\/\"]}]},{\"@type\":\"ImageObject\",\"inLanguage\":\"pt-BR\",\"@id\":\"https:\\\/\\\/www.weg.net\\\/weghome\\\/blog\\\/arquitetura\\\/grandes-nomes-da-arquitetura-a-historia-de-walter-gropius\\\/#primaryimage\",\"url\":\"https:\\\/\\\/www.weg.net\\\/weghome\\\/wp-content\\\/uploads\\\/2021\\\/08\\\/1308-grandes-nomes-da-arquitetura-a-historia-de-walter-gropius-1.jpg\",\"contentUrl\":\"https:\\\/\\\/www.weg.net\\\/weghome\\\/wp-content\\\/uploads\\\/2021\\\/08\\\/1308-grandes-nomes-da-arquitetura-a-historia-de-walter-gropius-1.jpg\",\"width\":1025,\"height\":480},{\"@type\":\"BreadcrumbList\",\"@id\":\"https:\\\/\\\/www.weg.net\\\/weghome\\\/blog\\\/arquitetura\\\/grandes-nomes-da-arquitetura-a-historia-de-walter-gropius\\\/#breadcrumb\",\"itemListElement\":[{\"@type\":\"ListItem\",\"position\":1,\"name\":\"In\u00edcio\",\"item\":\"https:\\\/\\\/www.weg.net\\\/weghome\\\/\"},{\"@type\":\"ListItem\",\"position\":2,\"name\":\"Grandes nomes da arquitetura: a hist\u00f3ria de Walter Gropius\"}]},{\"@type\":\"WebSite\",\"@id\":\"https:\\\/\\\/www.weg.net\\\/weghome\\\/#website\",\"url\":\"https:\\\/\\\/www.weg.net\\\/weghome\\\/\",\"name\":\"WEG Home\",\"description\":\"Casa Inteligente, Tomadas e Interruptores, Prote\u00e7\u00e3o El\u00e9trica, Seguran\u00e7a Eletr\u00f4nica\",\"publisher\":{\"@id\":\"https:\\\/\\\/www.weg.net\\\/weghome\\\/#organization\"},\"potentialAction\":[{\"@type\":\"SearchAction\",\"target\":{\"@type\":\"EntryPoint\",\"urlTemplate\":\"https:\\\/\\\/www.weg.net\\\/weghome\\\/?s={search_term_string}\"},\"query-input\":{\"@type\":\"PropertyValueSpecification\",\"valueRequired\":true,\"valueName\":\"search_term_string\"}}],\"inLanguage\":\"pt-BR\"},{\"@type\":\"Organization\",\"@id\":\"https:\\\/\\\/www.weg.net\\\/weghome\\\/#organization\",\"name\":\"WEG Home\",\"url\":\"https:\\\/\\\/www.weg.net\\\/weghome\\\/\",\"logo\":{\"@type\":\"ImageObject\",\"inLanguage\":\"pt-BR\",\"@id\":\"https:\\\/\\\/www.weg.net\\\/weghome\\\/#\\\/schema\\\/logo\\\/image\\\/\",\"url\":\"https:\\\/\\\/www.weg.net\\\/weghome\\\/wp-content\\\/uploads\\\/2024\\\/09\\\/weg_logo.jpg\",\"contentUrl\":\"https:\\\/\\\/www.weg.net\\\/weghome\\\/wp-content\\\/uploads\\\/2024\\\/09\\\/weg_logo.jpg\",\"width\":512,\"height\":512,\"caption\":\"WEG Home\"},\"image\":{\"@id\":\"https:\\\/\\\/www.weg.net\\\/weghome\\\/#\\\/schema\\\/logo\\\/image\\\/\"}},{\"@type\":\"Person\",\"@id\":\"https:\\\/\\\/www.weg.net\\\/weghome\\\/#\\\/schema\\\/person\\\/0094717c499858d78c38f7c2ad85cecd\",\"name\":\"Woop\",\"image\":{\"@type\":\"ImageObject\",\"inLanguage\":\"pt-BR\",\"@id\":\"https:\\\/\\\/secure.gravatar.com\\\/avatar\\\/7fc91b78c44ccaceb0589bb6a88f003d33a6e35f7c0b678dda6a41dcfcbea8ed?s=96&d=mm&r=g\",\"url\":\"https:\\\/\\\/secure.gravatar.com\\\/avatar\\\/7fc91b78c44ccaceb0589bb6a88f003d33a6e35f7c0b678dda6a41dcfcbea8ed?s=96&d=mm&r=g\",\"contentUrl\":\"https:\\\/\\\/secure.gravatar.com\\\/avatar\\\/7fc91b78c44ccaceb0589bb6a88f003d33a6e35f7c0b678dda6a41dcfcbea8ed?s=96&d=mm&r=g\",\"caption\":\"Woop\"},\"url\":\"https:\\\/\\\/www.weg.net\\\/weghome\\\/author\\\/woop\\\/\"}]}<\/script>\n<!-- \/ Yoast SEO plugin. -->","yoast_head_json":{"title":"Grandes nomes da arquitetura: a hist\u00f3ria de Walter Gropius","description":"Conhe\u00e7a na s\u00e9rie Grandes nomes da arquitetura a hist\u00f3ria de Walter Gropius e sua grande import\u00e2ncia para a escola de Bauhaus.","robots":{"index":"index","follow":"follow","max-snippet":"max-snippet:-1","max-image-preview":"max-image-preview:large","max-video-preview":"max-video-preview:-1"},"canonical":"https:\/\/www.weg.net\/weghome\/blog\/arquitetura\/grandes-nomes-da-arquitetura-a-historia-de-walter-gropius\/","og_locale":"pt_BR","og_type":"article","og_title":"Grandes nomes da arquitetura: a hist\u00f3ria de Walter Gropius","og_description":"Conhe\u00e7a na s\u00e9rie Grandes nomes da arquitetura a hist\u00f3ria de Walter Gropius e sua grande import\u00e2ncia para a escola de Bauhaus.","og_url":"https:\/\/www.weg.net\/weghome\/blog\/arquitetura\/grandes-nomes-da-arquitetura-a-historia-de-walter-gropius\/","og_site_name":"WEG Home","article_published_time":"2021-08-13T16:34:00+00:00","og_image":[{"width":1025,"height":480,"url":"https:\/\/www.weg.net\/weghome\/wp-content\/uploads\/2021\/08\/1308-grandes-nomes-da-arquitetura-a-historia-de-walter-gropius-1.jpg","type":"image\/jpeg"}],"author":"Woop","twitter_card":"summary_large_image","twitter_misc":{"Escrito por":"Woop","Est. tempo de leitura":"4 minutos"},"schema":{"@context":"https:\/\/schema.org","@graph":[{"@type":"Article","@id":"https:\/\/www.weg.net\/weghome\/blog\/arquitetura\/grandes-nomes-da-arquitetura-a-historia-de-walter-gropius\/#article","isPartOf":{"@id":"https:\/\/www.weg.net\/weghome\/blog\/arquitetura\/grandes-nomes-da-arquitetura-a-historia-de-walter-gropius\/"},"author":{"name":"Woop","@id":"https:\/\/www.weg.net\/weghome\/#\/schema\/person\/0094717c499858d78c38f7c2ad85cecd"},"headline":"Grandes nomes da arquitetura: a hist\u00f3ria de Walter Gropius","datePublished":"2021-08-13T16:34:00+00:00","mainEntityOfPage":{"@id":"https:\/\/www.weg.net\/weghome\/blog\/arquitetura\/grandes-nomes-da-arquitetura-a-historia-de-walter-gropius\/"},"wordCount":775,"commentCount":0,"publisher":{"@id":"https:\/\/www.weg.net\/weghome\/#organization"},"image":{"@id":"https:\/\/www.weg.net\/weghome\/blog\/arquitetura\/grandes-nomes-da-arquitetura-a-historia-de-walter-gropius\/#primaryimage"},"thumbnailUrl":"https:\/\/www.weg.net\/weghome\/wp-content\/uploads\/2021\/08\/1308-grandes-nomes-da-arquitetura-a-historia-de-walter-gropius-1.jpg","keywords":["Arquiteto Walter Gropius","Bauhaus","grandes nomes da arquitetura","O paia da Bauhaus","Walter Gropius"],"articleSection":["Arquitetura"],"inLanguage":"pt-BR","potentialAction":[{"@type":"CommentAction","name":"Comment","target":["https:\/\/www.weg.net\/weghome\/blog\/arquitetura\/grandes-nomes-da-arquitetura-a-historia-de-walter-gropius\/#respond"]}]},{"@type":"WebPage","@id":"https:\/\/www.weg.net\/weghome\/blog\/arquitetura\/grandes-nomes-da-arquitetura-a-historia-de-walter-gropius\/","url":"https:\/\/www.weg.net\/weghome\/blog\/arquitetura\/grandes-nomes-da-arquitetura-a-historia-de-walter-gropius\/","name":"Grandes nomes da arquitetura: a hist\u00f3ria de Walter Gropius","isPartOf":{"@id":"https:\/\/www.weg.net\/weghome\/#website"},"primaryImageOfPage":{"@id":"https:\/\/www.weg.net\/weghome\/blog\/arquitetura\/grandes-nomes-da-arquitetura-a-historia-de-walter-gropius\/#primaryimage"},"image":{"@id":"https:\/\/www.weg.net\/weghome\/blog\/arquitetura\/grandes-nomes-da-arquitetura-a-historia-de-walter-gropius\/#primaryimage"},"thumbnailUrl":"https:\/\/www.weg.net\/weghome\/wp-content\/uploads\/2021\/08\/1308-grandes-nomes-da-arquitetura-a-historia-de-walter-gropius-1.jpg","datePublished":"2021-08-13T16:34:00+00:00","description":"Conhe\u00e7a na s\u00e9rie Grandes nomes da arquitetura a hist\u00f3ria de Walter Gropius e sua grande import\u00e2ncia para a escola de Bauhaus.","breadcrumb":{"@id":"https:\/\/www.weg.net\/weghome\/blog\/arquitetura\/grandes-nomes-da-arquitetura-a-historia-de-walter-gropius\/#breadcrumb"},"inLanguage":"pt-BR","potentialAction":[{"@type":"ReadAction","target":["https:\/\/www.weg.net\/weghome\/blog\/arquitetura\/grandes-nomes-da-arquitetura-a-historia-de-walter-gropius\/"]}]},{"@type":"ImageObject","inLanguage":"pt-BR","@id":"https:\/\/www.weg.net\/weghome\/blog\/arquitetura\/grandes-nomes-da-arquitetura-a-historia-de-walter-gropius\/#primaryimage","url":"https:\/\/www.weg.net\/weghome\/wp-content\/uploads\/2021\/08\/1308-grandes-nomes-da-arquitetura-a-historia-de-walter-gropius-1.jpg","contentUrl":"https:\/\/www.weg.net\/weghome\/wp-content\/uploads\/2021\/08\/1308-grandes-nomes-da-arquitetura-a-historia-de-walter-gropius-1.jpg","width":1025,"height":480},{"@type":"BreadcrumbList","@id":"https:\/\/www.weg.net\/weghome\/blog\/arquitetura\/grandes-nomes-da-arquitetura-a-historia-de-walter-gropius\/#breadcrumb","itemListElement":[{"@type":"ListItem","position":1,"name":"In\u00edcio","item":"https:\/\/www.weg.net\/weghome\/"},{"@type":"ListItem","position":2,"name":"Grandes nomes da arquitetura: a hist\u00f3ria de Walter Gropius"}]},{"@type":"WebSite","@id":"https:\/\/www.weg.net\/weghome\/#website","url":"https:\/\/www.weg.net\/weghome\/","name":"WEG Home","description":"Casa Inteligente, Tomadas e Interruptores, Prote\u00e7\u00e3o El\u00e9trica, Seguran\u00e7a Eletr\u00f4nica","publisher":{"@id":"https:\/\/www.weg.net\/weghome\/#organization"},"potentialAction":[{"@type":"SearchAction","target":{"@type":"EntryPoint","urlTemplate":"https:\/\/www.weg.net\/weghome\/?s={search_term_string}"},"query-input":{"@type":"PropertyValueSpecification","valueRequired":true,"valueName":"search_term_string"}}],"inLanguage":"pt-BR"},{"@type":"Organization","@id":"https:\/\/www.weg.net\/weghome\/#organization","name":"WEG Home","url":"https:\/\/www.weg.net\/weghome\/","logo":{"@type":"ImageObject","inLanguage":"pt-BR","@id":"https:\/\/www.weg.net\/weghome\/#\/schema\/logo\/image\/","url":"https:\/\/www.weg.net\/weghome\/wp-content\/uploads\/2024\/09\/weg_logo.jpg","contentUrl":"https:\/\/www.weg.net\/weghome\/wp-content\/uploads\/2024\/09\/weg_logo.jpg","width":512,"height":512,"caption":"WEG Home"},"image":{"@id":"https:\/\/www.weg.net\/weghome\/#\/schema\/logo\/image\/"}},{"@type":"Person","@id":"https:\/\/www.weg.net\/weghome\/#\/schema\/person\/0094717c499858d78c38f7c2ad85cecd","name":"Woop","image":{"@type":"ImageObject","inLanguage":"pt-BR","@id":"https:\/\/secure.gravatar.com\/avatar\/7fc91b78c44ccaceb0589bb6a88f003d33a6e35f7c0b678dda6a41dcfcbea8ed?s=96&d=mm&r=g","url":"https:\/\/secure.gravatar.com\/avatar\/7fc91b78c44ccaceb0589bb6a88f003d33a6e35f7c0b678dda6a41dcfcbea8ed?s=96&d=mm&r=g","contentUrl":"https:\/\/secure.gravatar.com\/avatar\/7fc91b78c44ccaceb0589bb6a88f003d33a6e35f7c0b678dda6a41dcfcbea8ed?s=96&d=mm&r=g","caption":"Woop"},"url":"https:\/\/www.weg.net\/weghome\/author\/woop\/"}]}},"_links":{"self":[{"href":"https:\/\/www.weg.net\/weghome\/wp-json\/wp\/v2\/posts\/5903","targetHints":{"allow":["GET"]}}],"collection":[{"href":"https:\/\/www.weg.net\/weghome\/wp-json\/wp\/v2\/posts"}],"about":[{"href":"https:\/\/www.weg.net\/weghome\/wp-json\/wp\/v2\/types\/post"}],"author":[{"embeddable":true,"href":"https:\/\/www.weg.net\/weghome\/wp-json\/wp\/v2\/users\/3"}],"replies":[{"embeddable":true,"href":"https:\/\/www.weg.net\/weghome\/wp-json\/wp\/v2\/comments?post=5903"}],"version-history":[{"count":0,"href":"https:\/\/www.weg.net\/weghome\/wp-json\/wp\/v2\/posts\/5903\/revisions"}],"wp:featuredmedia":[{"embeddable":true,"href":"https:\/\/www.weg.net\/weghome\/wp-json\/wp\/v2\/media\/5910"}],"wp:attachment":[{"href":"https:\/\/www.weg.net\/weghome\/wp-json\/wp\/v2\/media?parent=5903"}],"wp:term":[{"taxonomy":"category","embeddable":true,"href":"https:\/\/www.weg.net\/weghome\/wp-json\/wp\/v2\/categories?post=5903"},{"taxonomy":"post_tag","embeddable":true,"href":"https:\/\/www.weg.net\/weghome\/wp-json\/wp\/v2\/tags?post=5903"}],"curies":[{"name":"wp","href":"https:\/\/api.w.org\/{rel}","templated":true}]}}