{"id":2378,"date":"2019-07-12T10:00:05","date_gmt":"2019-07-12T13:00:05","guid":{"rendered":"https:\/\/www.weg.net\/tomadas\/blog\/?p=2378"},"modified":"2019-07-12T10:00:05","modified_gmt":"2019-07-12T13:00:05","slug":"o-que-faz-um-arquiteto-por-aliqui-sodre","status":"publish","type":"post","link":"https:\/\/www.weg.net\/weghome\/blog\/arquitetura\/o-que-faz-um-arquiteto-por-aliqui-sodre\/","title":{"rendered":"O que faz um arquiteto, por \u00c1liqui Sodr\u00e9"},"content":{"rendered":"<p>Voc\u00ea sabe exatamente o que faz um arquiteto? Essa atividade envolve uma s\u00e9rie de fun\u00e7\u00f5es que podem acabar trazendo d\u00favidas a quem precisa contratar esses profissionais. De acordo com o Artigo 1\u00b0 da resolu\u00e7\u00e3o n\u00ba 21 do Conselho de Arquitetura e Urbanismo do Brasil (CAU-BR), \u201cos arquitetos e urbanistas constituem categoria uni profissional, de forma\u00e7\u00e3o generalista\u201d.<\/p>\n<p>Isso quer dizer que quem se forma e conquista um diploma em cursos de arquitetura e urbanismo das universidades brasileiras pode exercer v\u00e1rias atribui\u00e7\u00f5es dentro dessa \u00e1rea.\u00a0Entre elas, est\u00e3o as seguintes fun\u00e7\u00f5es:<\/p>\n<p><strong>I \u2013 supervis\u00e3o, coordena\u00e7\u00e3o, gest\u00e3o e orienta\u00e7\u00e3o t\u00e9cnica;<\/strong><\/p>\n<p><strong>II \u2013 coleta de dados, estudo, planejamento, projeto e especifica\u00e7\u00e3o;<\/strong><\/p>\n<p><strong>III \u2013 estudo de viabilidade t\u00e9cnica e ambiental;<\/strong><\/p>\n<p><strong>IV \u2013 assist\u00eancia t\u00e9cnica, assessoria e consultoria;<\/strong><\/p>\n<p><strong>V \u2013 dire\u00e7\u00e3o de obras e de servi\u00e7o t\u00e9cnico;<\/strong><\/p>\n<p><strong>VI \u2013 vistoria, per\u00edcia, avalia\u00e7\u00e3o, monitoramento, laudo, parecer t\u00e9cnico, auditoria e arbitragem;<\/strong><\/p>\n<p><strong>(\u2026)<\/strong><\/p>\n<p><strong>X \u2013 elabora\u00e7\u00e3o de or\u00e7amento;<\/strong><\/p>\n<p><strong>XII \u2013 execu\u00e7\u00e3o, fiscaliza\u00e7\u00e3o e condu\u00e7\u00e3o de obra, instala\u00e7\u00e3o e servi\u00e7o t\u00e9cnico.<\/strong><\/p>\n<p><img loading=\"lazy\" decoding=\"async\" class=\"alignnone size-full wp-image-2379\" src=\"https:\/\/www.weg.net\/tomadas\/blog\/wp-content\/uploads\/2019\/07\/o-que-faz-um-arquiteto-2.jpg\" alt=\"o-que-faz-um-arquiteto-2\" width=\"900\" height=\"406\" \/><\/p>\n<p>Entre os campos de atua\u00e7\u00e3o onde esses profissionais podem exercer tais fun\u00e7\u00f5es, de acordo com o artigo 2\u00ba da resolu\u00e7\u00e3o, est\u00e3o:<\/p>\n<p><strong>I \u2013 Arquitetura e Urbanismo, concep\u00e7\u00e3o e execu\u00e7\u00e3o de projetos;<\/strong><\/p>\n<p><strong>II \u2013 Arquitetura de Interiores, concep\u00e7\u00e3o e execu\u00e7\u00e3o de projetos;<\/strong><\/p>\n<p><strong>III \u2013 Arquitetura Paisag\u00edstica, concep\u00e7\u00e3o e execu\u00e7\u00e3o de projetos para espa\u00e7os externos, livres e abertos, privados ou p\u00fablicos, como parques e pra\u00e7as, considerados isoladamente ou em sistemas, dentro de v\u00e1rias escalas, inclusive a territorial;<\/strong><\/p>\n<p><strong>(\u2026)<\/strong><\/p>\n<p><strong>VIII \u2013 sistemas construtivos e estruturais, estruturas, desenvolvimento de estruturas e aplica\u00e7\u00e3o tecnol\u00f3gica de estruturas;<\/strong><\/p>\n<p><strong>X \u2013 Conforto Ambiental, t\u00e9cnicas referentes ao estabelecimento de condi\u00e7\u00f5es clim\u00e1ticas, ac\u00fasticas, lum\u00ednicas e ergon\u00f4micas, para a concep\u00e7\u00e3o, organiza\u00e7\u00e3o e constru\u00e7\u00e3o dos espa\u00e7os;<\/strong><\/p>\n<p><strong>XI \u2013 Meio Ambiente, estudo e avalia\u00e7\u00e3o dos impactos ambientais, licenciamento ambiental, utiliza\u00e7\u00e3o racional dos recursos dispon\u00edveis e desenvolvimento sustent\u00e1vel.<\/strong><\/p>\n<p>Como empreendedora e profissional da \u00e1rea, eu acredito que, apesar da forma\u00e7\u00e3o generalista, o arquiteto n\u00e3o deve atuar em todas elas, a menos que tenha, em seu escrit\u00f3rio, uma equipe capacitada com especialistas em cada campo.<\/p>\n<p>Isso porque, dentro de cada uma dessas \u00e1reas, existe uma infinidade de conhecimentos que devem ser dominados para que seja poss\u00edvel desenvolver um bom trabalho. Al\u00e9m disso, a tecnologia avan\u00e7a exponencialmente, fazendo com que os materiais, as t\u00e9cnicas, os conceitos, os pre\u00e7os e a legisla\u00e7\u00e3o mudem a cada dia.<\/p>\n<p>Se o profissional n\u00e3o acompanha essas mudan\u00e7as, se n\u00e3o est\u00e1 familiarizado com os processos que acontecem em cada um desses projetos (sejam residenciais, comerciais, corporativos, ou industriais) e, principalmente, se ele n\u00e3o est\u00e1 habituado ao ritmo de trabalho que cada um desses projetos demanda, o trabalho fica prejudicado e o preju\u00edzo quem leva \u00e9 o cliente.<\/p>\n<p><img loading=\"lazy\" decoding=\"async\" class=\"alignnone size-full wp-image-2380\" src=\"https:\/\/www.weg.net\/tomadas\/blog\/wp-content\/uploads\/2019\/07\/o-que-faz-um-arquiteto-3.jpg\" alt=\"o-que-faz-um-arquiteto-3\" width=\"900\" height=\"406\" \/><\/p>\n<p>Al\u00e9m de todos esses fatores, ainda podemos encontrar uma raz\u00e3o mais forte para acreditar na especializa\u00e7\u00e3o dos projetos. Cada cliente \u00e9 \u00fanico e cada um tem as suas ambi\u00e7\u00f5es, necessidades e prioridades, mas, muitas vezes, as pessoas n\u00e3o sabem o que faz um arquiteto e <strong>acabam contratando-o sem ter todas as respostas necess\u00e1rias<\/strong>, achando que \u00e9 o profissional \u00e9 que poder\u00e1 ajuda-lo.<\/p>\n<p>Um exemplo disso s\u00e3o os projetos comerciais de lojas de varejo. O fluxo de pessoas, a quantidade de caixas, a ilumina\u00e7\u00e3o, a quantidade de prateleiras e o tamanho do estoque, por exemplo, s\u00e3o alguns dos fatores que interferem na <strong>lucratividade<\/strong> do neg\u00f3cio.<\/p>\n<p>Por isso \u00e9 importante ter ao seu lado um arquiteto que domine todos os aspectos relevantes do neg\u00f3cio, para que ele possa contribuir com a sua expertise e transformar de forma consistente a vida de cada um de seus clientes.<\/p>\n<p><img loading=\"lazy\" decoding=\"async\" class=\"alignnone size-full wp-image-2381\" src=\"https:\/\/www.weg.net\/tomadas\/blog\/wp-content\/uploads\/2019\/07\/o-que-faz-um-arquiteto-4.jpg\" alt=\"o-que-faz-um-arquiteto-4\" width=\"900\" height=\"406\" \/><\/p>\n<p>Um bom escrit\u00f3rio \u00e9 capaz de compreender as necessidades do ser humano e dominar as t\u00e9cnicas existentes no mercado, acompanhando os lan\u00e7amentos de tecnologia, as novas tend\u00eancias de comportamento e o surgimento de cada material novo que possam servir para melhorar a vida dos usu\u00e1rios, acompanhando tamb\u00e9m pre\u00e7os, garantias, durabilidade e tudo aquilo que \u00e9 a preocupa\u00e7\u00e3o de cada um de n\u00f3s ao planejar os pr\u00f3ximos passos.<\/p>\n<p>S\u00f3 dessa forma \u00e9 poss\u00edvel concretizar sonhos sem tirar o olho do or\u00e7amento, mas garantindo um resultado superior.<\/p>\n<h3><strong>Autora<\/strong><\/h3>\n<p>A arquiteta \u00c1liqui Sodr\u00e9 \u00e9 CEO da Catabila Arquitetura Ltda. no Rio de Janeiro\/RJ, e tem vasta experi\u00eancia na \u00e1rea de projeto arquitet\u00f4nico, executivo e gerenciamento de obras. Conhe\u00e7a o\u00a0<a href=\"https:\/\/catabila.com.br\/\">site do seu escrit\u00f3rio<\/a>, e acompanhe suas atualiza\u00e7\u00f5es no\u00a0<a href=\"https:\/\/www.facebook.com\/CatabilaArquitetura\/\">Facebook<\/a>\u00a0e\u00a0<a href=\"https:\/\/www.instagram.com\/arquiteturacatabila\/\">Instagram<\/a>.<\/p>\n","protected":false},"excerpt":{"rendered":"<p>Voc\u00ea sabe exatamente o que faz um arquiteto? Essa atividade envolve uma s\u00e9rie de fun\u00e7\u00f5es que podem acabar trazendo d\u00favidas a quem precisa contratar esses profissionais.<\/p>\n","protected":false},"author":3,"featured_media":2382,"comment_status":"open","ping_status":"open","sticky":false,"template":"","format":"standard","meta":{"_acf_changed":false,"footnotes":""},"categories":[1],"tags":[211,1000,97,415,1039,105],"class_list":["post-2378","post","type-post","status-publish","format-standard","has-post-thumbnail","hentry","category-arquitetura","tag-arquiteto","tag-arquiteto-ou-engenheiro","tag-arquitetura","tag-arquitetura-e-construcao","tag-o-que-faz-um-arquiteto","tag-papo-profissional"],"acf":[],"yoast_head":"<!-- This site is optimized with the Yoast SEO plugin v27.5 - https:\/\/yoast.com\/product\/yoast-seo-wordpress\/ -->\n<title>O que faz um arquiteto, por \u00c1liqui Sodr\u00e9<\/title>\n<meta name=\"description\" content=\"Voc\u00ea sabe exatamente o que faz um arquiteto? Essa atividade envolve uma s\u00e9rie de fun\u00e7\u00f5es que podem acabar trazendo d\u00favidas a quem precisa contratar esses profissionais.\u201cOs arquitetos e urbanistas constituem categoria uni profissional, de forma\u00e7\u00e3o generalista\u201d.\" \/>\n<meta name=\"robots\" content=\"index, follow, max-snippet:-1, max-image-preview:large, max-video-preview:-1\" \/>\n<link rel=\"canonical\" href=\"https:\/\/www.weg.net\/weghome\/blog\/arquitetura\/o-que-faz-um-arquiteto-por-aliqui-sodre\/\" \/>\n<meta property=\"og:locale\" content=\"pt_BR\" \/>\n<meta property=\"og:type\" content=\"article\" \/>\n<meta property=\"og:title\" content=\"O que faz um arquiteto, por \u00c1liqui Sodr\u00e9\" \/>\n<meta property=\"og:description\" content=\"Voc\u00ea sabe exatamente o que faz um arquiteto? Essa atividade envolve uma s\u00e9rie de fun\u00e7\u00f5es que podem acabar trazendo d\u00favidas a quem precisa contratar esses profissionais.\u201cOs arquitetos e urbanistas constituem categoria uni profissional, de forma\u00e7\u00e3o generalista\u201d.\" \/>\n<meta property=\"og:url\" content=\"https:\/\/www.weg.net\/weghome\/blog\/arquitetura\/o-que-faz-um-arquiteto-por-aliqui-sodre\/\" \/>\n<meta property=\"og:site_name\" content=\"WEG Home\" \/>\n<meta property=\"article:published_time\" content=\"2019-07-12T13:00:05+00:00\" \/>\n<meta property=\"og:image\" content=\"https:\/\/www.weg.net\/weghome\/wp-content\/uploads\/2019\/07\/o-que-faz-um-arquiteto.jpg\" \/>\n\t<meta property=\"og:image:width\" content=\"1150\" \/>\n\t<meta property=\"og:image:height\" content=\"519\" \/>\n\t<meta property=\"og:image:type\" content=\"image\/jpeg\" \/>\n<meta name=\"author\" content=\"Woop\" \/>\n<meta name=\"twitter:card\" content=\"summary_large_image\" \/>\n<meta name=\"twitter:label1\" content=\"Escrito por\" \/>\n\t<meta name=\"twitter:data1\" content=\"Woop\" \/>\n\t<meta name=\"twitter:label2\" content=\"Est. tempo de leitura\" \/>\n\t<meta name=\"twitter:data2\" content=\"4 minutos\" \/>\n<script type=\"application\/ld+json\" class=\"yoast-schema-graph\">{\"@context\":\"https:\\\/\\\/schema.org\",\"@graph\":[{\"@type\":\"Article\",\"@id\":\"https:\\\/\\\/www.weg.net\\\/weghome\\\/blog\\\/arquitetura\\\/o-que-faz-um-arquiteto-por-aliqui-sodre\\\/#article\",\"isPartOf\":{\"@id\":\"https:\\\/\\\/www.weg.net\\\/weghome\\\/blog\\\/arquitetura\\\/o-que-faz-um-arquiteto-por-aliqui-sodre\\\/\"},\"author\":{\"name\":\"Woop\",\"@id\":\"https:\\\/\\\/www.weg.net\\\/weghome\\\/#\\\/schema\\\/person\\\/0094717c499858d78c38f7c2ad85cecd\"},\"headline\":\"O que faz um arquiteto, por \u00c1liqui Sodr\u00e9\",\"datePublished\":\"2019-07-12T13:00:05+00:00\",\"mainEntityOfPage\":{\"@id\":\"https:\\\/\\\/www.weg.net\\\/weghome\\\/blog\\\/arquitetura\\\/o-que-faz-um-arquiteto-por-aliqui-sodre\\\/\"},\"wordCount\":794,\"commentCount\":0,\"publisher\":{\"@id\":\"https:\\\/\\\/www.weg.net\\\/weghome\\\/#organization\"},\"image\":{\"@id\":\"https:\\\/\\\/www.weg.net\\\/weghome\\\/blog\\\/arquitetura\\\/o-que-faz-um-arquiteto-por-aliqui-sodre\\\/#primaryimage\"},\"thumbnailUrl\":\"https:\\\/\\\/www.weg.net\\\/weghome\\\/wp-content\\\/uploads\\\/2019\\\/07\\\/o-que-faz-um-arquiteto.jpg\",\"keywords\":[\"arquiteto\",\"arquiteto ou engenheiro\",\"arquitetura\",\"arquitetura e constru\u00e7\u00e3o\",\"o que faz um arquiteto\",\"papo profissional\"],\"articleSection\":[\"Arquitetura\"],\"inLanguage\":\"pt-BR\",\"potentialAction\":[{\"@type\":\"CommentAction\",\"name\":\"Comment\",\"target\":[\"https:\\\/\\\/www.weg.net\\\/weghome\\\/blog\\\/arquitetura\\\/o-que-faz-um-arquiteto-por-aliqui-sodre\\\/#respond\"]}]},{\"@type\":\"WebPage\",\"@id\":\"https:\\\/\\\/www.weg.net\\\/weghome\\\/blog\\\/arquitetura\\\/o-que-faz-um-arquiteto-por-aliqui-sodre\\\/\",\"url\":\"https:\\\/\\\/www.weg.net\\\/weghome\\\/blog\\\/arquitetura\\\/o-que-faz-um-arquiteto-por-aliqui-sodre\\\/\",\"name\":\"O que faz um arquiteto, por \u00c1liqui Sodr\u00e9\",\"isPartOf\":{\"@id\":\"https:\\\/\\\/www.weg.net\\\/weghome\\\/#website\"},\"primaryImageOfPage\":{\"@id\":\"https:\\\/\\\/www.weg.net\\\/weghome\\\/blog\\\/arquitetura\\\/o-que-faz-um-arquiteto-por-aliqui-sodre\\\/#primaryimage\"},\"image\":{\"@id\":\"https:\\\/\\\/www.weg.net\\\/weghome\\\/blog\\\/arquitetura\\\/o-que-faz-um-arquiteto-por-aliqui-sodre\\\/#primaryimage\"},\"thumbnailUrl\":\"https:\\\/\\\/www.weg.net\\\/weghome\\\/wp-content\\\/uploads\\\/2019\\\/07\\\/o-que-faz-um-arquiteto.jpg\",\"datePublished\":\"2019-07-12T13:00:05+00:00\",\"description\":\"Voc\u00ea sabe exatamente o que faz um arquiteto? Essa atividade envolve uma s\u00e9rie de fun\u00e7\u00f5es que podem acabar trazendo d\u00favidas a quem precisa contratar esses profissionais.\u201cOs arquitetos e urbanistas constituem categoria uni profissional, de forma\u00e7\u00e3o generalista\u201d.\",\"breadcrumb\":{\"@id\":\"https:\\\/\\\/www.weg.net\\\/weghome\\\/blog\\\/arquitetura\\\/o-que-faz-um-arquiteto-por-aliqui-sodre\\\/#breadcrumb\"},\"inLanguage\":\"pt-BR\",\"potentialAction\":[{\"@type\":\"ReadAction\",\"target\":[\"https:\\\/\\\/www.weg.net\\\/weghome\\\/blog\\\/arquitetura\\\/o-que-faz-um-arquiteto-por-aliqui-sodre\\\/\"]}]},{\"@type\":\"ImageObject\",\"inLanguage\":\"pt-BR\",\"@id\":\"https:\\\/\\\/www.weg.net\\\/weghome\\\/blog\\\/arquitetura\\\/o-que-faz-um-arquiteto-por-aliqui-sodre\\\/#primaryimage\",\"url\":\"https:\\\/\\\/www.weg.net\\\/weghome\\\/wp-content\\\/uploads\\\/2019\\\/07\\\/o-que-faz-um-arquiteto.jpg\",\"contentUrl\":\"https:\\\/\\\/www.weg.net\\\/weghome\\\/wp-content\\\/uploads\\\/2019\\\/07\\\/o-que-faz-um-arquiteto.jpg\",\"width\":1150,\"height\":519,\"caption\":\"o-que-faz-um-arquiteto\"},{\"@type\":\"BreadcrumbList\",\"@id\":\"https:\\\/\\\/www.weg.net\\\/weghome\\\/blog\\\/arquitetura\\\/o-que-faz-um-arquiteto-por-aliqui-sodre\\\/#breadcrumb\",\"itemListElement\":[{\"@type\":\"ListItem\",\"position\":1,\"name\":\"In\u00edcio\",\"item\":\"https:\\\/\\\/www.weg.net\\\/weghome\\\/\"},{\"@type\":\"ListItem\",\"position\":2,\"name\":\"O que faz um arquiteto, por \u00c1liqui Sodr\u00e9\"}]},{\"@type\":\"WebSite\",\"@id\":\"https:\\\/\\\/www.weg.net\\\/weghome\\\/#website\",\"url\":\"https:\\\/\\\/www.weg.net\\\/weghome\\\/\",\"name\":\"WEG Home\",\"description\":\"Casa Inteligente, Tomadas e Interruptores, Prote\u00e7\u00e3o El\u00e9trica, Seguran\u00e7a Eletr\u00f4nica\",\"publisher\":{\"@id\":\"https:\\\/\\\/www.weg.net\\\/weghome\\\/#organization\"},\"potentialAction\":[{\"@type\":\"SearchAction\",\"target\":{\"@type\":\"EntryPoint\",\"urlTemplate\":\"https:\\\/\\\/www.weg.net\\\/weghome\\\/?s={search_term_string}\"},\"query-input\":{\"@type\":\"PropertyValueSpecification\",\"valueRequired\":true,\"valueName\":\"search_term_string\"}}],\"inLanguage\":\"pt-BR\"},{\"@type\":\"Organization\",\"@id\":\"https:\\\/\\\/www.weg.net\\\/weghome\\\/#organization\",\"name\":\"WEG Home\",\"url\":\"https:\\\/\\\/www.weg.net\\\/weghome\\\/\",\"logo\":{\"@type\":\"ImageObject\",\"inLanguage\":\"pt-BR\",\"@id\":\"https:\\\/\\\/www.weg.net\\\/weghome\\\/#\\\/schema\\\/logo\\\/image\\\/\",\"url\":\"https:\\\/\\\/www.weg.net\\\/weghome\\\/wp-content\\\/uploads\\\/2024\\\/09\\\/weg_logo.jpg\",\"contentUrl\":\"https:\\\/\\\/www.weg.net\\\/weghome\\\/wp-content\\\/uploads\\\/2024\\\/09\\\/weg_logo.jpg\",\"width\":512,\"height\":512,\"caption\":\"WEG Home\"},\"image\":{\"@id\":\"https:\\\/\\\/www.weg.net\\\/weghome\\\/#\\\/schema\\\/logo\\\/image\\\/\"}},{\"@type\":\"Person\",\"@id\":\"https:\\\/\\\/www.weg.net\\\/weghome\\\/#\\\/schema\\\/person\\\/0094717c499858d78c38f7c2ad85cecd\",\"name\":\"Woop\",\"image\":{\"@type\":\"ImageObject\",\"inLanguage\":\"pt-BR\",\"@id\":\"https:\\\/\\\/secure.gravatar.com\\\/avatar\\\/7fc91b78c44ccaceb0589bb6a88f003d33a6e35f7c0b678dda6a41dcfcbea8ed?s=96&d=mm&r=g\",\"url\":\"https:\\\/\\\/secure.gravatar.com\\\/avatar\\\/7fc91b78c44ccaceb0589bb6a88f003d33a6e35f7c0b678dda6a41dcfcbea8ed?s=96&d=mm&r=g\",\"contentUrl\":\"https:\\\/\\\/secure.gravatar.com\\\/avatar\\\/7fc91b78c44ccaceb0589bb6a88f003d33a6e35f7c0b678dda6a41dcfcbea8ed?s=96&d=mm&r=g\",\"caption\":\"Woop\"},\"url\":\"https:\\\/\\\/www.weg.net\\\/weghome\\\/author\\\/woop\\\/\"}]}<\/script>\n<!-- \/ Yoast SEO plugin. -->","yoast_head_json":{"title":"O que faz um arquiteto, por \u00c1liqui Sodr\u00e9","description":"Voc\u00ea sabe exatamente o que faz um arquiteto? Essa atividade envolve uma s\u00e9rie de fun\u00e7\u00f5es que podem acabar trazendo d\u00favidas a quem precisa contratar esses profissionais.\u201cOs arquitetos e urbanistas constituem categoria uni profissional, de forma\u00e7\u00e3o generalista\u201d.","robots":{"index":"index","follow":"follow","max-snippet":"max-snippet:-1","max-image-preview":"max-image-preview:large","max-video-preview":"max-video-preview:-1"},"canonical":"https:\/\/www.weg.net\/weghome\/blog\/arquitetura\/o-que-faz-um-arquiteto-por-aliqui-sodre\/","og_locale":"pt_BR","og_type":"article","og_title":"O que faz um arquiteto, por \u00c1liqui Sodr\u00e9","og_description":"Voc\u00ea sabe exatamente o que faz um arquiteto? Essa atividade envolve uma s\u00e9rie de fun\u00e7\u00f5es que podem acabar trazendo d\u00favidas a quem precisa contratar esses profissionais.\u201cOs arquitetos e urbanistas constituem categoria uni profissional, de forma\u00e7\u00e3o generalista\u201d.","og_url":"https:\/\/www.weg.net\/weghome\/blog\/arquitetura\/o-que-faz-um-arquiteto-por-aliqui-sodre\/","og_site_name":"WEG Home","article_published_time":"2019-07-12T13:00:05+00:00","og_image":[{"width":1150,"height":519,"url":"https:\/\/www.weg.net\/weghome\/wp-content\/uploads\/2019\/07\/o-que-faz-um-arquiteto.jpg","type":"image\/jpeg"}],"author":"Woop","twitter_card":"summary_large_image","twitter_misc":{"Escrito por":"Woop","Est. tempo de leitura":"4 minutos"},"schema":{"@context":"https:\/\/schema.org","@graph":[{"@type":"Article","@id":"https:\/\/www.weg.net\/weghome\/blog\/arquitetura\/o-que-faz-um-arquiteto-por-aliqui-sodre\/#article","isPartOf":{"@id":"https:\/\/www.weg.net\/weghome\/blog\/arquitetura\/o-que-faz-um-arquiteto-por-aliqui-sodre\/"},"author":{"name":"Woop","@id":"https:\/\/www.weg.net\/weghome\/#\/schema\/person\/0094717c499858d78c38f7c2ad85cecd"},"headline":"O que faz um arquiteto, por \u00c1liqui Sodr\u00e9","datePublished":"2019-07-12T13:00:05+00:00","mainEntityOfPage":{"@id":"https:\/\/www.weg.net\/weghome\/blog\/arquitetura\/o-que-faz-um-arquiteto-por-aliqui-sodre\/"},"wordCount":794,"commentCount":0,"publisher":{"@id":"https:\/\/www.weg.net\/weghome\/#organization"},"image":{"@id":"https:\/\/www.weg.net\/weghome\/blog\/arquitetura\/o-que-faz-um-arquiteto-por-aliqui-sodre\/#primaryimage"},"thumbnailUrl":"https:\/\/www.weg.net\/weghome\/wp-content\/uploads\/2019\/07\/o-que-faz-um-arquiteto.jpg","keywords":["arquiteto","arquiteto ou engenheiro","arquitetura","arquitetura e constru\u00e7\u00e3o","o que faz um arquiteto","papo profissional"],"articleSection":["Arquitetura"],"inLanguage":"pt-BR","potentialAction":[{"@type":"CommentAction","name":"Comment","target":["https:\/\/www.weg.net\/weghome\/blog\/arquitetura\/o-que-faz-um-arquiteto-por-aliqui-sodre\/#respond"]}]},{"@type":"WebPage","@id":"https:\/\/www.weg.net\/weghome\/blog\/arquitetura\/o-que-faz-um-arquiteto-por-aliqui-sodre\/","url":"https:\/\/www.weg.net\/weghome\/blog\/arquitetura\/o-que-faz-um-arquiteto-por-aliqui-sodre\/","name":"O que faz um arquiteto, por \u00c1liqui Sodr\u00e9","isPartOf":{"@id":"https:\/\/www.weg.net\/weghome\/#website"},"primaryImageOfPage":{"@id":"https:\/\/www.weg.net\/weghome\/blog\/arquitetura\/o-que-faz-um-arquiteto-por-aliqui-sodre\/#primaryimage"},"image":{"@id":"https:\/\/www.weg.net\/weghome\/blog\/arquitetura\/o-que-faz-um-arquiteto-por-aliqui-sodre\/#primaryimage"},"thumbnailUrl":"https:\/\/www.weg.net\/weghome\/wp-content\/uploads\/2019\/07\/o-que-faz-um-arquiteto.jpg","datePublished":"2019-07-12T13:00:05+00:00","description":"Voc\u00ea sabe exatamente o que faz um arquiteto? Essa atividade envolve uma s\u00e9rie de fun\u00e7\u00f5es que podem acabar trazendo d\u00favidas a quem precisa contratar esses profissionais.\u201cOs arquitetos e urbanistas constituem categoria uni profissional, de forma\u00e7\u00e3o generalista\u201d.","breadcrumb":{"@id":"https:\/\/www.weg.net\/weghome\/blog\/arquitetura\/o-que-faz-um-arquiteto-por-aliqui-sodre\/#breadcrumb"},"inLanguage":"pt-BR","potentialAction":[{"@type":"ReadAction","target":["https:\/\/www.weg.net\/weghome\/blog\/arquitetura\/o-que-faz-um-arquiteto-por-aliqui-sodre\/"]}]},{"@type":"ImageObject","inLanguage":"pt-BR","@id":"https:\/\/www.weg.net\/weghome\/blog\/arquitetura\/o-que-faz-um-arquiteto-por-aliqui-sodre\/#primaryimage","url":"https:\/\/www.weg.net\/weghome\/wp-content\/uploads\/2019\/07\/o-que-faz-um-arquiteto.jpg","contentUrl":"https:\/\/www.weg.net\/weghome\/wp-content\/uploads\/2019\/07\/o-que-faz-um-arquiteto.jpg","width":1150,"height":519,"caption":"o-que-faz-um-arquiteto"},{"@type":"BreadcrumbList","@id":"https:\/\/www.weg.net\/weghome\/blog\/arquitetura\/o-que-faz-um-arquiteto-por-aliqui-sodre\/#breadcrumb","itemListElement":[{"@type":"ListItem","position":1,"name":"In\u00edcio","item":"https:\/\/www.weg.net\/weghome\/"},{"@type":"ListItem","position":2,"name":"O que faz um arquiteto, por \u00c1liqui Sodr\u00e9"}]},{"@type":"WebSite","@id":"https:\/\/www.weg.net\/weghome\/#website","url":"https:\/\/www.weg.net\/weghome\/","name":"WEG Home","description":"Casa Inteligente, Tomadas e Interruptores, Prote\u00e7\u00e3o El\u00e9trica, Seguran\u00e7a Eletr\u00f4nica","publisher":{"@id":"https:\/\/www.weg.net\/weghome\/#organization"},"potentialAction":[{"@type":"SearchAction","target":{"@type":"EntryPoint","urlTemplate":"https:\/\/www.weg.net\/weghome\/?s={search_term_string}"},"query-input":{"@type":"PropertyValueSpecification","valueRequired":true,"valueName":"search_term_string"}}],"inLanguage":"pt-BR"},{"@type":"Organization","@id":"https:\/\/www.weg.net\/weghome\/#organization","name":"WEG Home","url":"https:\/\/www.weg.net\/weghome\/","logo":{"@type":"ImageObject","inLanguage":"pt-BR","@id":"https:\/\/www.weg.net\/weghome\/#\/schema\/logo\/image\/","url":"https:\/\/www.weg.net\/weghome\/wp-content\/uploads\/2024\/09\/weg_logo.jpg","contentUrl":"https:\/\/www.weg.net\/weghome\/wp-content\/uploads\/2024\/09\/weg_logo.jpg","width":512,"height":512,"caption":"WEG Home"},"image":{"@id":"https:\/\/www.weg.net\/weghome\/#\/schema\/logo\/image\/"}},{"@type":"Person","@id":"https:\/\/www.weg.net\/weghome\/#\/schema\/person\/0094717c499858d78c38f7c2ad85cecd","name":"Woop","image":{"@type":"ImageObject","inLanguage":"pt-BR","@id":"https:\/\/secure.gravatar.com\/avatar\/7fc91b78c44ccaceb0589bb6a88f003d33a6e35f7c0b678dda6a41dcfcbea8ed?s=96&d=mm&r=g","url":"https:\/\/secure.gravatar.com\/avatar\/7fc91b78c44ccaceb0589bb6a88f003d33a6e35f7c0b678dda6a41dcfcbea8ed?s=96&d=mm&r=g","contentUrl":"https:\/\/secure.gravatar.com\/avatar\/7fc91b78c44ccaceb0589bb6a88f003d33a6e35f7c0b678dda6a41dcfcbea8ed?s=96&d=mm&r=g","caption":"Woop"},"url":"https:\/\/www.weg.net\/weghome\/author\/woop\/"}]}},"_links":{"self":[{"href":"https:\/\/www.weg.net\/weghome\/wp-json\/wp\/v2\/posts\/2378","targetHints":{"allow":["GET"]}}],"collection":[{"href":"https:\/\/www.weg.net\/weghome\/wp-json\/wp\/v2\/posts"}],"about":[{"href":"https:\/\/www.weg.net\/weghome\/wp-json\/wp\/v2\/types\/post"}],"author":[{"embeddable":true,"href":"https:\/\/www.weg.net\/weghome\/wp-json\/wp\/v2\/users\/3"}],"replies":[{"embeddable":true,"href":"https:\/\/www.weg.net\/weghome\/wp-json\/wp\/v2\/comments?post=2378"}],"version-history":[{"count":0,"href":"https:\/\/www.weg.net\/weghome\/wp-json\/wp\/v2\/posts\/2378\/revisions"}],"wp:featuredmedia":[{"embeddable":true,"href":"https:\/\/www.weg.net\/weghome\/wp-json\/wp\/v2\/media\/2382"}],"wp:attachment":[{"href":"https:\/\/www.weg.net\/weghome\/wp-json\/wp\/v2\/media?parent=2378"}],"wp:term":[{"taxonomy":"category","embeddable":true,"href":"https:\/\/www.weg.net\/weghome\/wp-json\/wp\/v2\/categories?post=2378"},{"taxonomy":"post_tag","embeddable":true,"href":"https:\/\/www.weg.net\/weghome\/wp-json\/wp\/v2\/tags?post=2378"}],"curies":[{"name":"wp","href":"https:\/\/api.w.org\/{rel}","templated":true}]}}