{"id":2296,"date":"2019-06-28T10:00:12","date_gmt":"2019-06-28T13:00:12","guid":{"rendered":"https:\/\/www.weg.net\/tomadas\/blog\/?p=2296"},"modified":"2019-06-28T10:00:12","modified_gmt":"2019-06-28T13:00:12","slug":"ambientes-instagramaveis-por-ana-paula-teixer","status":"publish","type":"post","link":"https:\/\/www.weg.net\/weghome\/blog\/arquitetura\/ambientes-instagramaveis-por-ana-paula-teixer\/","title":{"rendered":"Ambientes Instagram\u00e1veis por Ana Paula Teixer"},"content":{"rendered":"<p>O termo instagram\u00e1vel n\u00e3o existe no dicion\u00e1rio da l\u00edngua portuguesa, mas, como voc\u00ea deve imaginar, ele est\u00e1 relacionado a um dos aplicativos mais queridos pelos usu\u00e1rios digitais do momento: o Instagram.<\/p>\n<p>Ambientes instagram\u00e1veis s\u00e3o nada mais, nada menos, do que ambientes decorados e interessantes visualmente, que despertam nas pessoas o desejo de fazer fotos bonitas e compartilh\u00e1-las na rede social.<\/p>\n<p>N\u00e3o \u00e9 incomum voc\u00ea ir a uma exposi\u00e7\u00e3o, show, shopping ou at\u00e9 mesmo uma festa de casamento ou anivers\u00e1rio e se deparar com espa\u00e7os especialmente criados para que voc\u00ea possa tirar fotos incr\u00edveis. Afinal, todo mundo vai querer compartilhar aquele momento \u2013 e se for em um cen\u00e1rio pensado para isso, melhor ainda!<\/p>\n<h3><strong>Espalhando por a\u00ed<\/strong><\/h3>\n<p>Para as empresas, proporcionar essa experi\u00eancia \u201cinstagram\u00e1vel\u201d vai muito al\u00e9m de \u201cmimar\u201d o cliente. A inten\u00e7\u00e3o \u00e9 chamar a aten\u00e7\u00e3o, interagir, engajar, criar um v\u00ednculo e, claro, viralizar nas redes sociais, afinal quanto maior o n\u00famero de pessoas fotografando e compartilhando o seu ambiente, mais a marca estar\u00e1 sendo divulgada.<\/p>\n<p>\u201cPessoas influenciam pessoas. Nada influencia mais do que a recomenda\u00e7\u00e3o de um amigo\u201d \u2013 Mark Zuckerberg, CEO do Facebook, sobre o marketing boca a boca.<\/p>\n<h3><strong>De olho nos instagram\u00e1veis<\/strong><\/h3>\n<p>Nos Estados Unidos, esses ambientes j\u00e1 s\u00e3o bastante comuns em lojas, que oferecem uma experi\u00eancia \u00fanica, divertida e com engajamento no universo online.<\/p>\n<p>Em Miami, o Museu do Sorvete (Museum of Ice Cream), fechado recentemente, foi projetado com este conceito, contando a hist\u00f3ria do sorvete em um passeio por ambientes lindos e interativos, estimulando o registro em fotos e seu compartilhamento.<\/p>\n<p><img loading=\"lazy\" decoding=\"async\" class=\"alignnone wp-image-2303\" src=\"https:\/\/www.weg.net\/tomadas\/blog\/wp-content\/uploads\/2019\/05\/Ambientes-Instagram\u00e1veis-2.jpg\" alt=\"Ambientes-Instagram\u00e1veis-2\" width=\"1295\" height=\"828\" \/><br \/>\nFonte: globetrender.com<\/p>\n<p><img loading=\"lazy\" decoding=\"async\" class=\"alignnone wp-image-2304\" src=\"https:\/\/www.weg.net\/tomadas\/blog\/wp-content\/uploads\/2019\/05\/Ambientes-Instagram\u00e1veis-3.jpg\" alt=\"Ambientes-Instagram\u00e1veis-3\" width=\"1300\" height=\"831\" \/><br \/>\nFonte: globetrender.com<\/p>\n<p>No Rio de Janeiro, o <a href=\"https:\/\/www.youtube.com\/intl\/pt-BR\/yt\/space\/rio\/\">Youtube Space<\/a> chama a aten\u00e7\u00e3o pelos ambientes decorados e super descolados, que rendem \u00f3timas fotos e v\u00eddeos.<\/p>\n<p><img loading=\"lazy\" decoding=\"async\" class=\"alignnone wp-image-2305\" src=\"https:\/\/www.weg.net\/tomadas\/blog\/wp-content\/uploads\/2019\/05\/Ambientes-Instagram\u00e1veis-4.jpg\" alt=\"Ambientes-Instagram\u00e1veis-4\" width=\"1301\" height=\"867\" \/><br \/>\nFonte: brasil.googleblog.com<\/p>\n<p>J\u00e1 em S\u00e3o Paulo, locais como o <a href=\"https:\/\/www.instagram.com\/funcast.me\/?hl=pt-br\">@funcast.me<\/a> recebe visitantes que querem produzir conte\u00fado para redes sociais aproveitando os 25 cen\u00e1rios interativos. Para entrar, basta adquirir um ingresso que varia de acordo com o tempo que voc\u00ea quer ficar por l\u00e1.<\/p>\n<p><img loading=\"lazy\" decoding=\"async\" class=\"alignnone size-full wp-image-2298\" src=\"https:\/\/www.weg.net\/tomadas\/blog\/wp-content\/uploads\/2019\/05\/Ambientes-Instagram\u00e1veis-5.jpg\" alt=\"Ambientes-Instagram\u00e1veis-5\" width=\"1299\" height=\"662\" \/><br \/>\nFonte: funcast.com.br<\/p>\n<h3><strong>Arquitetura e Design<\/strong><\/h3>\n<p>Em mar\u00e7o, aconteceu em S\u00e3o Paulo a <a href=\"https:\/\/www.exporevestir.com.br\/\">Expo Revestir<\/a>, feira do ramo de arquitetura e design, onde empresas do segmento apresentam seus lan\u00e7amentos, ditam as tend\u00eancias, trocam experi\u00eancias e geram novos neg\u00f3cios.<\/p>\n<p><img loading=\"lazy\" decoding=\"async\" class=\"alignnone size-full wp-image-2299\" src=\"https:\/\/www.weg.net\/tomadas\/blog\/wp-content\/uploads\/2019\/05\/Ambientes-Instagram\u00e1veis-6.jpg\" alt=\"Ambientes-Instagram\u00e1veis-6\" width=\"938\" height=\"696\" \/><\/p>\n<p>A onda dos ambientes instagram\u00e1veis estava inserida em v\u00e1rios stands do evento, o que fazia com que as empresas chamassem mais aten\u00e7\u00e3o.<\/p>\n<p>A briga por espa\u00e7o n\u00e3o era simplesmente para tocar, conhecer ou ver de perto o produto exposto, mas tamb\u00e9m para esperar o momento certo para fazer a foto perfeita.<\/p>\n<p><img loading=\"lazy\" decoding=\"async\" class=\"alignnone size-full wp-image-2300\" src=\"https:\/\/www.weg.net\/tomadas\/blog\/wp-content\/uploads\/2019\/05\/Ambientes-Instagram\u00e1veis-7.jpg\" alt=\"Ambientes-Instagram\u00e1veis-7\" width=\"886\" height=\"879\" \/><\/p>\n<h3><strong>Segundas inten\u00e7\u00f5es \u2013 ou n\u00e3o<\/strong><\/h3>\n<p>Se voc\u00ea quiser dar um up na decora\u00e7\u00e3o da sua casa, \u00e9 poss\u00edvel criar cantinhos instagram\u00e1veis nela tamb\u00e9m. Experimente posicionar uma poltrona ao lado de uma lumin\u00e1ria com design bonito ou decorar uma parede com algo diferenciado. Depois, \u00e9 s\u00f3 procurar o \u00e2ngulo perfeito, clicar e postar!<\/p>\n<p><img loading=\"lazy\" decoding=\"async\" class=\"alignnone size-full wp-image-2301\" src=\"https:\/\/www.weg.net\/tomadas\/blog\/wp-content\/uploads\/2019\/05\/Ambientes-Instagram\u00e1veis-8.jpg\" alt=\"Ambientes-Instagram\u00e1veis-8\" width=\"474\" height=\"361\" \/><\/p>\n<p>Em uma \u00e9poca onde a experi\u00eancia tem tanto \u2013 ou at\u00e9 mais valor do que o produto, vale a pena pensar se voc\u00ea tamb\u00e9m vai querer surfar essa onda, e como ela pode ser ben\u00e9fica para a sua empresa ou marca.<\/p>\n<p><img loading=\"lazy\" decoding=\"async\" class=\"alignnone size-full wp-image-2302\" src=\"https:\/\/www.weg.net\/tomadas\/blog\/wp-content\/uploads\/2019\/05\/Ambientes-Instagram\u00e1veis-9.jpg\" alt=\"Ambientes-Instagram\u00e1veis-9\" width=\"900\" height=\"526\" \/><\/p>\n<h3><strong>Autora<\/strong><\/h3>\n<p>Ana Paula Teixer \u00e9 arquiteta e urbanista formada pela Universidade Nove de Julho, em S\u00e3o Paulo. J\u00e1 trabalhou com importantes escrit\u00f3rios de design de consumo na \u00e1rea de cenografia e projetos para food service. Atualmente, \u00e9 diretora da <a href=\"https:\/\/www.duetss.com\">Duetss Arquitetura &amp; Design<\/a>, com especialidade em projetos de interiores residenciais, comerciais e coorporativos.<\/p>\n<h4><span style=\"color: #0000ff;\"><strong>Instagram:\u00a0<a style=\"color: #0000ff;\" href=\"https:\/\/www.instagram.com\/duetssarquitetura\/?hl=pt-br\">@duetssarquitetura<\/a><\/strong><\/span><\/h4>\n<h4><span style=\"color: #0000ff;\"><strong>Facebook: <a style=\"color: #0000ff;\" href=\"https:\/\/www.facebook.com\/anapaula.teixeira.9828\">@anapaulateixerarquitetura<\/a><\/strong><\/span><\/h4>\n<h4><span style=\"color: #0000ff;\"><strong>Linkedin:\u00a0<a style=\"color: #0000ff;\" href=\"https:\/\/www.facebook.com\/anapaula.teixeira.9828\">@anapaulateixer<\/a><\/strong><\/span><\/h4>\n","protected":false},"excerpt":{"rendered":"<p>O termo instagram\u00e1vel n\u00e3o existe no dicion\u00e1rio da l\u00edngua portuguesa, mas, como voc\u00ea deve imaginar, ele est\u00e1 relacionado a um dos aplicativos mais queridos pelos usu\u00e1rios digitais do momento: o Instagram.<\/p>\n","protected":false},"author":3,"featured_media":2297,"comment_status":"open","ping_status":"open","sticky":false,"template":"","format":"standard","meta":{"_acf_changed":false,"footnotes":""},"categories":[1],"tags":[1035,111,481,634,642,105],"class_list":["post-2296","post","type-post","status-publish","format-standard","has-post-thumbnail","hentry","category-arquitetura","tag-ambientes-instagramaveis","tag-decoracao","tag-decoracao-ambiente","tag-decoracao-de-ambientes","tag-dicas-de-decoracao","tag-papo-profissional"],"acf":[],"yoast_head":"<!-- This site is optimized with the Yoast SEO plugin v27.5 - https:\/\/yoast.com\/product\/yoast-seo-wordpress\/ -->\n<title>Ambientes Instagram\u00e1veis por Ana Paula Teixer<\/title>\n<meta name=\"description\" content=\"O termo instagram\u00e1vel n\u00e3o existe no dicion\u00e1rio da l\u00edngua portuguesa, mas, como voc\u00ea deve imaginar, ele est\u00e1 relacionado a um dos aplicativos mais queridos pelos usu\u00e1rios digitais do momento: o Instagram. Ambientes instagram\u00e1veis s\u00e3o nada mais, nada menos, do que ambientes decorados e interessantes visualmente...\" \/>\n<meta name=\"robots\" content=\"index, follow, max-snippet:-1, max-image-preview:large, max-video-preview:-1\" \/>\n<link rel=\"canonical\" href=\"https:\/\/www.weg.net\/weghome\/blog\/arquitetura\/ambientes-instagramaveis-por-ana-paula-teixer\/\" \/>\n<meta property=\"og:locale\" content=\"pt_BR\" \/>\n<meta property=\"og:type\" content=\"article\" \/>\n<meta property=\"og:title\" content=\"Ambientes Instagram\u00e1veis por Ana Paula Teixer\" \/>\n<meta property=\"og:description\" content=\"O termo instagram\u00e1vel n\u00e3o existe no dicion\u00e1rio da l\u00edngua portuguesa, mas, como voc\u00ea deve imaginar, ele est\u00e1 relacionado a um dos aplicativos mais queridos pelos usu\u00e1rios digitais do momento: o Instagram. Ambientes instagram\u00e1veis s\u00e3o nada mais, nada menos, do que ambientes decorados e interessantes visualmente...\" \/>\n<meta property=\"og:url\" content=\"https:\/\/www.weg.net\/weghome\/blog\/arquitetura\/ambientes-instagramaveis-por-ana-paula-teixer\/\" \/>\n<meta property=\"og:site_name\" content=\"WEG Home\" \/>\n<meta property=\"article:published_time\" content=\"2019-06-28T13:00:12+00:00\" \/>\n<meta property=\"og:image\" content=\"https:\/\/www.weg.net\/weghome\/wp-content\/uploads\/2019\/05\/ambientes-instagramaveis.jpg\" \/>\n\t<meta property=\"og:image:width\" content=\"1150\" \/>\n\t<meta property=\"og:image:height\" content=\"519\" \/>\n\t<meta property=\"og:image:type\" content=\"image\/jpeg\" \/>\n<meta name=\"author\" content=\"Woop\" \/>\n<meta name=\"twitter:card\" content=\"summary_large_image\" \/>\n<meta name=\"twitter:label1\" content=\"Escrito por\" \/>\n\t<meta name=\"twitter:data1\" content=\"Woop\" \/>\n\t<meta name=\"twitter:label2\" content=\"Est. tempo de leitura\" \/>\n\t<meta name=\"twitter:data2\" content=\"3 minutos\" \/>\n<script type=\"application\/ld+json\" class=\"yoast-schema-graph\">{\"@context\":\"https:\\\/\\\/schema.org\",\"@graph\":[{\"@type\":\"Article\",\"@id\":\"https:\\\/\\\/www.weg.net\\\/weghome\\\/blog\\\/arquitetura\\\/ambientes-instagramaveis-por-ana-paula-teixer\\\/#article\",\"isPartOf\":{\"@id\":\"https:\\\/\\\/www.weg.net\\\/weghome\\\/blog\\\/arquitetura\\\/ambientes-instagramaveis-por-ana-paula-teixer\\\/\"},\"author\":{\"name\":\"Woop\",\"@id\":\"https:\\\/\\\/www.weg.net\\\/weghome\\\/#\\\/schema\\\/person\\\/0094717c499858d78c38f7c2ad85cecd\"},\"headline\":\"Ambientes Instagram\u00e1veis por Ana Paula Teixer\",\"datePublished\":\"2019-06-28T13:00:12+00:00\",\"mainEntityOfPage\":{\"@id\":\"https:\\\/\\\/www.weg.net\\\/weghome\\\/blog\\\/arquitetura\\\/ambientes-instagramaveis-por-ana-paula-teixer\\\/\"},\"wordCount\":623,\"commentCount\":0,\"publisher\":{\"@id\":\"https:\\\/\\\/www.weg.net\\\/weghome\\\/#organization\"},\"image\":{\"@id\":\"https:\\\/\\\/www.weg.net\\\/weghome\\\/blog\\\/arquitetura\\\/ambientes-instagramaveis-por-ana-paula-teixer\\\/#primaryimage\"},\"thumbnailUrl\":\"https:\\\/\\\/www.weg.net\\\/weghome\\\/wp-content\\\/uploads\\\/2019\\\/05\\\/ambientes-instagramaveis.jpg\",\"keywords\":[\"Ambientes Instagram\u00e1veis\",\"decora\u00e7\u00e3o\",\"decora\u00e7\u00e3o ambiente\",\"decora\u00e7\u00e3o de ambientes\",\"dicas de decora\u00e7\u00e3o\",\"papo profissional\"],\"articleSection\":[\"Arquitetura\"],\"inLanguage\":\"pt-BR\",\"potentialAction\":[{\"@type\":\"CommentAction\",\"name\":\"Comment\",\"target\":[\"https:\\\/\\\/www.weg.net\\\/weghome\\\/blog\\\/arquitetura\\\/ambientes-instagramaveis-por-ana-paula-teixer\\\/#respond\"]}]},{\"@type\":\"WebPage\",\"@id\":\"https:\\\/\\\/www.weg.net\\\/weghome\\\/blog\\\/arquitetura\\\/ambientes-instagramaveis-por-ana-paula-teixer\\\/\",\"url\":\"https:\\\/\\\/www.weg.net\\\/weghome\\\/blog\\\/arquitetura\\\/ambientes-instagramaveis-por-ana-paula-teixer\\\/\",\"name\":\"Ambientes Instagram\u00e1veis por Ana Paula Teixer\",\"isPartOf\":{\"@id\":\"https:\\\/\\\/www.weg.net\\\/weghome\\\/#website\"},\"primaryImageOfPage\":{\"@id\":\"https:\\\/\\\/www.weg.net\\\/weghome\\\/blog\\\/arquitetura\\\/ambientes-instagramaveis-por-ana-paula-teixer\\\/#primaryimage\"},\"image\":{\"@id\":\"https:\\\/\\\/www.weg.net\\\/weghome\\\/blog\\\/arquitetura\\\/ambientes-instagramaveis-por-ana-paula-teixer\\\/#primaryimage\"},\"thumbnailUrl\":\"https:\\\/\\\/www.weg.net\\\/weghome\\\/wp-content\\\/uploads\\\/2019\\\/05\\\/ambientes-instagramaveis.jpg\",\"datePublished\":\"2019-06-28T13:00:12+00:00\",\"description\":\"O termo instagram\u00e1vel n\u00e3o existe no dicion\u00e1rio da l\u00edngua portuguesa, mas, como voc\u00ea deve imaginar, ele est\u00e1 relacionado a um dos aplicativos mais queridos pelos usu\u00e1rios digitais do momento: o Instagram. Ambientes instagram\u00e1veis s\u00e3o nada mais, nada menos, do que ambientes decorados e interessantes visualmente...\",\"breadcrumb\":{\"@id\":\"https:\\\/\\\/www.weg.net\\\/weghome\\\/blog\\\/arquitetura\\\/ambientes-instagramaveis-por-ana-paula-teixer\\\/#breadcrumb\"},\"inLanguage\":\"pt-BR\",\"potentialAction\":[{\"@type\":\"ReadAction\",\"target\":[\"https:\\\/\\\/www.weg.net\\\/weghome\\\/blog\\\/arquitetura\\\/ambientes-instagramaveis-por-ana-paula-teixer\\\/\"]}]},{\"@type\":\"ImageObject\",\"inLanguage\":\"pt-BR\",\"@id\":\"https:\\\/\\\/www.weg.net\\\/weghome\\\/blog\\\/arquitetura\\\/ambientes-instagramaveis-por-ana-paula-teixer\\\/#primaryimage\",\"url\":\"https:\\\/\\\/www.weg.net\\\/weghome\\\/wp-content\\\/uploads\\\/2019\\\/05\\\/ambientes-instagramaveis.jpg\",\"contentUrl\":\"https:\\\/\\\/www.weg.net\\\/weghome\\\/wp-content\\\/uploads\\\/2019\\\/05\\\/ambientes-instagramaveis.jpg\",\"width\":1150,\"height\":519},{\"@type\":\"BreadcrumbList\",\"@id\":\"https:\\\/\\\/www.weg.net\\\/weghome\\\/blog\\\/arquitetura\\\/ambientes-instagramaveis-por-ana-paula-teixer\\\/#breadcrumb\",\"itemListElement\":[{\"@type\":\"ListItem\",\"position\":1,\"name\":\"In\u00edcio\",\"item\":\"https:\\\/\\\/www.weg.net\\\/weghome\\\/\"},{\"@type\":\"ListItem\",\"position\":2,\"name\":\"Ambientes Instagram\u00e1veis por Ana Paula Teixer\"}]},{\"@type\":\"WebSite\",\"@id\":\"https:\\\/\\\/www.weg.net\\\/weghome\\\/#website\",\"url\":\"https:\\\/\\\/www.weg.net\\\/weghome\\\/\",\"name\":\"WEG Home\",\"description\":\"Casa Inteligente, Tomadas e Interruptores, Prote\u00e7\u00e3o El\u00e9trica, Seguran\u00e7a Eletr\u00f4nica\",\"publisher\":{\"@id\":\"https:\\\/\\\/www.weg.net\\\/weghome\\\/#organization\"},\"potentialAction\":[{\"@type\":\"SearchAction\",\"target\":{\"@type\":\"EntryPoint\",\"urlTemplate\":\"https:\\\/\\\/www.weg.net\\\/weghome\\\/?s={search_term_string}\"},\"query-input\":{\"@type\":\"PropertyValueSpecification\",\"valueRequired\":true,\"valueName\":\"search_term_string\"}}],\"inLanguage\":\"pt-BR\"},{\"@type\":\"Organization\",\"@id\":\"https:\\\/\\\/www.weg.net\\\/weghome\\\/#organization\",\"name\":\"WEG Home\",\"url\":\"https:\\\/\\\/www.weg.net\\\/weghome\\\/\",\"logo\":{\"@type\":\"ImageObject\",\"inLanguage\":\"pt-BR\",\"@id\":\"https:\\\/\\\/www.weg.net\\\/weghome\\\/#\\\/schema\\\/logo\\\/image\\\/\",\"url\":\"https:\\\/\\\/www.weg.net\\\/weghome\\\/wp-content\\\/uploads\\\/2024\\\/09\\\/weg_logo.jpg\",\"contentUrl\":\"https:\\\/\\\/www.weg.net\\\/weghome\\\/wp-content\\\/uploads\\\/2024\\\/09\\\/weg_logo.jpg\",\"width\":512,\"height\":512,\"caption\":\"WEG Home\"},\"image\":{\"@id\":\"https:\\\/\\\/www.weg.net\\\/weghome\\\/#\\\/schema\\\/logo\\\/image\\\/\"}},{\"@type\":\"Person\",\"@id\":\"https:\\\/\\\/www.weg.net\\\/weghome\\\/#\\\/schema\\\/person\\\/0094717c499858d78c38f7c2ad85cecd\",\"name\":\"Woop\",\"image\":{\"@type\":\"ImageObject\",\"inLanguage\":\"pt-BR\",\"@id\":\"https:\\\/\\\/secure.gravatar.com\\\/avatar\\\/7fc91b78c44ccaceb0589bb6a88f003d33a6e35f7c0b678dda6a41dcfcbea8ed?s=96&d=mm&r=g\",\"url\":\"https:\\\/\\\/secure.gravatar.com\\\/avatar\\\/7fc91b78c44ccaceb0589bb6a88f003d33a6e35f7c0b678dda6a41dcfcbea8ed?s=96&d=mm&r=g\",\"contentUrl\":\"https:\\\/\\\/secure.gravatar.com\\\/avatar\\\/7fc91b78c44ccaceb0589bb6a88f003d33a6e35f7c0b678dda6a41dcfcbea8ed?s=96&d=mm&r=g\",\"caption\":\"Woop\"},\"url\":\"https:\\\/\\\/www.weg.net\\\/weghome\\\/author\\\/woop\\\/\"}]}<\/script>\n<!-- \/ Yoast SEO plugin. -->","yoast_head_json":{"title":"Ambientes Instagram\u00e1veis por Ana Paula Teixer","description":"O termo instagram\u00e1vel n\u00e3o existe no dicion\u00e1rio da l\u00edngua portuguesa, mas, como voc\u00ea deve imaginar, ele est\u00e1 relacionado a um dos aplicativos mais queridos pelos usu\u00e1rios digitais do momento: o Instagram. Ambientes instagram\u00e1veis s\u00e3o nada mais, nada menos, do que ambientes decorados e interessantes visualmente...","robots":{"index":"index","follow":"follow","max-snippet":"max-snippet:-1","max-image-preview":"max-image-preview:large","max-video-preview":"max-video-preview:-1"},"canonical":"https:\/\/www.weg.net\/weghome\/blog\/arquitetura\/ambientes-instagramaveis-por-ana-paula-teixer\/","og_locale":"pt_BR","og_type":"article","og_title":"Ambientes Instagram\u00e1veis por Ana Paula Teixer","og_description":"O termo instagram\u00e1vel n\u00e3o existe no dicion\u00e1rio da l\u00edngua portuguesa, mas, como voc\u00ea deve imaginar, ele est\u00e1 relacionado a um dos aplicativos mais queridos pelos usu\u00e1rios digitais do momento: o Instagram. Ambientes instagram\u00e1veis s\u00e3o nada mais, nada menos, do que ambientes decorados e interessantes visualmente...","og_url":"https:\/\/www.weg.net\/weghome\/blog\/arquitetura\/ambientes-instagramaveis-por-ana-paula-teixer\/","og_site_name":"WEG Home","article_published_time":"2019-06-28T13:00:12+00:00","og_image":[{"width":1150,"height":519,"url":"https:\/\/www.weg.net\/weghome\/wp-content\/uploads\/2019\/05\/ambientes-instagramaveis.jpg","type":"image\/jpeg"}],"author":"Woop","twitter_card":"summary_large_image","twitter_misc":{"Escrito por":"Woop","Est. tempo de leitura":"3 minutos"},"schema":{"@context":"https:\/\/schema.org","@graph":[{"@type":"Article","@id":"https:\/\/www.weg.net\/weghome\/blog\/arquitetura\/ambientes-instagramaveis-por-ana-paula-teixer\/#article","isPartOf":{"@id":"https:\/\/www.weg.net\/weghome\/blog\/arquitetura\/ambientes-instagramaveis-por-ana-paula-teixer\/"},"author":{"name":"Woop","@id":"https:\/\/www.weg.net\/weghome\/#\/schema\/person\/0094717c499858d78c38f7c2ad85cecd"},"headline":"Ambientes Instagram\u00e1veis por Ana Paula Teixer","datePublished":"2019-06-28T13:00:12+00:00","mainEntityOfPage":{"@id":"https:\/\/www.weg.net\/weghome\/blog\/arquitetura\/ambientes-instagramaveis-por-ana-paula-teixer\/"},"wordCount":623,"commentCount":0,"publisher":{"@id":"https:\/\/www.weg.net\/weghome\/#organization"},"image":{"@id":"https:\/\/www.weg.net\/weghome\/blog\/arquitetura\/ambientes-instagramaveis-por-ana-paula-teixer\/#primaryimage"},"thumbnailUrl":"https:\/\/www.weg.net\/weghome\/wp-content\/uploads\/2019\/05\/ambientes-instagramaveis.jpg","keywords":["Ambientes Instagram\u00e1veis","decora\u00e7\u00e3o","decora\u00e7\u00e3o ambiente","decora\u00e7\u00e3o de ambientes","dicas de decora\u00e7\u00e3o","papo profissional"],"articleSection":["Arquitetura"],"inLanguage":"pt-BR","potentialAction":[{"@type":"CommentAction","name":"Comment","target":["https:\/\/www.weg.net\/weghome\/blog\/arquitetura\/ambientes-instagramaveis-por-ana-paula-teixer\/#respond"]}]},{"@type":"WebPage","@id":"https:\/\/www.weg.net\/weghome\/blog\/arquitetura\/ambientes-instagramaveis-por-ana-paula-teixer\/","url":"https:\/\/www.weg.net\/weghome\/blog\/arquitetura\/ambientes-instagramaveis-por-ana-paula-teixer\/","name":"Ambientes Instagram\u00e1veis por Ana Paula Teixer","isPartOf":{"@id":"https:\/\/www.weg.net\/weghome\/#website"},"primaryImageOfPage":{"@id":"https:\/\/www.weg.net\/weghome\/blog\/arquitetura\/ambientes-instagramaveis-por-ana-paula-teixer\/#primaryimage"},"image":{"@id":"https:\/\/www.weg.net\/weghome\/blog\/arquitetura\/ambientes-instagramaveis-por-ana-paula-teixer\/#primaryimage"},"thumbnailUrl":"https:\/\/www.weg.net\/weghome\/wp-content\/uploads\/2019\/05\/ambientes-instagramaveis.jpg","datePublished":"2019-06-28T13:00:12+00:00","description":"O termo instagram\u00e1vel n\u00e3o existe no dicion\u00e1rio da l\u00edngua portuguesa, mas, como voc\u00ea deve imaginar, ele est\u00e1 relacionado a um dos aplicativos mais queridos pelos usu\u00e1rios digitais do momento: o Instagram. Ambientes instagram\u00e1veis s\u00e3o nada mais, nada menos, do que ambientes decorados e interessantes visualmente...","breadcrumb":{"@id":"https:\/\/www.weg.net\/weghome\/blog\/arquitetura\/ambientes-instagramaveis-por-ana-paula-teixer\/#breadcrumb"},"inLanguage":"pt-BR","potentialAction":[{"@type":"ReadAction","target":["https:\/\/www.weg.net\/weghome\/blog\/arquitetura\/ambientes-instagramaveis-por-ana-paula-teixer\/"]}]},{"@type":"ImageObject","inLanguage":"pt-BR","@id":"https:\/\/www.weg.net\/weghome\/blog\/arquitetura\/ambientes-instagramaveis-por-ana-paula-teixer\/#primaryimage","url":"https:\/\/www.weg.net\/weghome\/wp-content\/uploads\/2019\/05\/ambientes-instagramaveis.jpg","contentUrl":"https:\/\/www.weg.net\/weghome\/wp-content\/uploads\/2019\/05\/ambientes-instagramaveis.jpg","width":1150,"height":519},{"@type":"BreadcrumbList","@id":"https:\/\/www.weg.net\/weghome\/blog\/arquitetura\/ambientes-instagramaveis-por-ana-paula-teixer\/#breadcrumb","itemListElement":[{"@type":"ListItem","position":1,"name":"In\u00edcio","item":"https:\/\/www.weg.net\/weghome\/"},{"@type":"ListItem","position":2,"name":"Ambientes Instagram\u00e1veis por Ana Paula Teixer"}]},{"@type":"WebSite","@id":"https:\/\/www.weg.net\/weghome\/#website","url":"https:\/\/www.weg.net\/weghome\/","name":"WEG Home","description":"Casa Inteligente, Tomadas e Interruptores, Prote\u00e7\u00e3o El\u00e9trica, Seguran\u00e7a Eletr\u00f4nica","publisher":{"@id":"https:\/\/www.weg.net\/weghome\/#organization"},"potentialAction":[{"@type":"SearchAction","target":{"@type":"EntryPoint","urlTemplate":"https:\/\/www.weg.net\/weghome\/?s={search_term_string}"},"query-input":{"@type":"PropertyValueSpecification","valueRequired":true,"valueName":"search_term_string"}}],"inLanguage":"pt-BR"},{"@type":"Organization","@id":"https:\/\/www.weg.net\/weghome\/#organization","name":"WEG Home","url":"https:\/\/www.weg.net\/weghome\/","logo":{"@type":"ImageObject","inLanguage":"pt-BR","@id":"https:\/\/www.weg.net\/weghome\/#\/schema\/logo\/image\/","url":"https:\/\/www.weg.net\/weghome\/wp-content\/uploads\/2024\/09\/weg_logo.jpg","contentUrl":"https:\/\/www.weg.net\/weghome\/wp-content\/uploads\/2024\/09\/weg_logo.jpg","width":512,"height":512,"caption":"WEG Home"},"image":{"@id":"https:\/\/www.weg.net\/weghome\/#\/schema\/logo\/image\/"}},{"@type":"Person","@id":"https:\/\/www.weg.net\/weghome\/#\/schema\/person\/0094717c499858d78c38f7c2ad85cecd","name":"Woop","image":{"@type":"ImageObject","inLanguage":"pt-BR","@id":"https:\/\/secure.gravatar.com\/avatar\/7fc91b78c44ccaceb0589bb6a88f003d33a6e35f7c0b678dda6a41dcfcbea8ed?s=96&d=mm&r=g","url":"https:\/\/secure.gravatar.com\/avatar\/7fc91b78c44ccaceb0589bb6a88f003d33a6e35f7c0b678dda6a41dcfcbea8ed?s=96&d=mm&r=g","contentUrl":"https:\/\/secure.gravatar.com\/avatar\/7fc91b78c44ccaceb0589bb6a88f003d33a6e35f7c0b678dda6a41dcfcbea8ed?s=96&d=mm&r=g","caption":"Woop"},"url":"https:\/\/www.weg.net\/weghome\/author\/woop\/"}]}},"_links":{"self":[{"href":"https:\/\/www.weg.net\/weghome\/wp-json\/wp\/v2\/posts\/2296","targetHints":{"allow":["GET"]}}],"collection":[{"href":"https:\/\/www.weg.net\/weghome\/wp-json\/wp\/v2\/posts"}],"about":[{"href":"https:\/\/www.weg.net\/weghome\/wp-json\/wp\/v2\/types\/post"}],"author":[{"embeddable":true,"href":"https:\/\/www.weg.net\/weghome\/wp-json\/wp\/v2\/users\/3"}],"replies":[{"embeddable":true,"href":"https:\/\/www.weg.net\/weghome\/wp-json\/wp\/v2\/comments?post=2296"}],"version-history":[{"count":0,"href":"https:\/\/www.weg.net\/weghome\/wp-json\/wp\/v2\/posts\/2296\/revisions"}],"wp:featuredmedia":[{"embeddable":true,"href":"https:\/\/www.weg.net\/weghome\/wp-json\/wp\/v2\/media\/2297"}],"wp:attachment":[{"href":"https:\/\/www.weg.net\/weghome\/wp-json\/wp\/v2\/media?parent=2296"}],"wp:term":[{"taxonomy":"category","embeddable":true,"href":"https:\/\/www.weg.net\/weghome\/wp-json\/wp\/v2\/categories?post=2296"},{"taxonomy":"post_tag","embeddable":true,"href":"https:\/\/www.weg.net\/weghome\/wp-json\/wp\/v2\/tags?post=2296"}],"curies":[{"name":"wp","href":"https:\/\/api.w.org\/{rel}","templated":true}]}}