{"id":1630,"date":"2019-01-03T09:00:41","date_gmt":"2019-01-03T12:00:41","guid":{"rendered":"https:\/\/www.weg.net\/tomadas\/blog\/?p=1630"},"modified":"2019-01-03T09:00:41","modified_gmt":"2019-01-03T12:00:41","slug":"conheca-o-que-vai-ser-tendencia-de-decoracao-em-2019","status":"publish","type":"post","link":"https:\/\/www.weg.net\/weghome\/blog\/decoracao\/conheca-o-que-vai-ser-tendencia-de-decoracao-em-2019\/","title":{"rendered":"Conhe\u00e7a o que vai ser tend\u00eancia de decora\u00e7\u00e3o em 2019"},"content":{"rendered":"<p>Quer saber o que vai ser tend\u00eancia de decora\u00e7\u00e3o em 2019? Confira neste artigo as principais apostas do setor para este ano.<\/p>\n<p>Uma aproxima\u00e7\u00e3o com a natureza \u00e9 o ponto mais not\u00e1vel. Isso pode ser visto atrav\u00e9s da utiliza\u00e7\u00e3o de tons terrosos, da presen\u00e7a do verde nos interiores e de uma preocupa\u00e7\u00e3o cada vez mais evidente com a sustentabilidade. Confira abaixo o que vai direcionar a cria\u00e7\u00e3o de ambientes modernos e sofisticados durante este ano.<\/p>\n<h3><strong>Tend\u00eancia de cores<\/strong><\/h3>\n<p>Os tons terrosos ir\u00e3o reger a decora\u00e7\u00e3o de interiores em 2019. Nuances dessa tonalidade remetem a terra e a natureza, e criam uma atmosfera de aconchego, formando um contraponto ao caos urbano. As cores dessa paleta podem ser utilizadas em acess\u00f3rios, como tapetes, cortinas e almofadas.<\/p>\n<p>Para fazer o contraponto vibrante \u00e0s cores neutras, aposte no coral vivo, anunciado pela Pantone como cor do ano. Os mais ousados podem aplicar essa tonalidade, considerada ponto alto como tend\u00eancia de decora\u00e7\u00e3o, na pintura de paredes e em grandes m\u00f3veis, como sof\u00e1s. Ela tamb\u00e9m deve invadir os artigos de cama, mesa e banho, deixando que os detalhes cumpram a sua promessa de levar alegria aos ambientes.<strong>\u00a0<\/strong><\/p>\n<p><img loading=\"lazy\" decoding=\"async\" class=\"alignnone size-full wp-image-1632\" src=\"https:\/\/www.weg.net\/weghome\/wp-content\/uploads\/2018\/12\/tendencia-de-decoracao-1.jpg\" alt=\"tendencia-de-decora\u00e7\u00e3o-1\" width=\"900\" height=\"406\" \/><\/p>\n<h3><strong>Ilumina\u00e7\u00e3o abundante<\/strong><\/h3>\n<p>Nada de penumbra! Ambientes iluminados, de prefer\u00eancia naturalmente, s\u00e3o uma das apostas para alcan\u00e7ar leveza. Uma ilumina\u00e7\u00e3o impec\u00e1vel faz toda a diferen\u00e7a: grandes janelas, pendentes e l\u00e2mpadas embutidas deixam o espa\u00e7o claro e valorizam a arquitetura e a decora\u00e7\u00e3o. \u00c9 tamb\u00e9m atrav\u00e9s de um bom projeto decorativo que se transmite sensa\u00e7\u00f5es como conforto, leveza e aconchego.<\/p>\n<p>E n\u00e3o \u00e9 s\u00f3 para decorar que a ilumina\u00e7\u00e3o deve ser levada em conta: ela \u00e9 a respons\u00e1vel pela funcionalidade do ambiente tamb\u00e9m. Para que as atividades cotidianas possam ser realizadas de forma adequada, \u00e9 preciso definir o que funciona melhor. N\u00e3o deixe de investir em um bom projeto de ilumina\u00e7\u00e3o ao construir ou reformar.<\/p>\n<p><img loading=\"lazy\" decoding=\"async\" class=\"alignnone size-full wp-image-1634\" src=\"https:\/\/www.weg.net\/weghome\/wp-content\/uploads\/2018\/12\/tendencia-de-decoracao-3.jpg\" alt=\"tendencia-de-decora\u00e7\u00e3o-3\" width=\"900\" height=\"406\" \/><\/p>\n<h3><strong>Muito verde<\/strong><\/h3>\n<p>As plantas ir\u00e3o se espalhar pelo interior das resid\u00eancias, refor\u00e7ando a ideia de conex\u00e3o com a natureza. Al\u00e9m de embelezar, elas s\u00e3o terap\u00eauticas: filtram o ar, trazem frescor e estimulam os moradores ao relaxamento. Para decorar com plantas, fa\u00e7a um estudo de esp\u00e9cies que se adaptam bem \u00e0s condi\u00e7\u00f5es de ambientes internos, como luz, temperatura e umidade. A <a href=\"https:\/\/www.weg.net\/tomadas\/blog\/ta-em-alta\/maranta-planta-tropical\/\">maranta<\/a> \u00e9 uma das esp\u00e9cies que se tornou a queridinha dos decoradores, gra\u00e7as \u00e0 sua versatilidade e variedade de folhagens.<\/p>\n<p><img loading=\"lazy\" decoding=\"async\" class=\"alignnone size-full wp-image-1635\" src=\"https:\/\/www.weg.net\/weghome\/wp-content\/uploads\/2018\/12\/tendencia-de-decoracao-4.jpg\" alt=\"tendencia-de-decora\u00e7\u00e3o-4\" width=\"900\" height=\"406\" \/><\/p>\n<p>Saiba mais: <a href=\"https:\/\/www.weg.net\/tomadas\/blog\/decoracao\/5-plantas-para-area-interna-da-casa-que-trazem-frescor-e-conforto-visual\/\">5 plantas para a \u00e1rea interna que trazem frescor e conforto visual<\/a><\/p>\n<h3><strong>Sustentabilidade<\/strong><\/h3>\n<p>Produtos fabricados com mat\u00e9rias-primas recicl\u00e1veis ou materiais naturais, como fibras, madeiras e cer\u00e2micas v\u00e3o ditar o tom dos objetos decorativos. Estampas inspiradas em plantas e animais tamb\u00e9m est\u00e3o presentes nos lan\u00e7amentos, alimentando a harmonia com a natureza. A sustentabilidade, ali\u00e1s, veio para ficar \u2013 e n\u00e3o \u00e9 por menos: \u00e9 quest\u00e3o de sobreviv\u00eancia a um prazo n\u00e3o t\u00e3o longo assim. Por isso, a <a href=\"https:\/\/www.weg.net\/tomadas\/blog\/gestao-inteligente\/voce-sabe-o-que-sao-construcoes-eficientes\/\">arquitetura sustent\u00e1vel<\/a> deve ditar os rumos da constru\u00e7\u00e3o civil, uma vez que o setor \u00e9 respons\u00e1vel por um percentual impressionante de uso de recursos naturais e de descarte de res\u00edduos: 50% em todo mundo.<\/p>\n<p><img loading=\"lazy\" decoding=\"async\" class=\"alignnone size-full wp-image-1640\" src=\"https:\/\/www.weg.net\/weghome\/wp-content\/uploads\/2018\/12\/tendencia-de-decoracao-9.png\" alt=\"tendencia-de-decora\u00e7\u00e3o-9\" width=\"900\" height=\"406\" \/><\/p>\n<p>Quer saber mais sobre o assunto? Confira nosso e-book: <a href=\"https:\/\/materiais.tomadas.weg.net\/construir-com-baixo-impacto-ambiental\">\u00c9 poss\u00edvel construir com baixo impacto ambiental<\/a>.<\/p>\n<h3><strong>Estilo industrial<\/strong><\/h3>\n<p>Essa tend\u00eancia retr\u00f4 leva o estilo do interior das f\u00e1bricas para dentro das resid\u00eancias. Paredes de tijolos maci\u00e7os aparentes, tubula\u00e7\u00f5es expostas e a presen\u00e7a de <a href=\"https:\/\/www.weg.net\/tomadas\/blog\/ta-em-alta\/cimento-queimado\/\">cimento queimado<\/a> em pisos e paredes s\u00e3o as principais marcas dessa decora\u00e7\u00e3o, que abra\u00e7a as caracter\u00edsticas prim\u00e1rias das constru\u00e7\u00f5es e exp\u00f5e a aus\u00eancia de acabamentos. Para equilibrar a composi\u00e7\u00e3o, \u00e9 preciso escolher m\u00f3veis e objetos suaves, para quebrar a sensa\u00e7\u00e3o fria e trazer aconchego ao ambiente.<strong>\u00a0<\/strong><\/p>\n<p><img loading=\"lazy\" decoding=\"async\" class=\"alignnone size-full wp-image-1637\" src=\"https:\/\/www.weg.net\/weghome\/wp-content\/uploads\/2018\/12\/tendencia-de-decoracao-6.jpg\" alt=\"\" width=\"900\" height=\"406\" \/><\/p>\n<h3><strong>Madeira<\/strong><\/h3>\n<p>A madeira natural ou escura ir\u00e1 invadir as cozinhas, dando um toque de conforto ao c\u00f4modo e confirmando-se como tend\u00eancia de decora\u00e7\u00e3o. Al\u00e9m de pisos e m\u00f3veis, ela poder\u00e1 ser encontrada no revestimento de paredes, dando um toque de eleg\u00e2ncia e aconchego. Altamente resistente, simples e dur\u00e1vel, \u00e9 um \u00f3timo investimento.<\/p>\n<p><img loading=\"lazy\" decoding=\"async\" class=\"alignnone size-full wp-image-1638\" src=\"https:\/\/www.weg.net\/weghome\/wp-content\/uploads\/2018\/12\/tendencia-de-decoracao-7.jpg\" alt=\"\" width=\"900\" height=\"406\" \/><\/p>\n<h3><strong>Formas<\/strong><\/h3>\n<p>As linhas retas ser\u00e3o postas de lado para dar lugar \u00e0s curvas. Objetos e mobili\u00e1rios com formas ovais e org\u00e2nicas (olha a natureza a\u00ed de novo!), ser\u00e3o adotados para o conforto maior do corpo e dos olhos.<\/p>\n<p><img loading=\"lazy\" decoding=\"async\" class=\"alignnone size-full wp-image-1639\" src=\"https:\/\/www.weg.net\/weghome\/wp-content\/uploads\/2018\/12\/tendencia-de-decoracao-8.jpg\" alt=\"\" width=\"900\" height=\"406\" \/><\/p>\n<p>Para combinar com a sua nova decora\u00e7\u00e3o, voc\u00ea pode instalar as tomadas &amp; interruptores da WEG. Com diversos modelos e uma ampla paleta de cores, elas oferecem uma infinidade de harmoniza\u00e7\u00f5es. Confira todas as nossas linhas <a href=\"https:\/\/www.weg.net\/tomadas\">aqui<\/a>.<\/p>\n","protected":false},"excerpt":{"rendered":"<p>Quer saber o que vai ser tend\u00eancia de decora\u00e7\u00e3o em 2019? Confira neste artigo as principais apostas do setor para este ano<\/p>\n","protected":false},"author":3,"featured_media":1631,"comment_status":"open","ping_status":"open","sticky":false,"template":"","format":"standard","meta":{"_acf_changed":false,"footnotes":""},"categories":[25],"tags":[712,884,885,886,120,887,106],"class_list":["post-1630","post","type-post","status-publish","format-standard","has-post-thumbnail","hentry","category-decoracao","tag-ambientes-decorados","tag-decoracao-2019","tag-iluminacao-ambiente","tag-madeira-decoracao","tag-tendencias","tag-tendencia-de-cores","tag-weg"],"acf":[],"yoast_head":"<!-- This site is optimized with the Yoast SEO plugin v27.5 - https:\/\/yoast.com\/product\/yoast-seo-wordpress\/ -->\n<title>Conhe\u00e7a o que vai ser tend\u00eancia de decora\u00e7\u00e3o em 2019<\/title>\n<meta name=\"description\" content=\"Quer saber o que vai ser tend\u00eancia de decora\u00e7\u00e3o em 2019? Confira neste artigo as principais apostas do setor para este ano. Uma aproxima\u00e7\u00e3o com a natureza \u00e9 o ponto mais not\u00e1vel.\" \/>\n<meta name=\"robots\" content=\"index, follow, max-snippet:-1, max-image-preview:large, max-video-preview:-1\" \/>\n<link rel=\"canonical\" href=\"https:\/\/www.weg.net\/weghome\/blog\/decoracao\/conheca-o-que-vai-ser-tendencia-de-decoracao-em-2019\/\" \/>\n<meta property=\"og:locale\" content=\"pt_BR\" \/>\n<meta property=\"og:type\" content=\"article\" \/>\n<meta property=\"og:title\" content=\"Conhe\u00e7a o que vai ser tend\u00eancia de decora\u00e7\u00e3o em 2019\" \/>\n<meta property=\"og:description\" content=\"Quer saber o que vai ser tend\u00eancia de decora\u00e7\u00e3o em 2019? Confira neste artigo as principais apostas do setor para este ano. Uma aproxima\u00e7\u00e3o com a natureza \u00e9 o ponto mais not\u00e1vel.\" \/>\n<meta property=\"og:url\" content=\"https:\/\/www.weg.net\/weghome\/blog\/decoracao\/conheca-o-que-vai-ser-tendencia-de-decoracao-em-2019\/\" \/>\n<meta property=\"og:site_name\" content=\"WEG Home\" \/>\n<meta property=\"article:published_time\" content=\"2019-01-03T12:00:41+00:00\" \/>\n<meta property=\"og:image\" content=\"https:\/\/www.weg.net\/weghome\/wp-content\/uploads\/2018\/12\/tendencia-de-decoracao.jpg\" \/>\n\t<meta property=\"og:image:width\" content=\"1150\" \/>\n\t<meta property=\"og:image:height\" content=\"519\" \/>\n\t<meta property=\"og:image:type\" content=\"image\/jpeg\" \/>\n<meta name=\"author\" content=\"Woop\" \/>\n<meta name=\"twitter:card\" content=\"summary_large_image\" \/>\n<meta name=\"twitter:label1\" content=\"Escrito por\" \/>\n\t<meta name=\"twitter:data1\" content=\"Woop\" \/>\n\t<meta name=\"twitter:label2\" content=\"Est. tempo de leitura\" \/>\n\t<meta name=\"twitter:data2\" content=\"4 minutos\" \/>\n<script type=\"application\/ld+json\" class=\"yoast-schema-graph\">{\"@context\":\"https:\\\/\\\/schema.org\",\"@graph\":[{\"@type\":\"Article\",\"@id\":\"https:\\\/\\\/www.weg.net\\\/weghome\\\/blog\\\/decoracao\\\/conheca-o-que-vai-ser-tendencia-de-decoracao-em-2019\\\/#article\",\"isPartOf\":{\"@id\":\"https:\\\/\\\/www.weg.net\\\/weghome\\\/blog\\\/decoracao\\\/conheca-o-que-vai-ser-tendencia-de-decoracao-em-2019\\\/\"},\"author\":{\"name\":\"Woop\",\"@id\":\"https:\\\/\\\/www.weg.net\\\/weghome\\\/#\\\/schema\\\/person\\\/0094717c499858d78c38f7c2ad85cecd\"},\"headline\":\"Conhe\u00e7a o que vai ser tend\u00eancia de decora\u00e7\u00e3o em 2019\",\"datePublished\":\"2019-01-03T12:00:41+00:00\",\"mainEntityOfPage\":{\"@id\":\"https:\\\/\\\/www.weg.net\\\/weghome\\\/blog\\\/decoracao\\\/conheca-o-que-vai-ser-tendencia-de-decoracao-em-2019\\\/\"},\"wordCount\":803,\"commentCount\":0,\"publisher\":{\"@id\":\"https:\\\/\\\/www.weg.net\\\/weghome\\\/#organization\"},\"image\":{\"@id\":\"https:\\\/\\\/www.weg.net\\\/weghome\\\/blog\\\/decoracao\\\/conheca-o-que-vai-ser-tendencia-de-decoracao-em-2019\\\/#primaryimage\"},\"thumbnailUrl\":\"https:\\\/\\\/www.weg.net\\\/weghome\\\/wp-content\\\/uploads\\\/2018\\\/12\\\/tendencia-de-decoracao.jpg\",\"keywords\":[\"ambientes decorados\",\"decora\u00e7\u00e3o 2019\",\"ilumina\u00e7\u00e3o ambiente\",\"madeira decora\u00e7\u00e3o\",\"tend~encias\",\"tend\u00eancia de cores\",\"weg\"],\"articleSection\":[\"Decora\u00e7\u00e3o\"],\"inLanguage\":\"pt-BR\",\"potentialAction\":[{\"@type\":\"CommentAction\",\"name\":\"Comment\",\"target\":[\"https:\\\/\\\/www.weg.net\\\/weghome\\\/blog\\\/decoracao\\\/conheca-o-que-vai-ser-tendencia-de-decoracao-em-2019\\\/#respond\"]}]},{\"@type\":\"WebPage\",\"@id\":\"https:\\\/\\\/www.weg.net\\\/weghome\\\/blog\\\/decoracao\\\/conheca-o-que-vai-ser-tendencia-de-decoracao-em-2019\\\/\",\"url\":\"https:\\\/\\\/www.weg.net\\\/weghome\\\/blog\\\/decoracao\\\/conheca-o-que-vai-ser-tendencia-de-decoracao-em-2019\\\/\",\"name\":\"Conhe\u00e7a o que vai ser tend\u00eancia de decora\u00e7\u00e3o em 2019\",\"isPartOf\":{\"@id\":\"https:\\\/\\\/www.weg.net\\\/weghome\\\/#website\"},\"primaryImageOfPage\":{\"@id\":\"https:\\\/\\\/www.weg.net\\\/weghome\\\/blog\\\/decoracao\\\/conheca-o-que-vai-ser-tendencia-de-decoracao-em-2019\\\/#primaryimage\"},\"image\":{\"@id\":\"https:\\\/\\\/www.weg.net\\\/weghome\\\/blog\\\/decoracao\\\/conheca-o-que-vai-ser-tendencia-de-decoracao-em-2019\\\/#primaryimage\"},\"thumbnailUrl\":\"https:\\\/\\\/www.weg.net\\\/weghome\\\/wp-content\\\/uploads\\\/2018\\\/12\\\/tendencia-de-decoracao.jpg\",\"datePublished\":\"2019-01-03T12:00:41+00:00\",\"description\":\"Quer saber o que vai ser tend\u00eancia de decora\u00e7\u00e3o em 2019? Confira neste artigo as principais apostas do setor para este ano. Uma aproxima\u00e7\u00e3o com a natureza \u00e9 o ponto mais not\u00e1vel.\",\"breadcrumb\":{\"@id\":\"https:\\\/\\\/www.weg.net\\\/weghome\\\/blog\\\/decoracao\\\/conheca-o-que-vai-ser-tendencia-de-decoracao-em-2019\\\/#breadcrumb\"},\"inLanguage\":\"pt-BR\",\"potentialAction\":[{\"@type\":\"ReadAction\",\"target\":[\"https:\\\/\\\/www.weg.net\\\/weghome\\\/blog\\\/decoracao\\\/conheca-o-que-vai-ser-tendencia-de-decoracao-em-2019\\\/\"]}]},{\"@type\":\"ImageObject\",\"inLanguage\":\"pt-BR\",\"@id\":\"https:\\\/\\\/www.weg.net\\\/weghome\\\/blog\\\/decoracao\\\/conheca-o-que-vai-ser-tendencia-de-decoracao-em-2019\\\/#primaryimage\",\"url\":\"https:\\\/\\\/www.weg.net\\\/weghome\\\/wp-content\\\/uploads\\\/2018\\\/12\\\/tendencia-de-decoracao.jpg\",\"contentUrl\":\"https:\\\/\\\/www.weg.net\\\/weghome\\\/wp-content\\\/uploads\\\/2018\\\/12\\\/tendencia-de-decoracao.jpg\",\"width\":1150,\"height\":519,\"caption\":\"tendencia-de-decora\u00e7\u00e3o\"},{\"@type\":\"BreadcrumbList\",\"@id\":\"https:\\\/\\\/www.weg.net\\\/weghome\\\/blog\\\/decoracao\\\/conheca-o-que-vai-ser-tendencia-de-decoracao-em-2019\\\/#breadcrumb\",\"itemListElement\":[{\"@type\":\"ListItem\",\"position\":1,\"name\":\"In\u00edcio\",\"item\":\"https:\\\/\\\/www.weg.net\\\/weghome\\\/\"},{\"@type\":\"ListItem\",\"position\":2,\"name\":\"Conhe\u00e7a o que vai ser tend\u00eancia de decora\u00e7\u00e3o em 2019\"}]},{\"@type\":\"WebSite\",\"@id\":\"https:\\\/\\\/www.weg.net\\\/weghome\\\/#website\",\"url\":\"https:\\\/\\\/www.weg.net\\\/weghome\\\/\",\"name\":\"WEG Home\",\"description\":\"Casa Inteligente, Tomadas e Interruptores, Prote\u00e7\u00e3o El\u00e9trica, Seguran\u00e7a Eletr\u00f4nica\",\"publisher\":{\"@id\":\"https:\\\/\\\/www.weg.net\\\/weghome\\\/#organization\"},\"potentialAction\":[{\"@type\":\"SearchAction\",\"target\":{\"@type\":\"EntryPoint\",\"urlTemplate\":\"https:\\\/\\\/www.weg.net\\\/weghome\\\/?s={search_term_string}\"},\"query-input\":{\"@type\":\"PropertyValueSpecification\",\"valueRequired\":true,\"valueName\":\"search_term_string\"}}],\"inLanguage\":\"pt-BR\"},{\"@type\":\"Organization\",\"@id\":\"https:\\\/\\\/www.weg.net\\\/weghome\\\/#organization\",\"name\":\"WEG Home\",\"url\":\"https:\\\/\\\/www.weg.net\\\/weghome\\\/\",\"logo\":{\"@type\":\"ImageObject\",\"inLanguage\":\"pt-BR\",\"@id\":\"https:\\\/\\\/www.weg.net\\\/weghome\\\/#\\\/schema\\\/logo\\\/image\\\/\",\"url\":\"https:\\\/\\\/www.weg.net\\\/weghome\\\/wp-content\\\/uploads\\\/2024\\\/09\\\/weg_logo.jpg\",\"contentUrl\":\"https:\\\/\\\/www.weg.net\\\/weghome\\\/wp-content\\\/uploads\\\/2024\\\/09\\\/weg_logo.jpg\",\"width\":512,\"height\":512,\"caption\":\"WEG Home\"},\"image\":{\"@id\":\"https:\\\/\\\/www.weg.net\\\/weghome\\\/#\\\/schema\\\/logo\\\/image\\\/\"}},{\"@type\":\"Person\",\"@id\":\"https:\\\/\\\/www.weg.net\\\/weghome\\\/#\\\/schema\\\/person\\\/0094717c499858d78c38f7c2ad85cecd\",\"name\":\"Woop\",\"image\":{\"@type\":\"ImageObject\",\"inLanguage\":\"pt-BR\",\"@id\":\"https:\\\/\\\/secure.gravatar.com\\\/avatar\\\/7fc91b78c44ccaceb0589bb6a88f003d33a6e35f7c0b678dda6a41dcfcbea8ed?s=96&d=mm&r=g\",\"url\":\"https:\\\/\\\/secure.gravatar.com\\\/avatar\\\/7fc91b78c44ccaceb0589bb6a88f003d33a6e35f7c0b678dda6a41dcfcbea8ed?s=96&d=mm&r=g\",\"contentUrl\":\"https:\\\/\\\/secure.gravatar.com\\\/avatar\\\/7fc91b78c44ccaceb0589bb6a88f003d33a6e35f7c0b678dda6a41dcfcbea8ed?s=96&d=mm&r=g\",\"caption\":\"Woop\"},\"url\":\"https:\\\/\\\/www.weg.net\\\/weghome\\\/author\\\/woop\\\/\"}]}<\/script>\n<!-- \/ Yoast SEO plugin. -->","yoast_head_json":{"title":"Conhe\u00e7a o que vai ser tend\u00eancia de decora\u00e7\u00e3o em 2019","description":"Quer saber o que vai ser tend\u00eancia de decora\u00e7\u00e3o em 2019? Confira neste artigo as principais apostas do setor para este ano. Uma aproxima\u00e7\u00e3o com a natureza \u00e9 o ponto mais not\u00e1vel.","robots":{"index":"index","follow":"follow","max-snippet":"max-snippet:-1","max-image-preview":"max-image-preview:large","max-video-preview":"max-video-preview:-1"},"canonical":"https:\/\/www.weg.net\/weghome\/blog\/decoracao\/conheca-o-que-vai-ser-tendencia-de-decoracao-em-2019\/","og_locale":"pt_BR","og_type":"article","og_title":"Conhe\u00e7a o que vai ser tend\u00eancia de decora\u00e7\u00e3o em 2019","og_description":"Quer saber o que vai ser tend\u00eancia de decora\u00e7\u00e3o em 2019? Confira neste artigo as principais apostas do setor para este ano. Uma aproxima\u00e7\u00e3o com a natureza \u00e9 o ponto mais not\u00e1vel.","og_url":"https:\/\/www.weg.net\/weghome\/blog\/decoracao\/conheca-o-que-vai-ser-tendencia-de-decoracao-em-2019\/","og_site_name":"WEG Home","article_published_time":"2019-01-03T12:00:41+00:00","og_image":[{"width":1150,"height":519,"url":"https:\/\/www.weg.net\/weghome\/wp-content\/uploads\/2018\/12\/tendencia-de-decoracao.jpg","type":"image\/jpeg"}],"author":"Woop","twitter_card":"summary_large_image","twitter_misc":{"Escrito por":"Woop","Est. tempo de leitura":"4 minutos"},"schema":{"@context":"https:\/\/schema.org","@graph":[{"@type":"Article","@id":"https:\/\/www.weg.net\/weghome\/blog\/decoracao\/conheca-o-que-vai-ser-tendencia-de-decoracao-em-2019\/#article","isPartOf":{"@id":"https:\/\/www.weg.net\/weghome\/blog\/decoracao\/conheca-o-que-vai-ser-tendencia-de-decoracao-em-2019\/"},"author":{"name":"Woop","@id":"https:\/\/www.weg.net\/weghome\/#\/schema\/person\/0094717c499858d78c38f7c2ad85cecd"},"headline":"Conhe\u00e7a o que vai ser tend\u00eancia de decora\u00e7\u00e3o em 2019","datePublished":"2019-01-03T12:00:41+00:00","mainEntityOfPage":{"@id":"https:\/\/www.weg.net\/weghome\/blog\/decoracao\/conheca-o-que-vai-ser-tendencia-de-decoracao-em-2019\/"},"wordCount":803,"commentCount":0,"publisher":{"@id":"https:\/\/www.weg.net\/weghome\/#organization"},"image":{"@id":"https:\/\/www.weg.net\/weghome\/blog\/decoracao\/conheca-o-que-vai-ser-tendencia-de-decoracao-em-2019\/#primaryimage"},"thumbnailUrl":"https:\/\/www.weg.net\/weghome\/wp-content\/uploads\/2018\/12\/tendencia-de-decoracao.jpg","keywords":["ambientes decorados","decora\u00e7\u00e3o 2019","ilumina\u00e7\u00e3o ambiente","madeira decora\u00e7\u00e3o","tend~encias","tend\u00eancia de cores","weg"],"articleSection":["Decora\u00e7\u00e3o"],"inLanguage":"pt-BR","potentialAction":[{"@type":"CommentAction","name":"Comment","target":["https:\/\/www.weg.net\/weghome\/blog\/decoracao\/conheca-o-que-vai-ser-tendencia-de-decoracao-em-2019\/#respond"]}]},{"@type":"WebPage","@id":"https:\/\/www.weg.net\/weghome\/blog\/decoracao\/conheca-o-que-vai-ser-tendencia-de-decoracao-em-2019\/","url":"https:\/\/www.weg.net\/weghome\/blog\/decoracao\/conheca-o-que-vai-ser-tendencia-de-decoracao-em-2019\/","name":"Conhe\u00e7a o que vai ser tend\u00eancia de decora\u00e7\u00e3o em 2019","isPartOf":{"@id":"https:\/\/www.weg.net\/weghome\/#website"},"primaryImageOfPage":{"@id":"https:\/\/www.weg.net\/weghome\/blog\/decoracao\/conheca-o-que-vai-ser-tendencia-de-decoracao-em-2019\/#primaryimage"},"image":{"@id":"https:\/\/www.weg.net\/weghome\/blog\/decoracao\/conheca-o-que-vai-ser-tendencia-de-decoracao-em-2019\/#primaryimage"},"thumbnailUrl":"https:\/\/www.weg.net\/weghome\/wp-content\/uploads\/2018\/12\/tendencia-de-decoracao.jpg","datePublished":"2019-01-03T12:00:41+00:00","description":"Quer saber o que vai ser tend\u00eancia de decora\u00e7\u00e3o em 2019? Confira neste artigo as principais apostas do setor para este ano. Uma aproxima\u00e7\u00e3o com a natureza \u00e9 o ponto mais not\u00e1vel.","breadcrumb":{"@id":"https:\/\/www.weg.net\/weghome\/blog\/decoracao\/conheca-o-que-vai-ser-tendencia-de-decoracao-em-2019\/#breadcrumb"},"inLanguage":"pt-BR","potentialAction":[{"@type":"ReadAction","target":["https:\/\/www.weg.net\/weghome\/blog\/decoracao\/conheca-o-que-vai-ser-tendencia-de-decoracao-em-2019\/"]}]},{"@type":"ImageObject","inLanguage":"pt-BR","@id":"https:\/\/www.weg.net\/weghome\/blog\/decoracao\/conheca-o-que-vai-ser-tendencia-de-decoracao-em-2019\/#primaryimage","url":"https:\/\/www.weg.net\/weghome\/wp-content\/uploads\/2018\/12\/tendencia-de-decoracao.jpg","contentUrl":"https:\/\/www.weg.net\/weghome\/wp-content\/uploads\/2018\/12\/tendencia-de-decoracao.jpg","width":1150,"height":519,"caption":"tendencia-de-decora\u00e7\u00e3o"},{"@type":"BreadcrumbList","@id":"https:\/\/www.weg.net\/weghome\/blog\/decoracao\/conheca-o-que-vai-ser-tendencia-de-decoracao-em-2019\/#breadcrumb","itemListElement":[{"@type":"ListItem","position":1,"name":"In\u00edcio","item":"https:\/\/www.weg.net\/weghome\/"},{"@type":"ListItem","position":2,"name":"Conhe\u00e7a o que vai ser tend\u00eancia de decora\u00e7\u00e3o em 2019"}]},{"@type":"WebSite","@id":"https:\/\/www.weg.net\/weghome\/#website","url":"https:\/\/www.weg.net\/weghome\/","name":"WEG Home","description":"Casa Inteligente, Tomadas e Interruptores, Prote\u00e7\u00e3o El\u00e9trica, Seguran\u00e7a Eletr\u00f4nica","publisher":{"@id":"https:\/\/www.weg.net\/weghome\/#organization"},"potentialAction":[{"@type":"SearchAction","target":{"@type":"EntryPoint","urlTemplate":"https:\/\/www.weg.net\/weghome\/?s={search_term_string}"},"query-input":{"@type":"PropertyValueSpecification","valueRequired":true,"valueName":"search_term_string"}}],"inLanguage":"pt-BR"},{"@type":"Organization","@id":"https:\/\/www.weg.net\/weghome\/#organization","name":"WEG Home","url":"https:\/\/www.weg.net\/weghome\/","logo":{"@type":"ImageObject","inLanguage":"pt-BR","@id":"https:\/\/www.weg.net\/weghome\/#\/schema\/logo\/image\/","url":"https:\/\/www.weg.net\/weghome\/wp-content\/uploads\/2024\/09\/weg_logo.jpg","contentUrl":"https:\/\/www.weg.net\/weghome\/wp-content\/uploads\/2024\/09\/weg_logo.jpg","width":512,"height":512,"caption":"WEG Home"},"image":{"@id":"https:\/\/www.weg.net\/weghome\/#\/schema\/logo\/image\/"}},{"@type":"Person","@id":"https:\/\/www.weg.net\/weghome\/#\/schema\/person\/0094717c499858d78c38f7c2ad85cecd","name":"Woop","image":{"@type":"ImageObject","inLanguage":"pt-BR","@id":"https:\/\/secure.gravatar.com\/avatar\/7fc91b78c44ccaceb0589bb6a88f003d33a6e35f7c0b678dda6a41dcfcbea8ed?s=96&d=mm&r=g","url":"https:\/\/secure.gravatar.com\/avatar\/7fc91b78c44ccaceb0589bb6a88f003d33a6e35f7c0b678dda6a41dcfcbea8ed?s=96&d=mm&r=g","contentUrl":"https:\/\/secure.gravatar.com\/avatar\/7fc91b78c44ccaceb0589bb6a88f003d33a6e35f7c0b678dda6a41dcfcbea8ed?s=96&d=mm&r=g","caption":"Woop"},"url":"https:\/\/www.weg.net\/weghome\/author\/woop\/"}]}},"_links":{"self":[{"href":"https:\/\/www.weg.net\/weghome\/wp-json\/wp\/v2\/posts\/1630","targetHints":{"allow":["GET"]}}],"collection":[{"href":"https:\/\/www.weg.net\/weghome\/wp-json\/wp\/v2\/posts"}],"about":[{"href":"https:\/\/www.weg.net\/weghome\/wp-json\/wp\/v2\/types\/post"}],"author":[{"embeddable":true,"href":"https:\/\/www.weg.net\/weghome\/wp-json\/wp\/v2\/users\/3"}],"replies":[{"embeddable":true,"href":"https:\/\/www.weg.net\/weghome\/wp-json\/wp\/v2\/comments?post=1630"}],"version-history":[{"count":0,"href":"https:\/\/www.weg.net\/weghome\/wp-json\/wp\/v2\/posts\/1630\/revisions"}],"wp:featuredmedia":[{"embeddable":true,"href":"https:\/\/www.weg.net\/weghome\/wp-json\/wp\/v2\/media\/1631"}],"wp:attachment":[{"href":"https:\/\/www.weg.net\/weghome\/wp-json\/wp\/v2\/media?parent=1630"}],"wp:term":[{"taxonomy":"category","embeddable":true,"href":"https:\/\/www.weg.net\/weghome\/wp-json\/wp\/v2\/categories?post=1630"},{"taxonomy":"post_tag","embeddable":true,"href":"https:\/\/www.weg.net\/weghome\/wp-json\/wp\/v2\/tags?post=1630"}],"curies":[{"name":"wp","href":"https:\/\/api.w.org\/{rel}","templated":true}]}}