{"id":9782,"date":"2024-02-20T17:09:22","date_gmt":"2024-02-20T20:09:22","guid":{"rendered":"https:\/\/www.weg.net\/solar\/blog\/?p=9782"},"modified":"2024-02-28T11:08:47","modified_gmt":"2024-02-28T14:08:47","slug":"inversao-de-fluxo","status":"publish","type":"post","link":"https:\/\/www.weg.net\/solar\/blog\/inversao-de-fluxo\/","title":{"rendered":"ANEEL abre consulta p\u00fablica sobre invers\u00e3o de fluxo de pot\u00eancia"},"content":{"rendered":"<p><span data-contrast=\"auto\">Ap\u00f3s meses de reclama\u00e7\u00f5es e problemas enfrentados por integradores do todo o pa\u00eds, a ANEEL finalmente abriu, no dia 8 de fevereiro, a <\/span><span data-contrast=\"auto\">Consulta P\u00fablica para 1) aprimorar a tratativa dada ao tema da invers\u00e3o de fluxo de pot\u00eancia pela REN 1000\/2021; e 2) regulamentar o uso da energia solar pelos benefici\u00e1rios do Programa Minha Casa Minha Vida.<\/span><span data-ccp-props=\"{}\">\u00a0<\/span><\/p>\n<p><span data-contrast=\"auto\">A Consulta P\u00fablica 003\/2024 (CP 03\/24) tem dura\u00e7\u00e3o curta \u2013 exatamente para refletir a urg\u00eancia das pautas: <\/span><b><span data-contrast=\"auto\">15 dias<\/span><\/b><span data-contrast=\"auto\">. Dessa forma, <\/span><b><span data-contrast=\"auto\">as contribui\u00e7\u00f5es podem ser enviadas at\u00e9 o dia 23\/02\/2024<\/span><\/b><span data-contrast=\"auto\">, seguindo o formul\u00e1rio disponibilizado pela Ag\u00eancia em seu site (<\/span><a href=\"https:\/\/antigo.aneel.gov.br\/web\/guest\/consultas-publicas?p_auth=FdzdVMI4&amp;p_p_id=participacaopublica_WAR_participacaopublicaportlet&amp;p_p_lifecycle=1&amp;p_p_state=normal&amp;p_p_mode=view&amp;p_p_col_id=column-2&amp;p_p_col_pos=1&amp;p_p_col_count=2&amp;_participacaopublica_WAR_participacaopublicaportlet_ideParticipacaoPublica=3842&amp;_participacaopublica_WAR_participacaopublicaportlet_javax.portlet.action=visualizarParticipacaoPublica\"><span data-contrast=\"none\">aqui<\/span><\/a><span data-contrast=\"auto\">).<\/span><span data-ccp-props=\"{&quot;335551550&quot;:6,&quot;335551620&quot;:6}\">\u00a0<\/span><\/p>\n<p><span data-contrast=\"auto\">A WEG e eu entendemos a import\u00e2ncia deste assunto, sobretudo porque em algumas regi\u00f5es (como no caso de Minas Gerais) a invers\u00e3o de fluxo tem limitado significativamente a expans\u00e3o da micro e minigera\u00e7\u00e3o distribu\u00edda.<\/span><span data-ccp-props=\"{&quot;335551550&quot;:6,&quot;335551620&quot;:6}\">\u00a0<\/span><\/p>\n<p><span data-contrast=\"auto\">As estimativas da ABSOLAR s\u00e3o de que mais de R$ 7 bilh\u00f5es em projetos est\u00e3o paralisados em virtude disso. Por isso, o texto de hoje \u00e9 dedicado a te ajudar a entender melhor como voc\u00ea pode participar da CP 03\/24. Vamos l\u00e1?<\/span><span data-ccp-props=\"{&quot;335551550&quot;:6,&quot;335551620&quot;:6}\">\u00a0<\/span><\/p>\n<h2><span class=\"TextRun SCXW8311872 BCX0\" lang=\"PT-BR\" xml:lang=\"PT-BR\" data-contrast=\"auto\"><span class=\"NormalTextRun SCXW8311872 BCX0\">Entenda o in\u00edcio da abertura da consulta p\u00fablica sobre invers\u00e3o de fluxo<\/span><\/span><span class=\"EOP SCXW8311872 BCX0\" data-ccp-props=\"{}\">\u00a0<\/span><\/h2>\n<p><span data-contrast=\"auto\">Conforme a Lei das Ag\u00eancias Reguladoras (<\/span><a href=\"https:\/\/www.planalto.gov.br\/ccivil_03\/_ato2019-2022\/2019\/lei\/l13848.htm\"><span data-contrast=\"none\">Lei 13.848\/2019<\/span><\/a><span data-contrast=\"auto\">) \u00e9 obrigat\u00f3ria para altera\u00e7\u00f5es normativas que sejam de interesse dos agentes regulados (como, por exemplo, as distribuidoras de energia) e dos consumidores.\u00a0<\/span><span data-ccp-props=\"{}\">\u00a0<\/span><\/p>\n<p><span data-contrast=\"auto\">A realiza\u00e7\u00e3o de consultas p\u00fablicas \u00e9 prevista na Lei das Ag\u00eancias Reguladoras (Lei 13.848\/2019), em seu artigo 9\u00ba, sendo obrigat\u00f3ria para altera\u00e7\u00f5es normativas que sejam de interesse dos agentes regulados (como, por exemplo, as distribuidoras de energia) e dos consumidores.<\/span><span data-ccp-props=\"{&quot;335551550&quot;:6,&quot;335551620&quot;:6}\">\u00a0<\/span><\/p>\n<p><span data-contrast=\"auto\">Seu objetivo \u00e9 permitir que a sociedade seja ouvida <\/span><b><span data-contrast=\"auto\">antes<\/span><\/b><span data-contrast=\"auto\"> que o regulador tome a sua decis\u00e3o \u2014 e \u00e9 exatamente por isso que a sua participa\u00e7\u00e3o em momentos como este \u00e9 t\u00e3o relevante.<\/span><span data-ccp-props=\"{&quot;335551550&quot;:6,&quot;335551620&quot;:6}\">\u00a0<\/span><\/p>\n<p><span data-contrast=\"auto\">Como regra, as consultas p\u00fablicas possuem prazo de dura\u00e7\u00e3o de ao menos 45 dias. Mas, em casos de extrema urg\u00eancia (como no tema da invers\u00e3o de fluxo), o prazo pode ser reduzido. <\/span><b><span data-contrast=\"auto\">Da\u00ed o porqu\u00ea de a CP 03\/24 possuir prazo de contribui\u00e7\u00f5es de apenas 15 dias.<\/span><\/b><span data-ccp-props=\"{&quot;335551550&quot;:6,&quot;335551620&quot;:6}\">\u00a0<\/span><\/p>\n<h3><span class=\"TextRun SCXW35032174 BCX0\" lang=\"PT-BR\" xml:lang=\"PT-BR\" data-contrast=\"auto\"><span class=\"NormalTextRun SCXW35032174 BCX0\">A CP 03\/24<\/span><\/span><\/h3>\n<p><span data-contrast=\"auto\">Como de costume, a ANEEL j\u00e1 disponibilizou a minuta da poss\u00edvel nova Resolu\u00e7\u00e3o Normativa (REN), com sua proposta de tratativa aos dois objetos desta CP. Dentre os documentos disponibilizados, h\u00e1 tamb\u00e9m o formul\u00e1rio que deve ser utilizado, que segue o modelo abaixo.<\/span><span data-ccp-props=\"{&quot;335551550&quot;:6,&quot;335551620&quot;:6}\">\u00a0<\/span><\/p>\n<p><span data-contrast=\"auto\">Voc\u00ea pode perceber, por meio dele, que de forma bastante pr\u00e1tica, a ANEEL objetiva receber contribui\u00e7\u00f5es que partam do texto por ela proposto para apresentar sugest\u00f5es de melhorias na reda\u00e7\u00e3o. A sua sugest\u00e3o pode ser no sentido de modificar ou mesmo excluir o texto. \u00c9 de extrema import\u00e2ncia que voc\u00ea mencione, tamb\u00e9m, o motivo de tal contribui\u00e7\u00e3o, ok?<\/span><span data-ccp-props=\"{&quot;335551550&quot;:6,&quot;335551620&quot;:6}\">\u00a0<\/span><\/p>\n<h1><img loading=\"lazy\" decoding=\"async\" width=\"2384\" height=\"938\" class=\"alignnone size-full wp-image-9786\" src=\"https:\/\/www.weg.net\/solar\/blog\/wp-content\/uploads\/2024\/02\/consulta_de_inversao_de_fluxo_de_potencia_3_.png\" alt=\"consulta de invers\u00e3o de fluxo de pot\u00eancia\" srcset=\"https:\/\/www.weg.net\/solar\/blog\/wp-content\/uploads\/2024\/02\/consulta_de_inversao_de_fluxo_de_potencia_3_.png 2384w, https:\/\/www.weg.net\/solar\/blog\/wp-content\/uploads\/2024\/02\/consulta_de_inversao_de_fluxo_de_potencia_3_-400x157.png 400w, https:\/\/www.weg.net\/solar\/blog\/wp-content\/uploads\/2024\/02\/consulta_de_inversao_de_fluxo_de_potencia_3_-1024x403.png 1024w, https:\/\/www.weg.net\/solar\/blog\/wp-content\/uploads\/2024\/02\/consulta_de_inversao_de_fluxo_de_potencia_3_-768x302.png 768w, https:\/\/www.weg.net\/solar\/blog\/wp-content\/uploads\/2024\/02\/consulta_de_inversao_de_fluxo_de_potencia_3_-1536x604.png 1536w, https:\/\/www.weg.net\/solar\/blog\/wp-content\/uploads\/2024\/02\/consulta_de_inversao_de_fluxo_de_potencia_3_-2048x806.png 2048w\" sizes=\"auto, (max-width: 2384px) 100vw, 2384px\" \/><\/h1>\n<p><span data-contrast=\"auto\">No tocante \u00e0 <\/span><b><span data-contrast=\"auto\">invers\u00e3o de fluxo<\/span><\/b><span data-contrast=\"auto\">, as recomenda\u00e7\u00f5es da Ag\u00eancia se concentram na <\/span><b><span data-contrast=\"auto\">altera\u00e7\u00e3o de 3 artigos da REN 1000\/2021<\/span><\/b><span data-contrast=\"auto\">: o 73 (que trata da realiza\u00e7\u00e3o dos estudos para invers\u00e3o de fluxo), o 75 (situa\u00e7\u00f5es em que a distribuidora pode solicitar avalia\u00e7\u00e3o do Operador Nacional do Sistema) e o 78 (fornecimento de estudos pela distribuidora ao consumidor quando solicitado por este).<\/span><span data-ccp-props=\"{&quot;335551550&quot;:6,&quot;335551620&quot;:6,&quot;335559739&quot;:0}\">\u00a0<\/span><\/p>\n<ul>\n<li data-leveltext=\"\uf0b7\" data-font=\"Symbol\" data-listid=\"2\" data-list-defn-props=\"{&quot;335552541&quot;:1,&quot;335559684&quot;:-2,&quot;335559685&quot;:720,&quot;335559991&quot;:360,&quot;469769226&quot;:&quot;Symbol&quot;,&quot;469769242&quot;:[8226],&quot;469777803&quot;:&quot;left&quot;,&quot;469777804&quot;:&quot;\uf0b7&quot;,&quot;469777815&quot;:&quot;hybridMultilevel&quot;}\" aria-setsize=\"-1\" data-aria-posinset=\"1\" data-aria-level=\"1\"><b><span data-contrast=\"auto\">Leia tamb\u00e9m:<\/span><\/b> <a href=\"https:\/\/www.weg.net\/solar\/blog\/o-mercado-livre-chegou-para-o-consumidor-do-grupo-a\/?utm_source=blog&amp;utm_medium=CTA&amp;utm_campaign=1+ABRIL+ANEEL+abre+consulta+publica+para+consulta+de+inversao+de+fluxo+de+pot%C3%AAncia+Blog+Barbara+Rubim++contabilizado+no+projeto+de+abril\" target=\"_blank\" rel=\"noopener\"><span data-contrast=\"none\">O mercado livre chegou para o consumidor do grupo A<\/span><\/a><span data-ccp-props=\"{}\">\u00a0<\/span><\/li>\n<\/ul>\n<h3><span class=\"TextRun SCXW227809322 BCX0\" lang=\"PT-BR\" xml:lang=\"PT-BR\" data-contrast=\"auto\"><span class=\"NormalTextRun SCXW227809322 BCX0\">Altera\u00e7\u00f5es propostas pela ANEEL<\/span><span class=\"NormalTextRun SCXW227809322 BCX0\"> e an\u00e1lises<\/span><\/span><span class=\"LineBreakBlob BlobObject DragDrop SCXW227809322 BCX0\"><span class=\"SCXW227809322 BCX0\">\u00a0<\/span><br class=\"SCXW227809322 BCX0\" \/><\/span><\/h3>\n<p><span class=\"TextRun SCXW258082163 BCX0\" lang=\"PT-BR\" xml:lang=\"PT-BR\" data-contrast=\"auto\"><span class=\"NormalTextRun SCXW258082163 BCX0\">Confira<\/span><span class=\"NormalTextRun SCXW258082163 BCX0\"> a seguir<\/span><span class=\"NormalTextRun SCXW258082163 BCX0\"> as altera\u00e7\u00f5es propostas em cada um desses artigo<\/span><span class=\"NormalTextRun SCXW258082163 BCX0\"> e as <\/span><span class=\"NormalTextRun SCXW258082163 BCX0\">an\u00e1lises<\/span><span class=\"NormalTextRun SCXW258082163 BCX0\"> feitas por mim<\/span><span class=\"NormalTextRun SCXW258082163 BCX0\">,<\/span><span class=\"NormalTextRun SCXW258082163 BCX0\"> B\u00e1rbara<\/span><span class=\"NormalTextRun SCXW258082163 BCX0\">,<\/span><span class=\"NormalTextRun SCXW258082163 BCX0\"> juntamente com a WEG.<\/span><\/span><span class=\"EOP SCXW258082163 BCX0\" data-ccp-props=\"{&quot;335559739&quot;:0}\">\u00a0<\/span><\/p>\n<h4><span class=\"TextRun SCXW242813532 BCX0\" lang=\"PT-BR\" xml:lang=\"PT-BR\" data-contrast=\"auto\"><span class=\"NormalTextRun SCXW242813532 BCX0\">ARTIGO 73<\/span><\/span><\/h4>\n<p><b><span data-contrast=\"auto\">Proposta da ANEEL:<\/span><\/b><i><span data-contrast=\"auto\"> \u00a7 2\u00ba O estudo da distribuidora de que trata o \u00a7 1\u00ba deve compor o or\u00e7amento de conex\u00e3o, observar o \u00a71\u00ba do art. 78 e conter, no m\u00ednimo:<\/span><\/i><span data-ccp-props=\"{&quot;335559739&quot;:0,&quot;335572079&quot;:6,&quot;335572080&quot;:1,&quot;335572081&quot;:4278190080,&quot;469789806&quot;:&quot;single&quot;}\">\u00a0<\/span><\/p>\n<hr \/>\n<p><i><span data-contrast=\"auto\">IV e V do \u00a71\u00ba, a an\u00e1lise da invers\u00e3o de fluxo para todos os dias da semana e, no m\u00ednimo, de hora em hora e, em caso de sazonalidade, an\u00e1lise m\u00eas a m\u00eas.<\/span><\/i><span data-ccp-props=\"{&quot;335559739&quot;:0}\">\u00a0<\/span><\/p>\n<p><b><span data-contrast=\"none\">An\u00e1lise: Altera\u00e7\u00e3o positiva <\/span><\/b><b><span data-contrast=\"none\">\u2705<\/span><\/b><span data-ccp-props=\"{&quot;335559739&quot;:0}\">\u00a0<\/span><\/p>\n<p><span data-ccp-props=\"{&quot;335559739&quot;:0}\">\u00a0<\/span><span data-contrast=\"none\">Uma grande cr\u00edtica \u00e0s an\u00e1lises de invers\u00e3o de fluxo feitas pela distribuidora \u00e9 sobre sua baixa granularidade.\u00a0<\/span><span data-ccp-props=\"{&quot;335559739&quot;:0}\">\u00a0<\/span><\/p>\n<p><span data-ccp-props=\"{&quot;335559739&quot;:0}\">\u00a0<\/span><span data-contrast=\"none\">Isso permite que uma invers\u00e3o identificada em um domingo na hora do almo\u00e7o, por exemplo, seja usada como justificativa para limitar a inje\u00e7\u00e3o do sistema em todos os outros dias e horas do m\u00eas.\u00a0<\/span><span data-ccp-props=\"{&quot;335559739&quot;:0}\">\u00a0<\/span><\/p>\n<p><span data-ccp-props=\"{&quot;335559739&quot;:0}\">\u00a0<\/span><span data-contrast=\"none\">Com a obrigatoriedade de apresenta\u00e7\u00e3o de uma an\u00e1lise mais granular, \u00e9 eliminada a discricionariedade e permitida, tamb\u00e9m, outras solu\u00e7\u00f5es desenvolvidas ou propostas para permitir a conex\u00e3o do sistema.<\/span><span data-ccp-props=\"{&quot;335559739&quot;:0}\">\u00a0<\/span><\/p>\n<hr \/>\n<p><b><span data-contrast=\"auto\">Proposta da ANEEL:<\/span><\/b><i><span data-contrast=\"auto\"> \u00a76\u00ba No caso de conex\u00e3o no Grupo B por meio de transformador exclusivo da distribuidora, a an\u00e1lise de invers\u00e3o do fluxo de pot\u00eancia n\u00e3o deve ser realizada no posto de transforma\u00e7\u00e3o, somente no n\u00edvel de tens\u00e3o superior.<\/span><\/i><span data-ccp-props=\"{}\">\u00a0<\/span><\/p>\n<p><b><span data-contrast=\"none\">An\u00e1lise: Altera\u00e7\u00e3o positiva <\/span><\/b><b><span data-contrast=\"none\">\u2705<\/span><\/b><span data-ccp-props=\"{&quot;335559739&quot;:0}\">\u00a0<\/span><\/p>\n<p data-ccp-border-bottom=\"1px solid #000000\" data-ccp-padding-bottom=\"1.3333333333333333px\">\u00a0<span data-contrast=\"none\">Uma vez que o transformador \u00e9 exclusivo, qualquer an\u00e1lise no posto de transforma\u00e7\u00e3o resultaria em constata\u00e7\u00e3o de invers\u00e3o de fluxo de pot\u00eancia.<\/span><span data-ccp-props=\"{&quot;335559739&quot;:0,&quot;335572079&quot;:6,&quot;335572080&quot;:1,&quot;335572081&quot;:4278190080,&quot;469789806&quot;:&quot;single&quot;}\">\u00a0<\/span><\/p>\n<hr \/>\n<p data-ccp-border-top=\"0px none \" data-ccp-padding-top=\"0px\"><b><span data-contrast=\"auto\">Proposta da ANEEL:<\/span><\/b><i><span data-contrast=\"auto\"> \u00a77\u00ba Quando a distribuidora n\u00e3o comprovar viola\u00e7\u00f5es de par\u00e2metros t\u00e9cnicos da rede, conforme estabelecido no M\u00f3dulo 8 do PRODIST, a an\u00e1lise de invers\u00e3o de fluxo fica afastada nas seguintes situa\u00e7\u00f5es:\u00a0\u00a0<\/span><\/i><span data-ccp-props=\"{&quot;335559739&quot;:0}\">\u00a0<\/span><\/p>\n<p><i><span data-contrast=\"auto\">I &#8211; microgera\u00e7\u00e3o e minigera\u00e7\u00e3o distribu\u00edda que n\u00e3o injete na rede de distribui\u00e7\u00e3o de energia el\u00e9trica; e\u00a0\u00a0<\/span><\/i><span data-ccp-props=\"{&quot;335559739&quot;:0}\">\u00a0<\/span><\/p>\n<p><i><span data-contrast=\"auto\">II &#8211; microgera\u00e7\u00e3o distribu\u00edda que se enquadre nos crit\u00e9rios de gratuidade dispostos no \u00a7 3\u00ba do art. 104, no \u00a7 2\u00ba do art. 105 e no Par\u00e1grafo \u00fanico do art. 106.<\/span><\/i><span data-ccp-props=\"{&quot;335559739&quot;:0}\">\u00a0<\/span><\/p>\n<p><span data-ccp-props=\"{&quot;335559739&quot;:0}\">\u00a0<\/span><b><span data-contrast=\"none\">An\u00e1lise: Precisa de aprimoramento <\/span><\/b><span data-contrast=\"auto\">\ud83d\udea8<\/span><span data-ccp-props=\"{&quot;335559739&quot;:0}\">\u00a0<\/span><\/p>\n<p><span data-ccp-props=\"{&quot;335559739&quot;:0}\">\u00a0<\/span><span data-contrast=\"none\">Conectar o M\u00f3dulo 8 do PRODIST \u00e0 an\u00e1lise de invers\u00e3o de fluxo \u00e9 positivo, contudo, a forma aqui proposta parece, no m\u00ednimo, equivocada.\u00a0<\/span><span data-ccp-props=\"{&quot;335559739&quot;:0}\">\u00a0<\/span><\/p>\n<p><span data-ccp-props=\"{&quot;335559739&quot;:0}\">\u00a0<\/span><span data-contrast=\"none\">Primeiro, porque na hip\u00f3tese do inciso I (MMGD sem inje\u00e7\u00e3o na rede) sequer h\u00e1 de se falar em invers\u00e3o de fluxo.\u00a0<\/span><span data-ccp-props=\"{&quot;335559739&quot;:0}\">\u00a0<\/span><\/p>\n<p><span data-ccp-props=\"{&quot;335559739&quot;:0}\">\u00a0<\/span><span data-contrast=\"none\">Segundo, porque nos parece muito mais coerente que, sendo a gera\u00e7\u00e3o pr\u00f3pria um direito do consumidor estabelecido em lei federal, qualquer limita\u00e7\u00e3o a ele deve ser fruto de comprova\u00e7\u00e3o de que a instala\u00e7\u00e3o do sistema de MMGD traz preju\u00edzos \u00e0 rede e\/ou aos demais usu\u00e1rios.<\/span><span data-ccp-props=\"{&quot;335559739&quot;:0}\">\u00a0<\/span><\/p>\n<p><span data-ccp-props=\"{&quot;335559739&quot;:0}\">\u00a0<\/span><span data-contrast=\"none\">Ainda, a reda\u00e7\u00e3o proposta leva ao entendimento de que em todos os outros casos n\u00e3o requerem que seja comprovada a viola\u00e7\u00e3o aos par\u00e2metros t\u00e9cnicos da rede.<\/span><span data-ccp-props=\"{&quot;335559739&quot;:0}\">\u00a0<\/span><\/p>\n<p><span data-ccp-props=\"{&quot;335559739&quot;:0}\">\u00a0<\/span><span data-contrast=\"none\">A proposta contemplada neste item foi alterada pela Diretora Relatora do processo no momento da abertura da consulta p\u00fablica.\u00a0<\/span><span data-ccp-props=\"{&quot;335559739&quot;:0}\">\u00a0<\/span><\/p>\n<p><span data-ccp-props=\"{&quot;335559739&quot;:0}\">\u00a0<\/span><span data-contrast=\"none\">A reda\u00e7\u00e3o anteriormente sugerida pela \u00e1rea t\u00e9cnica era no sentido de dispensar a an\u00e1lise de invers\u00e3o de fluxo sempre que n\u00e3o houvesse inje\u00e7\u00e3o na rede e quando a microGD se enquadrar nos crit\u00e9rios de gratuidade \u2014 o que nos parece mais aderente \u00e0 realidade setorial.<\/span><span data-ccp-props=\"{&quot;335559739&quot;:0}\">\u00a0<\/span><\/p>\n<hr \/>\n<p><b><span data-contrast=\"auto\">Proposta da ANEEL:<\/span><\/b><i><span data-contrast=\"auto\"> \u00a7 8\u00ba Caso pelo menos uma das alternativas do inciso I ou II do \u00a71\u00ba sejam identificadas como vi\u00e1veis, n\u00e3o h\u00e1 necessidade de incluir no estudo a an\u00e1lise das demais alternativas.<\/span><\/i><span data-ccp-props=\"{}\">\u00a0<\/span><\/p>\n<p><b><span data-contrast=\"none\">An\u00e1lise: Precisa de aprimoramento <\/span><\/b><span data-contrast=\"auto\">\ud83d\udea8<\/span><br \/>\n<span data-ccp-props=\"{&quot;335559739&quot;:0}\">\u00a0<\/span><span data-contrast=\"none\">Esta proposta abre margem para que, novamente, haja elevado \u00edndice de discricionariedade por parte das distribuidoras no momento da an\u00e1lise da invers\u00e3o de fluxo de pot\u00eancia.<\/span><span data-ccp-props=\"{&quot;335559739&quot;:0}\">\u00a0<\/span><\/p>\n<p><span data-ccp-props=\"{&quot;335559739&quot;:0}\">\u00a0<\/span><span data-contrast=\"none\">N\u00e3o parece razo\u00e1vel que caiba \u00e0 distribuidora fazer tal ju\u00edzo de valor, vez que 1) n\u00e3o \u00e9 ela que far\u00e1 o investimento no sistema; e 2) h\u00e1 evidente conflito de interesse. Prova disso, por exemplo, \u00e9 a CEMIG indicando, como vi\u00e1vel, que sistemas de energia solar fotovoltaica injetem energia na rede \u00e0 noite.\u00a0<\/span><span data-ccp-props=\"{&quot;335559739&quot;:0}\">\u00a0<\/span><\/p>\n<ul>\n<li data-leveltext=\"\uf0b7\" data-font=\"Symbol\" data-listid=\"2\" data-list-defn-props=\"{&quot;335552541&quot;:1,&quot;335559684&quot;:-2,&quot;335559685&quot;:720,&quot;335559991&quot;:360,&quot;469769226&quot;:&quot;Symbol&quot;,&quot;469769242&quot;:[8226],&quot;469777803&quot;:&quot;left&quot;,&quot;469777804&quot;:&quot;\uf0b7&quot;,&quot;469777815&quot;:&quot;hybridMultilevel&quot;}\" aria-setsize=\"-1\" data-aria-posinset=\"1\" data-aria-level=\"1\"><b><span data-contrast=\"auto\">Leia tamb\u00e9m:<\/span><\/b> <a href=\"https:\/\/www.weg.net\/solar\/blog\/energia-solar-no-campo-um-aliado-contra-as-altas-tarifarias-do-produtor-rural\/?utm_source=blog&amp;utm_medium=CTA&amp;utm_campaign=1+ABRIL+ANEEL+abre+consulta+publica+para+consulta+de+inversao+de+fluxo+de+pot%C3%AAncia+Blog+Barbara+Rubim++contabilizado+no+projeto+de+abril\" target=\"_blank\" rel=\"noopener\"><span data-contrast=\"none\">Energia solar no campo: um aliado contra as altas tarif\u00e1rias do produtor rural<\/span><\/a><span data-ccp-props=\"{}\">\u00a0<\/span><\/li>\n<\/ul>\n<h4><span class=\"TextRun SCXW212407326 BCX0\" lang=\"PT-BR\" xml:lang=\"PT-BR\" data-contrast=\"auto\"><span class=\"NormalTextRun SCXW212407326 BCX0\">ARTIGO 75<\/span><\/span><\/h4>\n<p><b><span data-contrast=\"auto\">Proposta da ANEEL:<\/span><\/b><span data-contrast=\"auto\"> Art. 75&#8230; <\/span><span data-contrast=\"auto\">Par\u00e1grafo \u00fanico. A solicita\u00e7\u00e3o de que trata o caput deve ser acompanhada do estudo realizado pela distribuidora, das caracter\u00edsticas da carga e gera\u00e7\u00e3o na \u00e1rea de atua\u00e7\u00e3o e das demais informa\u00e7\u00f5es necess\u00e1rias para avalia\u00e7\u00e3o pelo ONS.<\/span><span data-ccp-props=\"{}\">\u00a0<\/span><\/p>\n<p><b><span data-contrast=\"none\">An\u00e1lise: Altera\u00e7\u00e3o positiva <\/span><\/b><b><span data-contrast=\"none\">\u2705<\/span><\/b><\/p>\n<h4><span class=\"TextRun SCXW147745435 BCX0\" lang=\"PT-BR\" xml:lang=\"PT-BR\" data-contrast=\"auto\"><span class=\"NormalTextRun SCXW147745435 BCX0\">ARTIGO 78<\/span><\/span><span class=\"EOP SCXW147745435 BCX0\" data-ccp-props=\"{}\">\u00a0<\/span><\/h4>\n<p><b><span data-contrast=\"auto\">Proposta da ANEEL:<\/span><\/b> <i><span data-contrast=\"auto\">\u00a7 1\u00ba A disponibiliza\u00e7\u00e3o dos estudos deve observar o princ\u00edpio da transpar\u00eancia, de modo que permita a sua reprodu\u00e7\u00e3o pelo consumidor e demais usu\u00e1rios.<\/span><\/i><span data-ccp-props=\"{}\">\u00a0<\/span><\/p>\n<p data-ccp-border-bottom=\"1px solid #000000\" data-ccp-padding-bottom=\"1.3333333333333333px\"><b><span data-contrast=\"none\">An\u00e1lise: Altera\u00e7\u00e3o positiva <\/span><\/b><b><span data-contrast=\"none\">\u2705<\/span><\/b><span data-ccp-props=\"{&quot;335572079&quot;:6,&quot;335572080&quot;:1,&quot;335572081&quot;:4278190080,&quot;469789806&quot;:&quot;single&quot;}\">\u00a0<\/span><\/p>\n<hr \/>\n<p data-ccp-border-top=\"0px none \" data-ccp-padding-top=\"0px\"><b><span data-contrast=\"auto\">Proposta da ANEEL:<\/span><\/b> <i><span data-contrast=\"auto\">\u00a7 2\u00ba O consumidor e demais usu\u00e1rios podem especificar \u00e0 distribuidora quais informa\u00e7\u00f5es tem interesse de avaliar, bem como tem direito \u00e0 complementa\u00e7\u00e3o em caso de informa\u00e7\u00f5es consideradas insuficientes.<\/span><\/i><span data-ccp-props=\"{}\">\u00a0<\/span><\/p>\n<p><b><span data-contrast=\"none\">An\u00e1lise: Pode melhorar <\/span><\/b><b><span data-contrast=\"none\">\u203c\ufe0f<\/span><\/b><\/p>\n<p><span data-contrast=\"none\">Seria importante prever um novo prazo (inferior ao inicial) para a distribuidora fornecer as informa\u00e7\u00f5es faltantes. Nossa sugest\u00e3o \u00e9 que o prazo seja de 5 dias \u00fateis.<\/span><\/p>\n<hr \/>\n<p><b><span data-contrast=\"auto\">Proposta da ANEEL:<\/span><\/b> <i><span data-contrast=\"auto\">\u00a7 3\u00ba A n\u00e3o disponibiliza\u00e7\u00e3o dos estudos ou a sua disponibiliza\u00e7\u00e3o de forma incompleta gera presun\u00e7\u00e3o relativa de veracidade das reclama\u00e7\u00f5es do consumidor e demais usu\u00e1rios.<\/span><\/i><span data-ccp-props=\"{}\">\u00a0<\/span><\/p>\n<p><b><span data-contrast=\"none\">An\u00e1lise: Pode melhorar <\/span><\/b><b><span data-contrast=\"none\">\u203c\ufe0f<\/span><\/b><span data-ccp-props=\"{}\">\u00a0<\/span><\/p>\n<p><span data-contrast=\"auto\">A presun\u00e7\u00e3o de veracidade das reclama\u00e7\u00f5es do consumidor \u00e9 positiva e alinhada, inclusive, aos preceitos do direito consumerista.<\/span><span data-ccp-props=\"{}\">\u00a0<\/span><\/p>\n<p><span data-contrast=\"auto\">Contudo, seria importante esclarecer:\u00a0<\/span><span data-ccp-props=\"{}\">\u00a0<\/span><\/p>\n<p><span data-contrast=\"auto\">1) Ap\u00f3s qual prazo de n\u00e3o atendimento pela distribuidora tal presun\u00e7\u00e3o se aplica, a fim de se evitar que a discuss\u00e3o se arraste por meses em virtude de recorrentes pedidos de extens\u00e3o de prazo por parte das distribuidoras (pr\u00e1tica bastante comum nos casos levados \u00e0 ouvidoria);\u00a0<\/span><span data-ccp-props=\"{}\">\u00a0<\/span><\/p>\n<p><span data-contrast=\"auto\">2) O que tal presun\u00e7\u00e3o de veracidade significa em termos pr\u00e1ticos no tocante \u00e0 possibilidade ou n\u00e3o de conex\u00e3o do sistema de MMGD na rede de distribui\u00e7\u00e3o.<\/span><span data-ccp-props=\"{}\">\u00a0<\/span><\/p>\n<ul>\n<li data-leveltext=\"\uf0b7\" data-font=\"Symbol\" data-listid=\"2\" data-list-defn-props=\"{&quot;335552541&quot;:1,&quot;335559684&quot;:-2,&quot;335559685&quot;:720,&quot;335559991&quot;:360,&quot;469769226&quot;:&quot;Symbol&quot;,&quot;469769242&quot;:[8226],&quot;469777803&quot;:&quot;left&quot;,&quot;469777804&quot;:&quot;\uf0b7&quot;,&quot;469777815&quot;:&quot;hybridMultilevel&quot;}\" aria-setsize=\"-1\" data-aria-posinset=\"1\" data-aria-level=\"1\"><b><span data-contrast=\"auto\">Leia tamb\u00e9m: <\/span><\/b><a href=\"https:\/\/www.weg.net\/solar\/blog\/projetos-grid-zero-afinal-como-sao-homologados\/?utm_source=blog&amp;utm_medium=CTA&amp;utm_campaign=1+ABRIL+ANEEL+abre+consulta+publica+para+consulta+de+inversao+de+fluxo+de+pot%C3%AAncia+Blog+Barbara+Rubim++contabilizado+no+projeto+de+abril\" target=\"_blank\" rel=\"noopener\"><span data-contrast=\"none\">Projetos grid zero: afinal, como s\u00e3o homologados?<\/span><\/a><span data-ccp-props=\"{}\">\u00a0<\/span><\/li>\n<\/ul>\n<h3><span class=\"TextRun SCXW189413604 BCX0\" lang=\"PT-BR\" xml:lang=\"PT-BR\" data-contrast=\"auto\"><span class=\"NormalTextRun SCXW189413604 BCX0\">E agora<\/span><span class=\"NormalTextRun SCXW189413604 BCX0\">,<\/span><span class=\"NormalTextRun SCXW189413604 BCX0\"> como me envolver?<\/span><\/span><span class=\"EOP SCXW189413604 BCX0\" data-ccp-props=\"{}\">\u00a0<\/span><\/h3>\n<p><span data-contrast=\"auto\">Neste texto, buscamos detalhar as propostas da ANEEL para o tema de invers\u00e3o de fluxo, de modo que voc\u00ea esteja mais bem preparado para elaborar a sua contribui\u00e7\u00e3o e submet\u00ea-la \u00e0 Ag\u00eancia.\u00a0<\/span><span data-ccp-props=\"{&quot;335551550&quot;:6,&quot;335551620&quot;:6}\">\u00a0<\/span><\/p>\n<p><span data-contrast=\"auto\">De modo geral, a maior parte das propostas da ANEEL carece de aprimoramento \u2013 sendo ainda mais importante a participa\u00e7\u00e3o massiva do setor.<\/span><span data-ccp-props=\"{&quot;335551550&quot;:6,&quot;335551620&quot;:6}\">\u00a0<\/span><\/p>\n<p><span data-contrast=\"auto\">Por fim, alguns pontos importantes para ter em mente:<\/span><\/p>\n<ul>\n<li data-leveltext=\"\uf0b7\" data-font=\"Symbol\" data-listid=\"1\" data-list-defn-props=\"{&quot;335552541&quot;:1,&quot;335559684&quot;:-2,&quot;335559685&quot;:720,&quot;335559991&quot;:360,&quot;469769226&quot;:&quot;Symbol&quot;,&quot;469769242&quot;:[8226],&quot;469777803&quot;:&quot;left&quot;,&quot;469777804&quot;:&quot;\uf0b7&quot;,&quot;469777815&quot;:&quot;hybridMultilevel&quot;}\" aria-setsize=\"-1\" data-aria-posinset=\"1\" data-aria-level=\"1\"><span data-contrast=\"auto\">Voc\u00ea pode enviar suas contribui\u00e7\u00f5es somente com o tema de invers\u00e3o de fluxo. Ou seja, apesar de a Consulta P\u00fablica possuir dois objetivos, n\u00e3o h\u00e1 obrigatoriedade que voc\u00ea envie contribui\u00e7\u00f5es para ambos.<\/span><span data-ccp-props=\"{&quot;335559739&quot;:0}\">\u00a0<\/span><\/li>\n<\/ul>\n<ul>\n<li data-leveltext=\"\uf0b7\" data-font=\"Symbol\" data-listid=\"1\" data-list-defn-props=\"{&quot;335552541&quot;:1,&quot;335559684&quot;:-2,&quot;335559685&quot;:720,&quot;335559991&quot;:360,&quot;469769226&quot;:&quot;Symbol&quot;,&quot;469769242&quot;:[8226],&quot;469777803&quot;:&quot;left&quot;,&quot;469777804&quot;:&quot;\uf0b7&quot;,&quot;469777815&quot;:&quot;hybridMultilevel&quot;}\" aria-setsize=\"-1\" data-aria-posinset=\"2\" data-aria-level=\"1\"><span data-contrast=\"auto\">\u00c9 importante que as contribui\u00e7\u00f5es sejam individualizadas: um dos motivos pelos quais n\u00e3o optamos por lhe fornecer um modelo de contribui\u00e7\u00e3o j\u00e1 pronto para envio, \u00e9 porque a ANEEL tende a \u201cglosar\u201d contribui\u00e7\u00f5es id\u00eanticas, de modo que elas possuem menos peso no processo decis\u00f3rio. Por isso, voc\u00ea pode sim se basear nas informa\u00e7\u00f5es que trouxemos, mas tente colocar elementos da sua viv\u00eancia tamb\u00e9m.<\/span><span data-ccp-props=\"{&quot;335559739&quot;:0}\">\u00a0<\/span><\/li>\n<\/ul>\n<ul>\n<li data-leveltext=\"\uf0b7\" data-font=\"Symbol\" data-listid=\"1\" data-list-defn-props=\"{&quot;335552541&quot;:1,&quot;335559684&quot;:-2,&quot;335559685&quot;:720,&quot;335559991&quot;:360,&quot;469769226&quot;:&quot;Symbol&quot;,&quot;469769242&quot;:[8226],&quot;469777803&quot;:&quot;left&quot;,&quot;469777804&quot;:&quot;\uf0b7&quot;,&quot;469777815&quot;:&quot;hybridMultilevel&quot;}\" aria-setsize=\"-1\" data-aria-posinset=\"3\" data-aria-level=\"1\"><span data-contrast=\"auto\">O prazo para envio das contribui\u00e7\u00f5es \u00e9 fatal: ele se encerra \u00e0s 23h59 do dia 23\/02\/2024. As contribui\u00e7\u00f5es enviadas ap\u00f3s essa data n\u00e3o ser\u00e3o consideradas. Por isso, programe-se!<\/span><span data-ccp-props=\"{&quot;335559739&quot;:0}\">\u00a0<\/span><\/li>\n<\/ul>\n<p><span data-contrast=\"auto\">Espero que este texto lhe ajude a entender melhor o contexto da CP 03\/24 e a participar dela. <\/span><\/p>\n<p><span data-contrast=\"auto\">Aproveite e assine a <\/span><a href=\"https:\/\/materiais.solar.weg.net\/newsletter?utm_source=Blog&amp;utm_medium=CTA&amp;utm_campaign=1+ABRIL+ANEEL+abre+consulta+publica+para+consulta+de+inversao+de+fluxo+de+potencia+Blog+Barbara+Rubim+contabilizado+no+projeto+de+abril\" target=\"_blank\" rel=\"noopener\"><span data-contrast=\"none\">nossa newsletter<\/span><\/a><span data-contrast=\"auto\"> e siga-nos no <\/span><a href=\"https:\/\/www.instagram.com\/wegsolar\"><span data-contrast=\"none\">Instagram<\/span><\/a><span data-contrast=\"auto\"> para estar sempre por dentro das novidades de energia solar.\u00a0<\/span><span data-ccp-props=\"{}\">\u00a0<\/span><\/p>\n<p><a href=\"https:\/\/www.instagram.com\/abarbararubim\/\" target=\"_blank\" rel=\"noopener\"><img loading=\"lazy\" decoding=\"async\" width=\"763\" height=\"150\" class=\"alignnone size-full wp-image-9784\" src=\"https:\/\/www.weg.net\/solar\/blog\/wp-content\/uploads\/2024\/02\/assinatura-barbara-rubim.png\" alt=\"\" srcset=\"https:\/\/www.weg.net\/solar\/blog\/wp-content\/uploads\/2024\/02\/assinatura-barbara-rubim.png 763w, https:\/\/www.weg.net\/solar\/blog\/wp-content\/uploads\/2024\/02\/assinatura-barbara-rubim-400x79.png 400w, https:\/\/www.weg.net\/solar\/blog\/wp-content\/uploads\/2024\/02\/assinatura-barbara-rubim-760x150.png 760w\" sizes=\"auto, (max-width: 763px) 100vw, 763px\" \/><\/a><\/p>\n<p>&nbsp;<\/p>\n","protected":false},"excerpt":{"rendered":"<p>Ap\u00f3s meses de reclama\u00e7\u00f5es e problemas enfrentados por integradores do todo o pa\u00eds, a ANEEL finalmente abriu, no dia 8 de fevereiro, a Consulta P\u00fablica para 1) aprimorar a tratativa dada ao tema da invers\u00e3o de fluxo de pot\u00eancia pela REN 1000\/2021; e 2) regulamentar o uso da energia solar pelos benefici\u00e1rios do Programa Minha [&hellip;]<\/p>\n","protected":false},"author":4,"featured_media":9783,"comment_status":"closed","ping_status":"open","sticky":false,"template":"","format":"standard","meta":{"footnotes":""},"categories":[20,29,1],"tags":[239,224],"class_list":["post-9782","post","type-post","status-publish","format-standard","has-post-thumbnail","hentry","category-gestao","category-mercado","category-energia-solar","tag-normas-e-leis","tag-sistema-fotovoltaico"],"yoast_head":"<!-- This site is optimized with the Yoast SEO plugin v27.4 - https:\/\/yoast.com\/product\/yoast-seo-wordpress\/ -->\n<title>ANEEL abre consulta p\u00fablica sobre invers\u00e3o de fluxo de pot\u00eancia - WEG<\/title>\n<meta name=\"description\" content=\"Saiba tudo sobre a consulta p\u00fablica de invers\u00e3o de fluxo de pot\u00eancia e o uso da energia solar pelos benefici\u00e1rios do Programa Minha Casa Minha Vida.\" \/>\n<meta name=\"robots\" content=\"index, follow, max-snippet:-1, max-image-preview:large, max-video-preview:-1\" \/>\n<link rel=\"canonical\" href=\"https:\/\/www.weg.net\/solar\/blog\/inversao-de-fluxo\/\" \/>\n<meta property=\"og:locale\" content=\"pt_BR\" \/>\n<meta property=\"og:type\" content=\"article\" \/>\n<meta property=\"og:title\" content=\"ANEEL abre consulta p\u00fablica sobre invers\u00e3o de fluxo de pot\u00eancia - WEG\" \/>\n<meta property=\"og:description\" content=\"Saiba tudo sobre a consulta p\u00fablica de invers\u00e3o de fluxo de pot\u00eancia e o uso da energia solar pelos benefici\u00e1rios do Programa Minha Casa Minha Vida.\" \/>\n<meta property=\"og:url\" content=\"https:\/\/www.weg.net\/solar\/blog\/inversao-de-fluxo\/\" \/>\n<meta property=\"og:site_name\" content=\"WEG\" \/>\n<meta property=\"article:published_time\" content=\"2024-02-20T20:09:22+00:00\" \/>\n<meta property=\"article:modified_time\" content=\"2024-02-28T14:08:47+00:00\" \/>\n<meta property=\"og:image\" content=\"https:\/\/www.weg.net\/solar\/blog\/wp-content\/uploads\/2024\/02\/01.png\" \/>\n\t<meta property=\"og:image:width\" content=\"1025\" \/>\n\t<meta property=\"og:image:height\" content=\"480\" \/>\n\t<meta property=\"og:image:type\" content=\"image\/png\" \/>\n<meta name=\"author\" content=\"Woop\" \/>\n<meta name=\"twitter:card\" content=\"summary_large_image\" \/>\n<meta name=\"twitter:label1\" content=\"Escrito por\" \/>\n\t<meta name=\"twitter:data1\" content=\"Woop\" \/>\n\t<meta name=\"twitter:label2\" content=\"Est. tempo de leitura\" \/>\n\t<meta name=\"twitter:data2\" content=\"10 minutos\" \/>\n<script type=\"application\/ld+json\" class=\"yoast-schema-graph\">{\"@context\":\"https:\\\/\\\/schema.org\",\"@graph\":[{\"@type\":\"Article\",\"@id\":\"https:\\\/\\\/www.weg.net\\\/solar\\\/blog\\\/inversao-de-fluxo\\\/#article\",\"isPartOf\":{\"@id\":\"https:\\\/\\\/www.weg.net\\\/solar\\\/blog\\\/inversao-de-fluxo\\\/\"},\"author\":{\"name\":\"Woop\",\"@id\":\"https:\\\/\\\/www.weg.net\\\/solar\\\/blog\\\/#\\\/schema\\\/person\\\/ca3597f7454257039e653228f9d83390\"},\"headline\":\"ANEEL abre consulta p\u00fablica sobre invers\u00e3o de fluxo de pot\u00eancia\",\"datePublished\":\"2024-02-20T20:09:22+00:00\",\"dateModified\":\"2024-02-28T14:08:47+00:00\",\"mainEntityOfPage\":{\"@id\":\"https:\\\/\\\/www.weg.net\\\/solar\\\/blog\\\/inversao-de-fluxo\\\/\"},\"wordCount\":1813,\"image\":{\"@id\":\"https:\\\/\\\/www.weg.net\\\/solar\\\/blog\\\/inversao-de-fluxo\\\/#primaryimage\"},\"thumbnailUrl\":\"https:\\\/\\\/www.weg.net\\\/solar\\\/blog\\\/wp-content\\\/uploads\\\/2024\\\/02\\\/01.png\",\"keywords\":[\"Normas e leis\",\"Sistema fotovoltaico\"],\"articleSection\":[\"Gest\u00e3o\",\"Mercado\",\"Energia Solar\"],\"inLanguage\":\"pt-BR\"},{\"@type\":\"WebPage\",\"@id\":\"https:\\\/\\\/www.weg.net\\\/solar\\\/blog\\\/inversao-de-fluxo\\\/\",\"url\":\"https:\\\/\\\/www.weg.net\\\/solar\\\/blog\\\/inversao-de-fluxo\\\/\",\"name\":\"ANEEL abre consulta p\u00fablica sobre invers\u00e3o de fluxo de pot\u00eancia - WEG\",\"isPartOf\":{\"@id\":\"https:\\\/\\\/www.weg.net\\\/solar\\\/blog\\\/#website\"},\"primaryImageOfPage\":{\"@id\":\"https:\\\/\\\/www.weg.net\\\/solar\\\/blog\\\/inversao-de-fluxo\\\/#primaryimage\"},\"image\":{\"@id\":\"https:\\\/\\\/www.weg.net\\\/solar\\\/blog\\\/inversao-de-fluxo\\\/#primaryimage\"},\"thumbnailUrl\":\"https:\\\/\\\/www.weg.net\\\/solar\\\/blog\\\/wp-content\\\/uploads\\\/2024\\\/02\\\/01.png\",\"datePublished\":\"2024-02-20T20:09:22+00:00\",\"dateModified\":\"2024-02-28T14:08:47+00:00\",\"author\":{\"@id\":\"https:\\\/\\\/www.weg.net\\\/solar\\\/blog\\\/#\\\/schema\\\/person\\\/ca3597f7454257039e653228f9d83390\"},\"description\":\"Saiba tudo sobre a consulta p\u00fablica de invers\u00e3o de fluxo de pot\u00eancia e o uso da energia solar pelos benefici\u00e1rios do Programa Minha Casa Minha Vida.\",\"inLanguage\":\"pt-BR\",\"potentialAction\":[{\"@type\":\"ReadAction\",\"target\":[\"https:\\\/\\\/www.weg.net\\\/solar\\\/blog\\\/inversao-de-fluxo\\\/\"]}]},{\"@type\":\"ImageObject\",\"inLanguage\":\"pt-BR\",\"@id\":\"https:\\\/\\\/www.weg.net\\\/solar\\\/blog\\\/inversao-de-fluxo\\\/#primaryimage\",\"url\":\"https:\\\/\\\/www.weg.net\\\/solar\\\/blog\\\/wp-content\\\/uploads\\\/2024\\\/02\\\/01.png\",\"contentUrl\":\"https:\\\/\\\/www.weg.net\\\/solar\\\/blog\\\/wp-content\\\/uploads\\\/2024\\\/02\\\/01.png\",\"width\":1025,\"height\":480,\"caption\":\"invers\u00e3o de fluxo\"},{\"@type\":\"WebSite\",\"@id\":\"https:\\\/\\\/www.weg.net\\\/solar\\\/blog\\\/#website\",\"url\":\"https:\\\/\\\/www.weg.net\\\/solar\\\/blog\\\/\",\"name\":\"WEG\",\"description\":\"Solar - Blog\",\"potentialAction\":[{\"@type\":\"SearchAction\",\"target\":{\"@type\":\"EntryPoint\",\"urlTemplate\":\"https:\\\/\\\/www.weg.net\\\/solar\\\/blog\\\/?s={search_term_string}\"},\"query-input\":{\"@type\":\"PropertyValueSpecification\",\"valueRequired\":true,\"valueName\":\"search_term_string\"}}],\"inLanguage\":\"pt-BR\"},{\"@type\":\"Person\",\"@id\":\"https:\\\/\\\/www.weg.net\\\/solar\\\/blog\\\/#\\\/schema\\\/person\\\/ca3597f7454257039e653228f9d83390\",\"name\":\"Woop\",\"image\":{\"@type\":\"ImageObject\",\"inLanguage\":\"pt-BR\",\"@id\":\"https:\\\/\\\/secure.gravatar.com\\\/avatar\\\/001d26b588d64bc4fffa6c46f4aadbf72b19183e9ad1c10e21bfa5dbab6053b1?s=96&d=mm&r=g\",\"url\":\"https:\\\/\\\/secure.gravatar.com\\\/avatar\\\/001d26b588d64bc4fffa6c46f4aadbf72b19183e9ad1c10e21bfa5dbab6053b1?s=96&d=mm&r=g\",\"contentUrl\":\"https:\\\/\\\/secure.gravatar.com\\\/avatar\\\/001d26b588d64bc4fffa6c46f4aadbf72b19183e9ad1c10e21bfa5dbab6053b1?s=96&d=mm&r=g\",\"caption\":\"Woop\"},\"url\":\"https:\\\/\\\/www.weg.net\\\/solar\\\/blog\\\/author\\\/woop\\\/\"}]}<\/script>\n<!-- \/ Yoast SEO plugin. -->","yoast_head_json":{"title":"ANEEL abre consulta p\u00fablica sobre invers\u00e3o de fluxo de pot\u00eancia - WEG","description":"Saiba tudo sobre a consulta p\u00fablica de invers\u00e3o de fluxo de pot\u00eancia e o uso da energia solar pelos benefici\u00e1rios do Programa Minha Casa Minha Vida.","robots":{"index":"index","follow":"follow","max-snippet":"max-snippet:-1","max-image-preview":"max-image-preview:large","max-video-preview":"max-video-preview:-1"},"canonical":"https:\/\/www.weg.net\/solar\/blog\/inversao-de-fluxo\/","og_locale":"pt_BR","og_type":"article","og_title":"ANEEL abre consulta p\u00fablica sobre invers\u00e3o de fluxo de pot\u00eancia - WEG","og_description":"Saiba tudo sobre a consulta p\u00fablica de invers\u00e3o de fluxo de pot\u00eancia e o uso da energia solar pelos benefici\u00e1rios do Programa Minha Casa Minha Vida.","og_url":"https:\/\/www.weg.net\/solar\/blog\/inversao-de-fluxo\/","og_site_name":"WEG","article_published_time":"2024-02-20T20:09:22+00:00","article_modified_time":"2024-02-28T14:08:47+00:00","og_image":[{"width":1025,"height":480,"url":"https:\/\/www.weg.net\/solar\/blog\/wp-content\/uploads\/2024\/02\/01.png","type":"image\/png"}],"author":"Woop","twitter_card":"summary_large_image","twitter_misc":{"Escrito por":"Woop","Est. tempo de leitura":"10 minutos"},"schema":{"@context":"https:\/\/schema.org","@graph":[{"@type":"Article","@id":"https:\/\/www.weg.net\/solar\/blog\/inversao-de-fluxo\/#article","isPartOf":{"@id":"https:\/\/www.weg.net\/solar\/blog\/inversao-de-fluxo\/"},"author":{"name":"Woop","@id":"https:\/\/www.weg.net\/solar\/blog\/#\/schema\/person\/ca3597f7454257039e653228f9d83390"},"headline":"ANEEL abre consulta p\u00fablica sobre invers\u00e3o de fluxo de pot\u00eancia","datePublished":"2024-02-20T20:09:22+00:00","dateModified":"2024-02-28T14:08:47+00:00","mainEntityOfPage":{"@id":"https:\/\/www.weg.net\/solar\/blog\/inversao-de-fluxo\/"},"wordCount":1813,"image":{"@id":"https:\/\/www.weg.net\/solar\/blog\/inversao-de-fluxo\/#primaryimage"},"thumbnailUrl":"https:\/\/www.weg.net\/solar\/blog\/wp-content\/uploads\/2024\/02\/01.png","keywords":["Normas e leis","Sistema fotovoltaico"],"articleSection":["Gest\u00e3o","Mercado","Energia Solar"],"inLanguage":"pt-BR"},{"@type":"WebPage","@id":"https:\/\/www.weg.net\/solar\/blog\/inversao-de-fluxo\/","url":"https:\/\/www.weg.net\/solar\/blog\/inversao-de-fluxo\/","name":"ANEEL abre consulta p\u00fablica sobre invers\u00e3o de fluxo de pot\u00eancia - WEG","isPartOf":{"@id":"https:\/\/www.weg.net\/solar\/blog\/#website"},"primaryImageOfPage":{"@id":"https:\/\/www.weg.net\/solar\/blog\/inversao-de-fluxo\/#primaryimage"},"image":{"@id":"https:\/\/www.weg.net\/solar\/blog\/inversao-de-fluxo\/#primaryimage"},"thumbnailUrl":"https:\/\/www.weg.net\/solar\/blog\/wp-content\/uploads\/2024\/02\/01.png","datePublished":"2024-02-20T20:09:22+00:00","dateModified":"2024-02-28T14:08:47+00:00","author":{"@id":"https:\/\/www.weg.net\/solar\/blog\/#\/schema\/person\/ca3597f7454257039e653228f9d83390"},"description":"Saiba tudo sobre a consulta p\u00fablica de invers\u00e3o de fluxo de pot\u00eancia e o uso da energia solar pelos benefici\u00e1rios do Programa Minha Casa Minha Vida.","inLanguage":"pt-BR","potentialAction":[{"@type":"ReadAction","target":["https:\/\/www.weg.net\/solar\/blog\/inversao-de-fluxo\/"]}]},{"@type":"ImageObject","inLanguage":"pt-BR","@id":"https:\/\/www.weg.net\/solar\/blog\/inversao-de-fluxo\/#primaryimage","url":"https:\/\/www.weg.net\/solar\/blog\/wp-content\/uploads\/2024\/02\/01.png","contentUrl":"https:\/\/www.weg.net\/solar\/blog\/wp-content\/uploads\/2024\/02\/01.png","width":1025,"height":480,"caption":"invers\u00e3o de fluxo"},{"@type":"WebSite","@id":"https:\/\/www.weg.net\/solar\/blog\/#website","url":"https:\/\/www.weg.net\/solar\/blog\/","name":"WEG","description":"Solar - Blog","potentialAction":[{"@type":"SearchAction","target":{"@type":"EntryPoint","urlTemplate":"https:\/\/www.weg.net\/solar\/blog\/?s={search_term_string}"},"query-input":{"@type":"PropertyValueSpecification","valueRequired":true,"valueName":"search_term_string"}}],"inLanguage":"pt-BR"},{"@type":"Person","@id":"https:\/\/www.weg.net\/solar\/blog\/#\/schema\/person\/ca3597f7454257039e653228f9d83390","name":"Woop","image":{"@type":"ImageObject","inLanguage":"pt-BR","@id":"https:\/\/secure.gravatar.com\/avatar\/001d26b588d64bc4fffa6c46f4aadbf72b19183e9ad1c10e21bfa5dbab6053b1?s=96&d=mm&r=g","url":"https:\/\/secure.gravatar.com\/avatar\/001d26b588d64bc4fffa6c46f4aadbf72b19183e9ad1c10e21bfa5dbab6053b1?s=96&d=mm&r=g","contentUrl":"https:\/\/secure.gravatar.com\/avatar\/001d26b588d64bc4fffa6c46f4aadbf72b19183e9ad1c10e21bfa5dbab6053b1?s=96&d=mm&r=g","caption":"Woop"},"url":"https:\/\/www.weg.net\/solar\/blog\/author\/woop\/"}]}},"_links":{"self":[{"href":"https:\/\/www.weg.net\/solar\/blog\/wp-json\/wp\/v2\/posts\/9782","targetHints":{"allow":["GET"]}}],"collection":[{"href":"https:\/\/www.weg.net\/solar\/blog\/wp-json\/wp\/v2\/posts"}],"about":[{"href":"https:\/\/www.weg.net\/solar\/blog\/wp-json\/wp\/v2\/types\/post"}],"author":[{"embeddable":true,"href":"https:\/\/www.weg.net\/solar\/blog\/wp-json\/wp\/v2\/users\/4"}],"replies":[{"embeddable":true,"href":"https:\/\/www.weg.net\/solar\/blog\/wp-json\/wp\/v2\/comments?post=9782"}],"version-history":[{"count":3,"href":"https:\/\/www.weg.net\/solar\/blog\/wp-json\/wp\/v2\/posts\/9782\/revisions"}],"predecessor-version":[{"id":9789,"href":"https:\/\/www.weg.net\/solar\/blog\/wp-json\/wp\/v2\/posts\/9782\/revisions\/9789"}],"wp:featuredmedia":[{"embeddable":true,"href":"https:\/\/www.weg.net\/solar\/blog\/wp-json\/wp\/v2\/media\/9783"}],"wp:attachment":[{"href":"https:\/\/www.weg.net\/solar\/blog\/wp-json\/wp\/v2\/media?parent=9782"}],"wp:term":[{"taxonomy":"category","embeddable":true,"href":"https:\/\/www.weg.net\/solar\/blog\/wp-json\/wp\/v2\/categories?post=9782"},{"taxonomy":"post_tag","embeddable":true,"href":"https:\/\/www.weg.net\/solar\/blog\/wp-json\/wp\/v2\/tags?post=9782"}],"curies":[{"name":"wp","href":"https:\/\/api.w.org\/{rel}","templated":true}]}}