{"id":9621,"date":"2023-07-10T11:00:33","date_gmt":"2023-07-10T14:00:33","guid":{"rendered":"https:\/\/www.weg.net\/solar\/blog\/?p=9621"},"modified":"2023-07-20T10:39:32","modified_gmt":"2023-07-20T13:39:32","slug":"conexao-de-usinas-de-geracao-distribuida-gd-i-nao-perca-o-prazo","status":"publish","type":"post","link":"https:\/\/www.weg.net\/solar\/blog\/conexao-de-usinas-de-geracao-distribuida-gd-i-nao-perca-o-prazo\/","title":{"rendered":"Conex\u00e3o de usinas de gera\u00e7\u00e3o distribu\u00edda (GD I): n\u00e3o perca o prazo"},"content":{"rendered":"<p>Voc\u00ea j\u00e1 sabe que para uma usina entrar na modalidade de gera\u00e7\u00e3o distribu\u00edda (GD I), ou seja, garantir a compensa\u00e7\u00e3o integral das componentes tarif\u00e1rias at\u00e9 31 de dezembro de 2045, era necess\u00e1rio ter protocolado o pedido de or\u00e7amento de conex\u00e3o at\u00e9 7 de janeiro de 2023.<\/p>\n<p>No entanto, ap\u00f3s cumprida essa importante etapa, <strong>h\u00e1 outro prazo para se preocupar: o de in\u00edcio de inje\u00e7\u00e3o da energia na rede de distribui\u00e7\u00e3o.<\/strong><\/p>\n<p>O artigo 26, da Lei 14.300, regulado por meio do artigo 655-O da REN 1000\/2021, estabelece que, para assegurar que a usina realmente seja uma <a href=\"https:\/\/www.weg.net\/solar\/blog\/o-que-e-uma-geracao-distribuida-de-energia-e-quais-sao-as-suas-vantagens\/\" target=\"_blank\" rel=\"noopener\">gera\u00e7\u00e3o distribu\u00edda (GD I)<\/a>, \u00e9 necess\u00e1rio que o empreendimento inicie sua inje\u00e7\u00e3o na rede de distribui\u00e7\u00e3o em at\u00e9 120 dias da emiss\u00e3o do or\u00e7amento (quando for microgera\u00e7\u00e3o) ou 12 meses de tal data (quando for minigera\u00e7\u00e3o).<\/p>\n<p>\u00c0 primeira vista, este tema pode parecer f\u00e1cil, mas as d\u00favidas que surgem ao seu entorno s\u00e3o v\u00e1rias. Para ajudar, separamos as tr\u00eas mais comuns, conforme voc\u00ea acompanhar\u00e1 a seguir.<\/p>\n<ul>\n<li>Leia: <a href=\"https:\/\/www.weg.net\/solar\/blog\/energia-solar-vale-a-pena-veja-como-esse-investimento-tem-o-retorno-garantido\/\" target=\"_blank\" rel=\"noopener\">Energia solar vale a pena? Veja como esse investimento tem o retorno garantido!<\/a><\/li>\n<\/ul>\n<h2><strong>Principais d\u00favidas sobre inje\u00e7\u00e3o de energia na rede de gera\u00e7\u00e3o distribu\u00edda (GD I)<\/strong><\/h2>\n<p>Abaixo, voc\u00ea conferir\u00e1 as tr\u00eas principais d\u00favidas e suas respectivas respostas sobre a inje\u00e7\u00e3o de energia na rede de gera\u00e7\u00e3o distribu\u00edda (GD I). Confira:<\/p>\n<h3><strong>1- Como fica o prazo para in\u00edcio da inje\u00e7\u00e3o se forem necess\u00e1rias obras na rede para conex\u00e3o da usina?<\/strong><\/h3>\n<p><img loading=\"lazy\" decoding=\"async\" width=\"763\" height=\"300\" class=\"alignnone size-full wp-image-9623\" src=\"https:\/\/www.weg.net\/solar\/blog\/wp-content\/uploads\/2023\/07\/como-fica-o-prazo-para-inicio-da-injecao-se-forem-necessarias-obras-na-rede-para-conexao-da-usina.png\" alt=\"\" srcset=\"https:\/\/www.weg.net\/solar\/blog\/wp-content\/uploads\/2023\/07\/como-fica-o-prazo-para-inicio-da-injecao-se-forem-necessarias-obras-na-rede-para-conexao-da-usina.png 763w, https:\/\/www.weg.net\/solar\/blog\/wp-content\/uploads\/2023\/07\/como-fica-o-prazo-para-inicio-da-injecao-se-forem-necessarias-obras-na-rede-para-conexao-da-usina-400x157.png 400w, https:\/\/www.weg.net\/solar\/blog\/wp-content\/uploads\/2023\/07\/como-fica-o-prazo-para-inicio-da-injecao-se-forem-necessarias-obras-na-rede-para-conexao-da-usina-760x300.png 760w\" sizes=\"auto, (max-width: 763px) 100vw, 763px\" \/><\/p>\n<p>De acordo com o artigo 655-O, \u00a74\u00ba, da REN 1000\/2021, se forem necess\u00e1rias obras na rede para a conex\u00e3o da usina, valer\u00e1 o prazo que for maior: o citado anteriormente (120 dias ou 12 meses), ou o de t\u00e9rmino das obras, que s\u00e3o de responsabilidade da distribuidora.<\/p>\n<p>Ent\u00e3o, por exemplo, se a distribuidora pedir o prazo de 15 meses para realizar a obra de conex\u00e3o de uma usina de 1 MW, ao final dos 15 meses, a sua usina precisar\u00e1 estar pronta para injetar energia na rede.<\/p>\n<p>Aqui vale um destaque: caso se opte por realizar a obra por conta pr\u00f3pria (obra particular), o prazo a ser observado \u00e9 o prazo legal. Ou seja, 120 dias para in\u00edcio da inje\u00e7\u00e3o na microgera\u00e7\u00e3o e 12 meses na minigera\u00e7\u00e3o.<\/p>\n<h3><strong>2- Posso iniciar a inje\u00e7\u00e3o de energia de apenas uma parte da usina ou energizar somente a subesta\u00e7\u00e3o?<\/strong><\/h3>\n<p><img loading=\"lazy\" decoding=\"async\" width=\"763\" height=\"300\" class=\"alignnone size-full wp-image-9624\" src=\"https:\/\/www.weg.net\/solar\/blog\/wp-content\/uploads\/2023\/07\/posso-iniciar-a-injecao-de-energia-de-apenas-uma-parte-da-usina-ou-energizar-somente-a-subestacao.png\" alt=\"\" srcset=\"https:\/\/www.weg.net\/solar\/blog\/wp-content\/uploads\/2023\/07\/posso-iniciar-a-injecao-de-energia-de-apenas-uma-parte-da-usina-ou-energizar-somente-a-subestacao.png 763w, https:\/\/www.weg.net\/solar\/blog\/wp-content\/uploads\/2023\/07\/posso-iniciar-a-injecao-de-energia-de-apenas-uma-parte-da-usina-ou-energizar-somente-a-subestacao-400x157.png 400w, https:\/\/www.weg.net\/solar\/blog\/wp-content\/uploads\/2023\/07\/posso-iniciar-a-injecao-de-energia-de-apenas-uma-parte-da-usina-ou-energizar-somente-a-subestacao-760x300.png 760w\" sizes=\"auto, (max-width: 763px) 100vw, 763px\" \/><\/p>\n<p>Infelizmente, n\u00e3o.<\/p>\n<p>Isso porque a Aneel, em seu recentemente publicado caderno de perguntas e respostas, deixou claro que para assegurar o enquadramento como gera\u00e7\u00e3o distribu\u00edda (GD I) \u00e9 necess\u00e1rio que a usina inicie a inje\u00e7\u00e3o de energia na rede em montante compat\u00edvel com a pot\u00eancia constante do or\u00e7amento de conex\u00e3o.<\/p>\n<p>Ou seja, n\u00e3o \u00e9 poss\u00edvel iniciar a inje\u00e7\u00e3o parcial, tampouco energizar somente a subesta\u00e7\u00e3o.<\/p>\n<h3><strong>3- Caso a distribuidora autorize, \u00e9 poss\u00edvel postergar a data de in\u00edcio da inje\u00e7\u00e3o?<\/strong><\/h3>\n<p><img loading=\"lazy\" decoding=\"async\" width=\"763\" height=\"300\" class=\"alignnone size-full wp-image-9625\" src=\"https:\/\/www.weg.net\/solar\/blog\/wp-content\/uploads\/2023\/07\/caso-a-distribuidora-autorize-e-possivel-postergar-a-data-de-inicio-da-injecao.png\" alt=\"\" srcset=\"https:\/\/www.weg.net\/solar\/blog\/wp-content\/uploads\/2023\/07\/caso-a-distribuidora-autorize-e-possivel-postergar-a-data-de-inicio-da-injecao.png 763w, https:\/\/www.weg.net\/solar\/blog\/wp-content\/uploads\/2023\/07\/caso-a-distribuidora-autorize-e-possivel-postergar-a-data-de-inicio-da-injecao-400x157.png 400w, https:\/\/www.weg.net\/solar\/blog\/wp-content\/uploads\/2023\/07\/caso-a-distribuidora-autorize-e-possivel-postergar-a-data-de-inicio-da-injecao-760x300.png 760w\" sizes=\"auto, (max-width: 763px) 100vw, 763px\" \/><\/p>\n<p>Muita aten\u00e7\u00e3o nessa hora: \u00e9 poss\u00edvel, sim, repactuar a data de in\u00edcio de inje\u00e7\u00e3o com a distribuidora de energia.<\/p>\n<p>Contudo, tal acordo vai assegurar o ponto de conex\u00e3o da usina, mas n\u00e3o o enquadramento da usina como gera\u00e7\u00e3o distribu\u00edda (GD I) se o prazo previsto no artigo 26 da Lei 14.300\/2022 for descumprido.<\/p>\n<p>Para elucidar, vamos a um exemplo: imagine que voc\u00ea possui um or\u00e7amento de conex\u00e3o para uma usina de 600 kW emitido em 10 de fevereiro de 2023 \u2014 o projeto est\u00e1 enquadrado como GD I.<\/p>\n<p>Conforme o previsto no Contrato de Uso de Sistema de Distribui\u00e7\u00e3o (CUSD), assinado com a distribuidora, voc\u00ea deve iniciar a inje\u00e7\u00e3o de energia na rede no dia 18 de outubro de 2023.<\/p>\n<p>Quando essa data chegar, caso a usina ainda n\u00e3o esteja pronta, voc\u00ea ter\u00e1 duas op\u00e7\u00f5es:<\/p>\n<ol>\n<li>pagar a demanda contratada referente ao empreendimento;<\/li>\n<li>renegociar com a distribuidora um novo prazo para inje\u00e7\u00e3o \u2014 lembrando que a renegocia\u00e7\u00e3o depende da vontade de ambas as partes.<\/li>\n<\/ol>\n<p>Ao optar pelo caminho da renegocia\u00e7\u00e3o, a distribuidora lhe dar\u00e1 duas op\u00e7\u00f5es:<\/p>\n<ol>\n<li>nova data de inje\u00e7\u00e3o para o dia 18 de dezembro de 2023;<\/li>\n<li>nova data de inje\u00e7\u00e3o para o dia 18 de fevereiro de 2024.<\/li>\n<\/ol>\n<p>Se escolher a op\u00e7\u00e3o 1, voc\u00ea ter\u00e1 garantido o ponto de conex\u00e3o e o enquadramento da usina como GD I.<\/p>\n<p>Se escolher a op\u00e7\u00e3o 2, voc\u00ea ter\u00e1 garantido o ponto de conex\u00e3o, mas sua usina n\u00e3o ser\u00e1 mais uma GD I.<\/p>\n<p>Em virtude de tudo isso, \u00e9 essencial acompanhar com aten\u00e7\u00e3o esses prazos, combinado?<\/p>\n<p><a href=\"https:\/\/www.instagram.com\/abarbararubim\/?utm_source=Blog&amp;utm_medium=CTA&amp;utm_campaign=Conexao+de+usinas+de+geracao+distribuida+GD+I+nao+perca+o+prazo+\" target=\"_blank\" rel=\"noopener\"><img loading=\"lazy\" decoding=\"async\" width=\"763\" height=\"150\" class=\"alignnone size-full wp-image-9626\" src=\"https:\/\/www.weg.net\/solar\/blog\/wp-content\/uploads\/2023\/07\/assinatura_barbara_rubim.png\" alt=\"\" srcset=\"https:\/\/www.weg.net\/solar\/blog\/wp-content\/uploads\/2023\/07\/assinatura_barbara_rubim.png 763w, https:\/\/www.weg.net\/solar\/blog\/wp-content\/uploads\/2023\/07\/assinatura_barbara_rubim-400x79.png 400w, https:\/\/www.weg.net\/solar\/blog\/wp-content\/uploads\/2023\/07\/assinatura_barbara_rubim-760x150.png 760w\" sizes=\"auto, (max-width: 763px) 100vw, 763px\" \/><\/a><\/p>\n<p>Se voc\u00ea quer ficar por dentro de mais informa\u00e7\u00f5es importantes sobre o setor de energia solar, <a href=\"https:\/\/materiais.solar.weg.net\/newsletter?utm_source=Blog&amp;utm_medium=CTA&amp;utm_campaign=Conexao+de+usinas+de+geracao+distribuida+GD+I+nao+perca+o+prazo+\" target=\"_blank\" rel=\"noopener\">assine a newsletter<\/a> e acompanhe <a href=\"https:\/\/www.instagram.com\/wegsolar\/?utm_source=Blog&amp;utm_medium=CTA&amp;utm_campaign=Conexao+de+usinas+de+geracao+distribuida+GD+I+nao+perca+o+prazo+\" target=\"_blank\" rel=\"noopener\">as redes sociais da WEG<\/a><u>.<\/u><\/p>\n<p><a href=\"https:\/\/materiais.solar.weg.net\/newsletter?utm_source=Blog&amp;utm_medium=Banner&amp;utm_campaign=Conexao+de+usinas+de+geracao+distribuida+GD+I+nao+perca+o+prazo+\" target=\"_blank\" rel=\"noopener\"><img loading=\"lazy\" decoding=\"async\" width=\"763\" height=\"150\" class=\"alignnone size-full wp-image-9627\" src=\"https:\/\/www.weg.net\/solar\/blog\/wp-content\/uploads\/2023\/07\/newsletter-weg.png\" alt=\"\" srcset=\"https:\/\/www.weg.net\/solar\/blog\/wp-content\/uploads\/2023\/07\/newsletter-weg.png 763w, https:\/\/www.weg.net\/solar\/blog\/wp-content\/uploads\/2023\/07\/newsletter-weg-400x79.png 400w, https:\/\/www.weg.net\/solar\/blog\/wp-content\/uploads\/2023\/07\/newsletter-weg-760x150.png 760w\" sizes=\"auto, (max-width: 763px) 100vw, 763px\" \/><\/a><\/p>\n","protected":false},"excerpt":{"rendered":"<p>Voc\u00ea j\u00e1 sabe que para uma usina entrar na modalidade de gera\u00e7\u00e3o distribu\u00edda (GD I), ou seja, garantir a compensa\u00e7\u00e3o integral das componentes tarif\u00e1rias at\u00e9 31 de dezembro de 2045, era necess\u00e1rio ter protocolado o pedido de or\u00e7amento de conex\u00e3o at\u00e9 7 de janeiro de 2023. No entanto, ap\u00f3s cumprida essa importante etapa, h\u00e1 outro [&hellip;]<\/p>\n","protected":false},"author":4,"featured_media":9622,"comment_status":"closed","ping_status":"open","sticky":false,"template":"","format":"standard","meta":{"footnotes":""},"categories":[20,29,1],"tags":[229],"class_list":["post-9621","post","type-post","status-publish","format-standard","has-post-thumbnail","hentry","category-gestao","category-mercado","category-energia-solar","tag-geracao-distribuida"],"yoast_head":"<!-- This site is optimized with the Yoast SEO plugin v27.4 - https:\/\/yoast.com\/product\/yoast-seo-wordpress\/ -->\n<title>Conex\u00e3o de usinas de gera\u00e7\u00e3o distribu\u00edda (GD I): n\u00e3o perca o prazo - WEG<\/title>\n<meta name=\"description\" content=\"Tudo o que voc\u00ea precisa saber sobre o prazo de in\u00edcio de inje\u00e7\u00e3o da energia na rede de gera\u00e7\u00e3o distribu\u00edda (GD I).\" \/>\n<meta name=\"robots\" content=\"index, follow, max-snippet:-1, max-image-preview:large, max-video-preview:-1\" \/>\n<link rel=\"canonical\" href=\"https:\/\/www.weg.net\/solar\/blog\/conexao-de-usinas-de-geracao-distribuida-gd-i-nao-perca-o-prazo\/\" \/>\n<meta property=\"og:locale\" content=\"pt_BR\" \/>\n<meta property=\"og:type\" content=\"article\" \/>\n<meta property=\"og:title\" content=\"Conex\u00e3o de usinas de gera\u00e7\u00e3o distribu\u00edda (GD I): n\u00e3o perca o prazo - WEG\" \/>\n<meta property=\"og:description\" content=\"Tudo o que voc\u00ea precisa saber sobre o prazo de in\u00edcio de inje\u00e7\u00e3o da energia na rede de gera\u00e7\u00e3o distribu\u00edda (GD I).\" \/>\n<meta property=\"og:url\" content=\"https:\/\/www.weg.net\/solar\/blog\/conexao-de-usinas-de-geracao-distribuida-gd-i-nao-perca-o-prazo\/\" \/>\n<meta property=\"og:site_name\" content=\"WEG\" \/>\n<meta property=\"article:published_time\" content=\"2023-07-10T14:00:33+00:00\" \/>\n<meta property=\"article:modified_time\" content=\"2023-07-20T13:39:32+00:00\" \/>\n<meta property=\"og:image\" content=\"https:\/\/www.weg.net\/solar\/blog\/wp-content\/uploads\/2023\/07\/conexao-de-usinas-de-geracao-distribuida-gd-i-nao-perca-o-prazo.png\" \/>\n\t<meta property=\"og:image:width\" content=\"1025\" \/>\n\t<meta property=\"og:image:height\" content=\"480\" \/>\n\t<meta property=\"og:image:type\" content=\"image\/png\" \/>\n<meta name=\"author\" content=\"Woop\" \/>\n<meta name=\"twitter:card\" content=\"summary_large_image\" \/>\n<meta name=\"twitter:label1\" content=\"Escrito por\" \/>\n\t<meta name=\"twitter:data1\" content=\"Woop\" \/>\n\t<meta name=\"twitter:label2\" content=\"Est. tempo de leitura\" \/>\n\t<meta name=\"twitter:data2\" content=\"4 minutos\" \/>\n<script type=\"application\/ld+json\" class=\"yoast-schema-graph\">{\"@context\":\"https:\\\/\\\/schema.org\",\"@graph\":[{\"@type\":\"Article\",\"@id\":\"https:\\\/\\\/www.weg.net\\\/solar\\\/blog\\\/conexao-de-usinas-de-geracao-distribuida-gd-i-nao-perca-o-prazo\\\/#article\",\"isPartOf\":{\"@id\":\"https:\\\/\\\/www.weg.net\\\/solar\\\/blog\\\/conexao-de-usinas-de-geracao-distribuida-gd-i-nao-perca-o-prazo\\\/\"},\"author\":{\"name\":\"Woop\",\"@id\":\"https:\\\/\\\/www.weg.net\\\/solar\\\/blog\\\/#\\\/schema\\\/person\\\/ca3597f7454257039e653228f9d83390\"},\"headline\":\"Conex\u00e3o de usinas de gera\u00e7\u00e3o distribu\u00edda (GD I): n\u00e3o perca o prazo\",\"datePublished\":\"2023-07-10T14:00:33+00:00\",\"dateModified\":\"2023-07-20T13:39:32+00:00\",\"mainEntityOfPage\":{\"@id\":\"https:\\\/\\\/www.weg.net\\\/solar\\\/blog\\\/conexao-de-usinas-de-geracao-distribuida-gd-i-nao-perca-o-prazo\\\/\"},\"wordCount\":802,\"image\":{\"@id\":\"https:\\\/\\\/www.weg.net\\\/solar\\\/blog\\\/conexao-de-usinas-de-geracao-distribuida-gd-i-nao-perca-o-prazo\\\/#primaryimage\"},\"thumbnailUrl\":\"https:\\\/\\\/www.weg.net\\\/solar\\\/blog\\\/wp-content\\\/uploads\\\/2023\\\/07\\\/conexao-de-usinas-de-geracao-distribuida-gd-i-nao-perca-o-prazo.png\",\"keywords\":[\"Gera\u00e7\u00e3o distribu\u00edda\"],\"articleSection\":[\"Gest\u00e3o\",\"Mercado\",\"Energia Solar\"],\"inLanguage\":\"pt-BR\"},{\"@type\":\"WebPage\",\"@id\":\"https:\\\/\\\/www.weg.net\\\/solar\\\/blog\\\/conexao-de-usinas-de-geracao-distribuida-gd-i-nao-perca-o-prazo\\\/\",\"url\":\"https:\\\/\\\/www.weg.net\\\/solar\\\/blog\\\/conexao-de-usinas-de-geracao-distribuida-gd-i-nao-perca-o-prazo\\\/\",\"name\":\"Conex\u00e3o de usinas de gera\u00e7\u00e3o distribu\u00edda (GD I): n\u00e3o perca o prazo - WEG\",\"isPartOf\":{\"@id\":\"https:\\\/\\\/www.weg.net\\\/solar\\\/blog\\\/#website\"},\"primaryImageOfPage\":{\"@id\":\"https:\\\/\\\/www.weg.net\\\/solar\\\/blog\\\/conexao-de-usinas-de-geracao-distribuida-gd-i-nao-perca-o-prazo\\\/#primaryimage\"},\"image\":{\"@id\":\"https:\\\/\\\/www.weg.net\\\/solar\\\/blog\\\/conexao-de-usinas-de-geracao-distribuida-gd-i-nao-perca-o-prazo\\\/#primaryimage\"},\"thumbnailUrl\":\"https:\\\/\\\/www.weg.net\\\/solar\\\/blog\\\/wp-content\\\/uploads\\\/2023\\\/07\\\/conexao-de-usinas-de-geracao-distribuida-gd-i-nao-perca-o-prazo.png\",\"datePublished\":\"2023-07-10T14:00:33+00:00\",\"dateModified\":\"2023-07-20T13:39:32+00:00\",\"author\":{\"@id\":\"https:\\\/\\\/www.weg.net\\\/solar\\\/blog\\\/#\\\/schema\\\/person\\\/ca3597f7454257039e653228f9d83390\"},\"description\":\"Tudo o que voc\u00ea precisa saber sobre o prazo de in\u00edcio de inje\u00e7\u00e3o da energia na rede de gera\u00e7\u00e3o distribu\u00edda (GD I).\",\"inLanguage\":\"pt-BR\",\"potentialAction\":[{\"@type\":\"ReadAction\",\"target\":[\"https:\\\/\\\/www.weg.net\\\/solar\\\/blog\\\/conexao-de-usinas-de-geracao-distribuida-gd-i-nao-perca-o-prazo\\\/\"]}]},{\"@type\":\"ImageObject\",\"inLanguage\":\"pt-BR\",\"@id\":\"https:\\\/\\\/www.weg.net\\\/solar\\\/blog\\\/conexao-de-usinas-de-geracao-distribuida-gd-i-nao-perca-o-prazo\\\/#primaryimage\",\"url\":\"https:\\\/\\\/www.weg.net\\\/solar\\\/blog\\\/wp-content\\\/uploads\\\/2023\\\/07\\\/conexao-de-usinas-de-geracao-distribuida-gd-i-nao-perca-o-prazo.png\",\"contentUrl\":\"https:\\\/\\\/www.weg.net\\\/solar\\\/blog\\\/wp-content\\\/uploads\\\/2023\\\/07\\\/conexao-de-usinas-de-geracao-distribuida-gd-i-nao-perca-o-prazo.png\",\"width\":1025,\"height\":480},{\"@type\":\"WebSite\",\"@id\":\"https:\\\/\\\/www.weg.net\\\/solar\\\/blog\\\/#website\",\"url\":\"https:\\\/\\\/www.weg.net\\\/solar\\\/blog\\\/\",\"name\":\"WEG\",\"description\":\"Solar - Blog\",\"potentialAction\":[{\"@type\":\"SearchAction\",\"target\":{\"@type\":\"EntryPoint\",\"urlTemplate\":\"https:\\\/\\\/www.weg.net\\\/solar\\\/blog\\\/?s={search_term_string}\"},\"query-input\":{\"@type\":\"PropertyValueSpecification\",\"valueRequired\":true,\"valueName\":\"search_term_string\"}}],\"inLanguage\":\"pt-BR\"},{\"@type\":\"Person\",\"@id\":\"https:\\\/\\\/www.weg.net\\\/solar\\\/blog\\\/#\\\/schema\\\/person\\\/ca3597f7454257039e653228f9d83390\",\"name\":\"Woop\",\"image\":{\"@type\":\"ImageObject\",\"inLanguage\":\"pt-BR\",\"@id\":\"https:\\\/\\\/secure.gravatar.com\\\/avatar\\\/001d26b588d64bc4fffa6c46f4aadbf72b19183e9ad1c10e21bfa5dbab6053b1?s=96&d=mm&r=g\",\"url\":\"https:\\\/\\\/secure.gravatar.com\\\/avatar\\\/001d26b588d64bc4fffa6c46f4aadbf72b19183e9ad1c10e21bfa5dbab6053b1?s=96&d=mm&r=g\",\"contentUrl\":\"https:\\\/\\\/secure.gravatar.com\\\/avatar\\\/001d26b588d64bc4fffa6c46f4aadbf72b19183e9ad1c10e21bfa5dbab6053b1?s=96&d=mm&r=g\",\"caption\":\"Woop\"},\"url\":\"https:\\\/\\\/www.weg.net\\\/solar\\\/blog\\\/author\\\/woop\\\/\"}]}<\/script>\n<!-- \/ Yoast SEO plugin. -->","yoast_head_json":{"title":"Conex\u00e3o de usinas de gera\u00e7\u00e3o distribu\u00edda (GD I): n\u00e3o perca o prazo - WEG","description":"Tudo o que voc\u00ea precisa saber sobre o prazo de in\u00edcio de inje\u00e7\u00e3o da energia na rede de gera\u00e7\u00e3o distribu\u00edda (GD I).","robots":{"index":"index","follow":"follow","max-snippet":"max-snippet:-1","max-image-preview":"max-image-preview:large","max-video-preview":"max-video-preview:-1"},"canonical":"https:\/\/www.weg.net\/solar\/blog\/conexao-de-usinas-de-geracao-distribuida-gd-i-nao-perca-o-prazo\/","og_locale":"pt_BR","og_type":"article","og_title":"Conex\u00e3o de usinas de gera\u00e7\u00e3o distribu\u00edda (GD I): n\u00e3o perca o prazo - WEG","og_description":"Tudo o que voc\u00ea precisa saber sobre o prazo de in\u00edcio de inje\u00e7\u00e3o da energia na rede de gera\u00e7\u00e3o distribu\u00edda (GD I).","og_url":"https:\/\/www.weg.net\/solar\/blog\/conexao-de-usinas-de-geracao-distribuida-gd-i-nao-perca-o-prazo\/","og_site_name":"WEG","article_published_time":"2023-07-10T14:00:33+00:00","article_modified_time":"2023-07-20T13:39:32+00:00","og_image":[{"width":1025,"height":480,"url":"https:\/\/www.weg.net\/solar\/blog\/wp-content\/uploads\/2023\/07\/conexao-de-usinas-de-geracao-distribuida-gd-i-nao-perca-o-prazo.png","type":"image\/png"}],"author":"Woop","twitter_card":"summary_large_image","twitter_misc":{"Escrito por":"Woop","Est. tempo de leitura":"4 minutos"},"schema":{"@context":"https:\/\/schema.org","@graph":[{"@type":"Article","@id":"https:\/\/www.weg.net\/solar\/blog\/conexao-de-usinas-de-geracao-distribuida-gd-i-nao-perca-o-prazo\/#article","isPartOf":{"@id":"https:\/\/www.weg.net\/solar\/blog\/conexao-de-usinas-de-geracao-distribuida-gd-i-nao-perca-o-prazo\/"},"author":{"name":"Woop","@id":"https:\/\/www.weg.net\/solar\/blog\/#\/schema\/person\/ca3597f7454257039e653228f9d83390"},"headline":"Conex\u00e3o de usinas de gera\u00e7\u00e3o distribu\u00edda (GD I): n\u00e3o perca o prazo","datePublished":"2023-07-10T14:00:33+00:00","dateModified":"2023-07-20T13:39:32+00:00","mainEntityOfPage":{"@id":"https:\/\/www.weg.net\/solar\/blog\/conexao-de-usinas-de-geracao-distribuida-gd-i-nao-perca-o-prazo\/"},"wordCount":802,"image":{"@id":"https:\/\/www.weg.net\/solar\/blog\/conexao-de-usinas-de-geracao-distribuida-gd-i-nao-perca-o-prazo\/#primaryimage"},"thumbnailUrl":"https:\/\/www.weg.net\/solar\/blog\/wp-content\/uploads\/2023\/07\/conexao-de-usinas-de-geracao-distribuida-gd-i-nao-perca-o-prazo.png","keywords":["Gera\u00e7\u00e3o distribu\u00edda"],"articleSection":["Gest\u00e3o","Mercado","Energia Solar"],"inLanguage":"pt-BR"},{"@type":"WebPage","@id":"https:\/\/www.weg.net\/solar\/blog\/conexao-de-usinas-de-geracao-distribuida-gd-i-nao-perca-o-prazo\/","url":"https:\/\/www.weg.net\/solar\/blog\/conexao-de-usinas-de-geracao-distribuida-gd-i-nao-perca-o-prazo\/","name":"Conex\u00e3o de usinas de gera\u00e7\u00e3o distribu\u00edda (GD I): n\u00e3o perca o prazo - WEG","isPartOf":{"@id":"https:\/\/www.weg.net\/solar\/blog\/#website"},"primaryImageOfPage":{"@id":"https:\/\/www.weg.net\/solar\/blog\/conexao-de-usinas-de-geracao-distribuida-gd-i-nao-perca-o-prazo\/#primaryimage"},"image":{"@id":"https:\/\/www.weg.net\/solar\/blog\/conexao-de-usinas-de-geracao-distribuida-gd-i-nao-perca-o-prazo\/#primaryimage"},"thumbnailUrl":"https:\/\/www.weg.net\/solar\/blog\/wp-content\/uploads\/2023\/07\/conexao-de-usinas-de-geracao-distribuida-gd-i-nao-perca-o-prazo.png","datePublished":"2023-07-10T14:00:33+00:00","dateModified":"2023-07-20T13:39:32+00:00","author":{"@id":"https:\/\/www.weg.net\/solar\/blog\/#\/schema\/person\/ca3597f7454257039e653228f9d83390"},"description":"Tudo o que voc\u00ea precisa saber sobre o prazo de in\u00edcio de inje\u00e7\u00e3o da energia na rede de gera\u00e7\u00e3o distribu\u00edda (GD I).","inLanguage":"pt-BR","potentialAction":[{"@type":"ReadAction","target":["https:\/\/www.weg.net\/solar\/blog\/conexao-de-usinas-de-geracao-distribuida-gd-i-nao-perca-o-prazo\/"]}]},{"@type":"ImageObject","inLanguage":"pt-BR","@id":"https:\/\/www.weg.net\/solar\/blog\/conexao-de-usinas-de-geracao-distribuida-gd-i-nao-perca-o-prazo\/#primaryimage","url":"https:\/\/www.weg.net\/solar\/blog\/wp-content\/uploads\/2023\/07\/conexao-de-usinas-de-geracao-distribuida-gd-i-nao-perca-o-prazo.png","contentUrl":"https:\/\/www.weg.net\/solar\/blog\/wp-content\/uploads\/2023\/07\/conexao-de-usinas-de-geracao-distribuida-gd-i-nao-perca-o-prazo.png","width":1025,"height":480},{"@type":"WebSite","@id":"https:\/\/www.weg.net\/solar\/blog\/#website","url":"https:\/\/www.weg.net\/solar\/blog\/","name":"WEG","description":"Solar - Blog","potentialAction":[{"@type":"SearchAction","target":{"@type":"EntryPoint","urlTemplate":"https:\/\/www.weg.net\/solar\/blog\/?s={search_term_string}"},"query-input":{"@type":"PropertyValueSpecification","valueRequired":true,"valueName":"search_term_string"}}],"inLanguage":"pt-BR"},{"@type":"Person","@id":"https:\/\/www.weg.net\/solar\/blog\/#\/schema\/person\/ca3597f7454257039e653228f9d83390","name":"Woop","image":{"@type":"ImageObject","inLanguage":"pt-BR","@id":"https:\/\/secure.gravatar.com\/avatar\/001d26b588d64bc4fffa6c46f4aadbf72b19183e9ad1c10e21bfa5dbab6053b1?s=96&d=mm&r=g","url":"https:\/\/secure.gravatar.com\/avatar\/001d26b588d64bc4fffa6c46f4aadbf72b19183e9ad1c10e21bfa5dbab6053b1?s=96&d=mm&r=g","contentUrl":"https:\/\/secure.gravatar.com\/avatar\/001d26b588d64bc4fffa6c46f4aadbf72b19183e9ad1c10e21bfa5dbab6053b1?s=96&d=mm&r=g","caption":"Woop"},"url":"https:\/\/www.weg.net\/solar\/blog\/author\/woop\/"}]}},"_links":{"self":[{"href":"https:\/\/www.weg.net\/solar\/blog\/wp-json\/wp\/v2\/posts\/9621","targetHints":{"allow":["GET"]}}],"collection":[{"href":"https:\/\/www.weg.net\/solar\/blog\/wp-json\/wp\/v2\/posts"}],"about":[{"href":"https:\/\/www.weg.net\/solar\/blog\/wp-json\/wp\/v2\/types\/post"}],"author":[{"embeddable":true,"href":"https:\/\/www.weg.net\/solar\/blog\/wp-json\/wp\/v2\/users\/4"}],"replies":[{"embeddable":true,"href":"https:\/\/www.weg.net\/solar\/blog\/wp-json\/wp\/v2\/comments?post=9621"}],"version-history":[{"count":1,"href":"https:\/\/www.weg.net\/solar\/blog\/wp-json\/wp\/v2\/posts\/9621\/revisions"}],"predecessor-version":[{"id":9628,"href":"https:\/\/www.weg.net\/solar\/blog\/wp-json\/wp\/v2\/posts\/9621\/revisions\/9628"}],"wp:featuredmedia":[{"embeddable":true,"href":"https:\/\/www.weg.net\/solar\/blog\/wp-json\/wp\/v2\/media\/9622"}],"wp:attachment":[{"href":"https:\/\/www.weg.net\/solar\/blog\/wp-json\/wp\/v2\/media?parent=9621"}],"wp:term":[{"taxonomy":"category","embeddable":true,"href":"https:\/\/www.weg.net\/solar\/blog\/wp-json\/wp\/v2\/categories?post=9621"},{"taxonomy":"post_tag","embeddable":true,"href":"https:\/\/www.weg.net\/solar\/blog\/wp-json\/wp\/v2\/tags?post=9621"}],"curies":[{"name":"wp","href":"https:\/\/api.w.org\/{rel}","templated":true}]}}