{"id":9511,"date":"2022-12-20T11:33:51","date_gmt":"2022-12-20T14:33:51","guid":{"rendered":"https:\/\/www.weg.net\/solar\/blog\/?p=9511"},"modified":"2023-03-14T14:12:23","modified_gmt":"2023-03-14T17:12:23","slug":"quem-tem-energia-solar-deve-pagar-a-conta-de-luz-entenda-melhor","status":"publish","type":"post","link":"https:\/\/www.weg.net\/solar\/blog\/quem-tem-energia-solar-deve-pagar-a-conta-de-luz-entenda-melhor\/","title":{"rendered":"Quem tem energia solar deve pagar a conta de luz? Entenda melhor!"},"content":{"rendered":"<p>Alguma vez voc\u00ea j\u00e1 se perguntou se quem tem energia solar deve pagar a conta de luz? Ficou interessado pelo sistema, mas tem d\u00favidas sobre como ele funciona e como <strong>impactar\u00e1 a sua vida financeiramente?<\/strong><\/p>\n<p>Ent\u00e3o este conte\u00fado veio te ajudar a esclarecer essa quest\u00e3o!<\/p>\n<p>Presente cada vez mais em casas ao redor do Brasil, o uso de placas fotovoltaicas para gera\u00e7\u00e3o de energia segue em crescimento. A procura se explica pelos seus benef\u00edcios.<\/p>\n<p>Contudo, entender se quem tem pain\u00e9is fotovoltaicos deve pagar a conta de eletricidade depende de alguns aspectos.<\/p>\n<p>Confira a seguir o que determina esse fator e como compreender melhor a situa\u00e7\u00e3o.<\/p>\n<p><img loading=\"lazy\" decoding=\"async\" class=\"alignnone wp-image-9513 size-full\" src=\"https:\/\/www.weg.net\/solar\/blog\/wp-content\/uploads\/2023\/03\/afinal-quem-tem-energia-solar-deve-pagar-a-conta-de-luz_.png\" alt=\"\" width=\"763\" height=\"300\" srcset=\"https:\/\/www.weg.net\/solar\/blog\/wp-content\/uploads\/2023\/03\/afinal-quem-tem-energia-solar-deve-pagar-a-conta-de-luz_.png 763w, https:\/\/www.weg.net\/solar\/blog\/wp-content\/uploads\/2023\/03\/afinal-quem-tem-energia-solar-deve-pagar-a-conta-de-luz_-400x157.png 400w, https:\/\/www.weg.net\/solar\/blog\/wp-content\/uploads\/2023\/03\/afinal-quem-tem-energia-solar-deve-pagar-a-conta-de-luz_-760x300.png 760w\" sizes=\"auto, (max-width: 763px) 100vw, 763px\" \/><\/p>\n<h2><strong>Afinal, quem tem energia solar deve pagar a conta de luz?<\/strong><\/h2>\n<p>Para responder se quem tem energia solar deve pagar a conta de luz, primeiramente, precisamos compreender um pouco mais sobre <strong>a natureza desse tipo de sistema.<br \/>\n<\/strong><\/p>\n<p>Em resumo, existem duas possibilidades para instala\u00e7\u00e3o desse procedimento. A primeira \u00e9 aplicar de maneira conectada \u00e0 rede p\u00fablica (o chamado on-grid). Nesse caso, a gera\u00e7\u00e3o de pot\u00eancia fotovoltaica n\u00e3o fica sendo a \u00fanica fonte do local.<\/p>\n<p>O benef\u00edcio de integrar as placas solares a rede p\u00fablica \u00e9 que se faltar luz no ambiente, o im\u00f3vel <strong>n\u00e3o fica desabastecido<\/strong>. Ou seja, o usu\u00e1rio tem a op\u00e7\u00e3o de utilizar meios diferentes para conseguir energia. N\u00e3o se perde autonomia na gera\u00e7\u00e3o de energia por esse motivo, mas ganha-se at\u00e9 mais seguran\u00e7a. E, a economia na conta \u00e9 grande mesmo assim e chega a ultrapassar 90%.<\/p>\n<p>J\u00e1 o sistema off-grid \u00e9 peculiar e totalmente independente. Por\u00e9m, ele pode ter <strong>custos de instala\u00e7\u00e3o mais elevados e depender mais de baterias<\/strong>, para compensar essa aus\u00eancia de alternativa.<\/p>\n<p><a href=\"https:\/\/www.weg.net\/solar\/blog\/sistema-fotovoltaico-on-grid-e-off-grid-saiba-as-diferencas-e-as-vantagens-de-cada-tipo\/\" target=\"_blank\" rel=\"noopener\">Leia tamb\u00e9m: Sistema fotovoltaico on-grid e off-grid: saiba as diferen\u00e7as e as vantagens de cada tipo<\/a><\/p>\n<h3><strong>E como funciona a cobran\u00e7a?<\/strong><\/h3>\n<p>Agora que voc\u00ea entendeu que existem duas maneiras de fontes fotovoltaicas, \u00e9 hora de falarmos das cobran\u00e7as. Ent\u00e3o quem tem energia solar deve pagar a conta de luz?<\/p>\n<p>A resposta \u00e9 sim. Mas com ressalvas. A cobran\u00e7a para quem tem placas solares pode ser diferente.<\/p>\n<p>Para entender melhor, basta lembrarmos de como o pagamento da energia el\u00e9trica \u00e9 estruturado. Ela cobra pelo consumo da casa, mas tamb\u00e9m<strong> \u00e9 adicionado alguns impostos para manuten\u00e7\u00e3o das luzes da rua, por exemplo.<\/strong><\/p>\n<p>No caso dos pain\u00e9is ligados \u00e0 rede p\u00fablica, que s\u00e3o os modelos on-grid, o usu\u00e1rio n\u00e3o pagar\u00e1 pelo consumo, mas arcar\u00e1 com o chamado tributo m\u00ednimo. Isso n\u00e3o difere de qualquer resid\u00eancia ligada \u00e0 rede el\u00e9trica. Por\u00e9m, por ser somente o m\u00ednimo, a economia \u00e9 com certeza <strong>bem maior<\/strong>.<\/p>\n<p>Ainda que n\u00e3o chegue a zerar, ela atinge percentuais consider\u00e1veis. Pode ser que voc\u00ea pague somente 5% ou 10% do que paga em rela\u00e7\u00e3o a hoje. \u00c9 por isso que se diz que a m\u00e9dio prazo o sistema solar compensa totalmente o seu investimento<\/p>\n<h4><strong>Tipos de impostos<\/strong><\/h4>\n<p>Para entender melhor se quem tem energia fotovoltaica deve pagar a conta de luz, vamos abordar brevemente as taxa\u00e7\u00f5es desse meio.<\/p>\n<p>Eles s\u00e3o de variados tipos, como tarifa de energia (que \u00e9 o pre\u00e7o cobrado pelo consumo de kWh, o que pode ser bem pequeno, caso haja baixa necessidade, por haver outra fonte de energia instalada), o TUSD, de uso do sistema de distribui\u00e7\u00e3o, o TE, PIS, COFINS e ICMS.<\/p>\n<p>Na conta de quem tem sistema solar conectado \u00e0 rede, portanto, \u00e9 mais comum e frequente que existam somente:<\/p>\n<ul>\n<li>a taxa de ilumina\u00e7\u00e3o p\u00fablica, destinada a financiar a ilumina\u00e7\u00e3o de ruas, que todos os usu\u00e1rios pagam;<\/li>\n<li>tarifa de energia, se o cliente tiver consumido energia da rede el\u00e9trica em alguma propor\u00e7\u00e3o (geralmente bem mais baixa);<\/li>\n<li>custo de disponibilidade, sendo uma taxa paga por todos os usu\u00e1rios, como se fosse um pacote m\u00ednimo de energia comprado por toda resid\u00eancia;<\/li>\n<li>o residual de impostos do ICMS (TUD sobre o consumo) e eventuais impostos como o PIS e COFINS, se o estado cobrar, sobre o custo de disponibilidade.<\/li>\n<\/ul>\n<p>A incid\u00eancia desses impostos pode variar conforme cada estado. Como os tributos s\u00e3o calculados na taxa m\u00ednima e com base no consumo, n\u00e3o necessariamente tornam a conta elevada.<\/p>\n<p>Al\u00e9m disso, atualmente quem injeta energia na rede ganha cr\u00e9ditos. Isso significa que o tanto de energia solar produzida e ali colocada \u00e9 convertida <strong>em descontos na fatura<\/strong>.<\/p>\n<h3><strong>Logo, a taxa de energia solar n\u00e3o \u00e9 cobrada em si?<\/strong><\/h3>\n<p>Por enquanto n\u00e3o. N\u00e3o existe cobran\u00e7a de energia solar em si. Isso significa que quem tem sistemas fotovoltaicos instalados ainda em 2022 n\u00e3o paga pela gera\u00e7\u00e3o de energia, somente paga essas taxas se o sistema for conectado \u00e0 rede p\u00fablica.<\/p>\n<p>A partir de 2023 algumas mudan\u00e7as est\u00e3o previstas, mediante <a href=\"https:\/\/www.weg.net\/solar\/blog\/novo-marco-legal-da-geracao-distribuida-quais-os-impactos-para-o-setor\/\" target=\"_blank\" rel=\"noopener\">o novo Marco Legal<\/a>. Uma delas \u00e9 apenas quando o usu\u00e1rio injetar energia na rede ter\u00e1 cobran\u00e7a pelo custeio da infraestrutura.<\/p>\n<p>At\u00e9 2022 n\u00e3o existe nenhum custo individual pela gera\u00e7\u00e3o de placas solares, no entanto, prev\u00ea-se que a partir de janeiro de 2023 em diante passe a haver uma tarifa para ela. Esse valor ainda n\u00e3o foi definido, <strong>mas haver\u00e1 regras de transi\u00e7\u00e3o<\/strong>.<\/p>\n<p>Esse \u00e9 um grande motivo para alta procura de instala\u00e7\u00e3o agora, visto que at\u00e9 2045 essa determina\u00e7\u00e3o de n\u00e3o-cobran\u00e7a ser\u00e1 mantida.<\/p>\n<p><img loading=\"lazy\" decoding=\"async\" class=\"alignnone wp-image-9514 size-full\" src=\"https:\/\/www.weg.net\/solar\/blog\/wp-content\/uploads\/2023\/03\/vantagens-do-sistema-de-energia-solar.png\" alt=\"\" width=\"763\" height=\"300\" srcset=\"https:\/\/www.weg.net\/solar\/blog\/wp-content\/uploads\/2023\/03\/vantagens-do-sistema-de-energia-solar.png 763w, https:\/\/www.weg.net\/solar\/blog\/wp-content\/uploads\/2023\/03\/vantagens-do-sistema-de-energia-solar-400x157.png 400w, https:\/\/www.weg.net\/solar\/blog\/wp-content\/uploads\/2023\/03\/vantagens-do-sistema-de-energia-solar-760x300.png 760w\" sizes=\"auto, (max-width: 763px) 100vw, 763px\" \/><\/p>\n<h2><strong>Vantagens do sistema de energia solar<\/strong><\/h2>\n<p>Por fim, cabe ressaltar que existem muitas vantagens em ter um sistema de energia solar instalado.<\/p>\n<p>Uma delas &#8211; e provavelmente, a maior de todas &#8211; \u00e9 exatamente o custo x benef\u00edcio, j\u00e1 que ap\u00f3s pago o investimento, a economia ao longo dos anos faz com que seja muito proveitoso utiliz\u00e1-lo.<\/p>\n<p>Dependendo das condi\u00e7\u00f5es, os pain\u00e9is podem chegar a mais de 20, 25 anos de dura\u00e7\u00e3o.<\/p>\n<p>S\u00e3o vantagens:<\/p>\n<ul>\n<li>alta durabilidade do sistema, que normalmente requer menos manuten\u00e7\u00e3o;<\/li>\n<li>ser renov\u00e1vel, sendo uma fonte de energia limpa, sem poluir e sem fazer barulho;<\/li>\n<li>maior autonomia, liberdade e seguran\u00e7a na gera\u00e7\u00e3o de energia;<\/li>\n<li>valoriza\u00e7\u00e3o da casa, inclusive para venda, e moderniza\u00e7\u00e3o;<\/li>\n<li>maior conforto e independ\u00eancia aos usu\u00e1rios.<\/li>\n<\/ul>\n<p>Se voc\u00ea quiser saber mais sobre como funcionam os sistemas fotovoltaicos e quais s\u00e3o os custos de aquisi\u00e7\u00e3o e instala\u00e7\u00e3o, entre em contato com os integradores da WEG Solar, <a href=\"https:\/\/www.weg.net\/solar\/integradores\/encontre\/?utm_source=Blog&amp;utm_medium=Link+no+texto&amp;utm_campaign=2012+DEZEMBRO+Quem+tem+energia+solar+deve+pagar+a+conta+de+luz+Entenda+melhor\" target=\"_blank\" rel=\"noopener\">clicando aqui<\/a>. Solicite um atendimento sem compromisso e veja todas as vantagens em investir nesse tipo de energia.<\/p>\n<p><a href=\"https:\/\/www.weg.net\/solar\/?utm_source=Blog&amp;utm_medium=Banner&amp;utm_campaign=2012+DEZEMBRO+Quem+tem+energia+solar+deve+pagar+a+conta+de+luz+Entenda+melhor\" target=\"_blank\" rel=\"noopener\"><img loading=\"lazy\" decoding=\"async\" class=\"alignnone wp-image-9515 size-full\" src=\"https:\/\/www.weg.net\/solar\/blog\/wp-content\/uploads\/2023\/03\/banner-\u2013-site-weg-solar-763x254-2.png\" alt=\"\" width=\"763\" height=\"254\" srcset=\"https:\/\/www.weg.net\/solar\/blog\/wp-content\/uploads\/2023\/03\/banner-\u2013-site-weg-solar-763x254-2.png 763w, https:\/\/www.weg.net\/solar\/blog\/wp-content\/uploads\/2023\/03\/banner-\u2013-site-weg-solar-763x254-2-400x133.png 400w, https:\/\/www.weg.net\/solar\/blog\/wp-content\/uploads\/2023\/03\/banner-\u2013-site-weg-solar-763x254-2-760x254.png 760w\" sizes=\"auto, (max-width: 763px) 100vw, 763px\" \/><\/a><\/p>\n","protected":false},"excerpt":{"rendered":"<p>Alguma vez voc\u00ea j\u00e1 se perguntou se quem tem energia solar deve pagar a conta de luz? Ficou interessado pelo sistema, mas tem d\u00favidas sobre como ele funciona e como impactar\u00e1 a sua vida financeiramente? Ent\u00e3o este conte\u00fado veio te ajudar a esclarecer essa quest\u00e3o! Presente cada vez mais em casas ao redor do Brasil, [&hellip;]<\/p>\n","protected":false},"author":4,"featured_media":9512,"comment_status":"closed","ping_status":"open","sticky":false,"template":"","format":"standard","meta":{"footnotes":""},"categories":[198,1],"tags":[229],"class_list":["post-9511","post","type-post","status-publish","format-standard","has-post-thumbnail","hentry","category-residencial","category-energia-solar","tag-geracao-distribuida"],"yoast_head":"<!-- This site is optimized with the Yoast SEO plugin v27.4 - https:\/\/yoast.com\/product\/yoast-seo-wordpress\/ -->\n<title>Quem tem energia solar deve pagar a conta de luz? Entenda melhor! - WEG<\/title>\n<meta name=\"description\" content=\"Voc\u00ea j\u00e1 parou para pensar se quem tem energia solar deve pagar a conta de luz? Entenda aqui como isso \u00e9 definido e tire todas as suas d\u00favidas!\" \/>\n<meta name=\"robots\" content=\"index, follow, max-snippet:-1, max-image-preview:large, max-video-preview:-1\" \/>\n<link rel=\"canonical\" href=\"https:\/\/www.weg.net\/solar\/blog\/quem-tem-energia-solar-deve-pagar-a-conta-de-luz-entenda-melhor\/\" \/>\n<meta property=\"og:locale\" content=\"pt_BR\" \/>\n<meta property=\"og:type\" content=\"article\" \/>\n<meta property=\"og:title\" content=\"Quem tem energia solar deve pagar a conta de luz? Entenda melhor! - WEG\" \/>\n<meta property=\"og:description\" content=\"Voc\u00ea j\u00e1 parou para pensar se quem tem energia solar deve pagar a conta de luz? Entenda aqui como isso \u00e9 definido e tire todas as suas d\u00favidas!\" \/>\n<meta property=\"og:url\" content=\"https:\/\/www.weg.net\/solar\/blog\/quem-tem-energia-solar-deve-pagar-a-conta-de-luz-entenda-melhor\/\" \/>\n<meta property=\"og:site_name\" content=\"WEG\" \/>\n<meta property=\"article:published_time\" content=\"2022-12-20T14:33:51+00:00\" \/>\n<meta property=\"article:modified_time\" content=\"2023-03-14T17:12:23+00:00\" \/>\n<meta property=\"og:image\" content=\"https:\/\/www.weg.net\/solar\/blog\/wp-content\/uploads\/2023\/03\/quem-tem-energia-solar-deve-pagar-a-conta-de-luz_-entenda-melhor_.png\" \/>\n\t<meta property=\"og:image:width\" content=\"1025\" \/>\n\t<meta property=\"og:image:height\" content=\"480\" \/>\n\t<meta property=\"og:image:type\" content=\"image\/png\" \/>\n<meta name=\"author\" content=\"Woop\" \/>\n<meta name=\"twitter:card\" content=\"summary_large_image\" \/>\n<meta name=\"twitter:label1\" content=\"Escrito por\" \/>\n\t<meta name=\"twitter:data1\" content=\"Woop\" \/>\n\t<meta name=\"twitter:label2\" content=\"Est. tempo de leitura\" \/>\n\t<meta name=\"twitter:data2\" content=\"7 minutos\" \/>\n<script type=\"application\/ld+json\" class=\"yoast-schema-graph\">{\"@context\":\"https:\\\/\\\/schema.org\",\"@graph\":[{\"@type\":\"Article\",\"@id\":\"https:\\\/\\\/www.weg.net\\\/solar\\\/blog\\\/quem-tem-energia-solar-deve-pagar-a-conta-de-luz-entenda-melhor\\\/#article\",\"isPartOf\":{\"@id\":\"https:\\\/\\\/www.weg.net\\\/solar\\\/blog\\\/quem-tem-energia-solar-deve-pagar-a-conta-de-luz-entenda-melhor\\\/\"},\"author\":{\"name\":\"Woop\",\"@id\":\"https:\\\/\\\/www.weg.net\\\/solar\\\/blog\\\/#\\\/schema\\\/person\\\/ca3597f7454257039e653228f9d83390\"},\"headline\":\"Quem tem energia solar deve pagar a conta de luz? Entenda melhor!\",\"datePublished\":\"2022-12-20T14:33:51+00:00\",\"dateModified\":\"2023-03-14T17:12:23+00:00\",\"mainEntityOfPage\":{\"@id\":\"https:\\\/\\\/www.weg.net\\\/solar\\\/blog\\\/quem-tem-energia-solar-deve-pagar-a-conta-de-luz-entenda-melhor\\\/\"},\"wordCount\":1098,\"image\":{\"@id\":\"https:\\\/\\\/www.weg.net\\\/solar\\\/blog\\\/quem-tem-energia-solar-deve-pagar-a-conta-de-luz-entenda-melhor\\\/#primaryimage\"},\"thumbnailUrl\":\"https:\\\/\\\/www.weg.net\\\/solar\\\/blog\\\/wp-content\\\/uploads\\\/2023\\\/03\\\/quem-tem-energia-solar-deve-pagar-a-conta-de-luz_-entenda-melhor_.png\",\"keywords\":[\"Gera\u00e7\u00e3o distribu\u00edda\"],\"articleSection\":[\"Residencial\",\"Energia Solar\"],\"inLanguage\":\"pt-BR\"},{\"@type\":\"WebPage\",\"@id\":\"https:\\\/\\\/www.weg.net\\\/solar\\\/blog\\\/quem-tem-energia-solar-deve-pagar-a-conta-de-luz-entenda-melhor\\\/\",\"url\":\"https:\\\/\\\/www.weg.net\\\/solar\\\/blog\\\/quem-tem-energia-solar-deve-pagar-a-conta-de-luz-entenda-melhor\\\/\",\"name\":\"Quem tem energia solar deve pagar a conta de luz? Entenda melhor! - WEG\",\"isPartOf\":{\"@id\":\"https:\\\/\\\/www.weg.net\\\/solar\\\/blog\\\/#website\"},\"primaryImageOfPage\":{\"@id\":\"https:\\\/\\\/www.weg.net\\\/solar\\\/blog\\\/quem-tem-energia-solar-deve-pagar-a-conta-de-luz-entenda-melhor\\\/#primaryimage\"},\"image\":{\"@id\":\"https:\\\/\\\/www.weg.net\\\/solar\\\/blog\\\/quem-tem-energia-solar-deve-pagar-a-conta-de-luz-entenda-melhor\\\/#primaryimage\"},\"thumbnailUrl\":\"https:\\\/\\\/www.weg.net\\\/solar\\\/blog\\\/wp-content\\\/uploads\\\/2023\\\/03\\\/quem-tem-energia-solar-deve-pagar-a-conta-de-luz_-entenda-melhor_.png\",\"datePublished\":\"2022-12-20T14:33:51+00:00\",\"dateModified\":\"2023-03-14T17:12:23+00:00\",\"author\":{\"@id\":\"https:\\\/\\\/www.weg.net\\\/solar\\\/blog\\\/#\\\/schema\\\/person\\\/ca3597f7454257039e653228f9d83390\"},\"description\":\"Voc\u00ea j\u00e1 parou para pensar se quem tem energia solar deve pagar a conta de luz? Entenda aqui como isso \u00e9 definido e tire todas as suas d\u00favidas!\",\"inLanguage\":\"pt-BR\",\"potentialAction\":[{\"@type\":\"ReadAction\",\"target\":[\"https:\\\/\\\/www.weg.net\\\/solar\\\/blog\\\/quem-tem-energia-solar-deve-pagar-a-conta-de-luz-entenda-melhor\\\/\"]}]},{\"@type\":\"ImageObject\",\"inLanguage\":\"pt-BR\",\"@id\":\"https:\\\/\\\/www.weg.net\\\/solar\\\/blog\\\/quem-tem-energia-solar-deve-pagar-a-conta-de-luz-entenda-melhor\\\/#primaryimage\",\"url\":\"https:\\\/\\\/www.weg.net\\\/solar\\\/blog\\\/wp-content\\\/uploads\\\/2023\\\/03\\\/quem-tem-energia-solar-deve-pagar-a-conta-de-luz_-entenda-melhor_.png\",\"contentUrl\":\"https:\\\/\\\/www.weg.net\\\/solar\\\/blog\\\/wp-content\\\/uploads\\\/2023\\\/03\\\/quem-tem-energia-solar-deve-pagar-a-conta-de-luz_-entenda-melhor_.png\",\"width\":1025,\"height\":480},{\"@type\":\"WebSite\",\"@id\":\"https:\\\/\\\/www.weg.net\\\/solar\\\/blog\\\/#website\",\"url\":\"https:\\\/\\\/www.weg.net\\\/solar\\\/blog\\\/\",\"name\":\"WEG\",\"description\":\"Solar - Blog\",\"potentialAction\":[{\"@type\":\"SearchAction\",\"target\":{\"@type\":\"EntryPoint\",\"urlTemplate\":\"https:\\\/\\\/www.weg.net\\\/solar\\\/blog\\\/?s={search_term_string}\"},\"query-input\":{\"@type\":\"PropertyValueSpecification\",\"valueRequired\":true,\"valueName\":\"search_term_string\"}}],\"inLanguage\":\"pt-BR\"},{\"@type\":\"Person\",\"@id\":\"https:\\\/\\\/www.weg.net\\\/solar\\\/blog\\\/#\\\/schema\\\/person\\\/ca3597f7454257039e653228f9d83390\",\"name\":\"Woop\",\"image\":{\"@type\":\"ImageObject\",\"inLanguage\":\"pt-BR\",\"@id\":\"https:\\\/\\\/secure.gravatar.com\\\/avatar\\\/001d26b588d64bc4fffa6c46f4aadbf72b19183e9ad1c10e21bfa5dbab6053b1?s=96&d=mm&r=g\",\"url\":\"https:\\\/\\\/secure.gravatar.com\\\/avatar\\\/001d26b588d64bc4fffa6c46f4aadbf72b19183e9ad1c10e21bfa5dbab6053b1?s=96&d=mm&r=g\",\"contentUrl\":\"https:\\\/\\\/secure.gravatar.com\\\/avatar\\\/001d26b588d64bc4fffa6c46f4aadbf72b19183e9ad1c10e21bfa5dbab6053b1?s=96&d=mm&r=g\",\"caption\":\"Woop\"},\"url\":\"https:\\\/\\\/www.weg.net\\\/solar\\\/blog\\\/author\\\/woop\\\/\"}]}<\/script>\n<!-- \/ Yoast SEO plugin. -->","yoast_head_json":{"title":"Quem tem energia solar deve pagar a conta de luz? Entenda melhor! - WEG","description":"Voc\u00ea j\u00e1 parou para pensar se quem tem energia solar deve pagar a conta de luz? Entenda aqui como isso \u00e9 definido e tire todas as suas d\u00favidas!","robots":{"index":"index","follow":"follow","max-snippet":"max-snippet:-1","max-image-preview":"max-image-preview:large","max-video-preview":"max-video-preview:-1"},"canonical":"https:\/\/www.weg.net\/solar\/blog\/quem-tem-energia-solar-deve-pagar-a-conta-de-luz-entenda-melhor\/","og_locale":"pt_BR","og_type":"article","og_title":"Quem tem energia solar deve pagar a conta de luz? Entenda melhor! - WEG","og_description":"Voc\u00ea j\u00e1 parou para pensar se quem tem energia solar deve pagar a conta de luz? Entenda aqui como isso \u00e9 definido e tire todas as suas d\u00favidas!","og_url":"https:\/\/www.weg.net\/solar\/blog\/quem-tem-energia-solar-deve-pagar-a-conta-de-luz-entenda-melhor\/","og_site_name":"WEG","article_published_time":"2022-12-20T14:33:51+00:00","article_modified_time":"2023-03-14T17:12:23+00:00","og_image":[{"width":1025,"height":480,"url":"https:\/\/www.weg.net\/solar\/blog\/wp-content\/uploads\/2023\/03\/quem-tem-energia-solar-deve-pagar-a-conta-de-luz_-entenda-melhor_.png","type":"image\/png"}],"author":"Woop","twitter_card":"summary_large_image","twitter_misc":{"Escrito por":"Woop","Est. tempo de leitura":"7 minutos"},"schema":{"@context":"https:\/\/schema.org","@graph":[{"@type":"Article","@id":"https:\/\/www.weg.net\/solar\/blog\/quem-tem-energia-solar-deve-pagar-a-conta-de-luz-entenda-melhor\/#article","isPartOf":{"@id":"https:\/\/www.weg.net\/solar\/blog\/quem-tem-energia-solar-deve-pagar-a-conta-de-luz-entenda-melhor\/"},"author":{"name":"Woop","@id":"https:\/\/www.weg.net\/solar\/blog\/#\/schema\/person\/ca3597f7454257039e653228f9d83390"},"headline":"Quem tem energia solar deve pagar a conta de luz? Entenda melhor!","datePublished":"2022-12-20T14:33:51+00:00","dateModified":"2023-03-14T17:12:23+00:00","mainEntityOfPage":{"@id":"https:\/\/www.weg.net\/solar\/blog\/quem-tem-energia-solar-deve-pagar-a-conta-de-luz-entenda-melhor\/"},"wordCount":1098,"image":{"@id":"https:\/\/www.weg.net\/solar\/blog\/quem-tem-energia-solar-deve-pagar-a-conta-de-luz-entenda-melhor\/#primaryimage"},"thumbnailUrl":"https:\/\/www.weg.net\/solar\/blog\/wp-content\/uploads\/2023\/03\/quem-tem-energia-solar-deve-pagar-a-conta-de-luz_-entenda-melhor_.png","keywords":["Gera\u00e7\u00e3o distribu\u00edda"],"articleSection":["Residencial","Energia Solar"],"inLanguage":"pt-BR"},{"@type":"WebPage","@id":"https:\/\/www.weg.net\/solar\/blog\/quem-tem-energia-solar-deve-pagar-a-conta-de-luz-entenda-melhor\/","url":"https:\/\/www.weg.net\/solar\/blog\/quem-tem-energia-solar-deve-pagar-a-conta-de-luz-entenda-melhor\/","name":"Quem tem energia solar deve pagar a conta de luz? Entenda melhor! - WEG","isPartOf":{"@id":"https:\/\/www.weg.net\/solar\/blog\/#website"},"primaryImageOfPage":{"@id":"https:\/\/www.weg.net\/solar\/blog\/quem-tem-energia-solar-deve-pagar-a-conta-de-luz-entenda-melhor\/#primaryimage"},"image":{"@id":"https:\/\/www.weg.net\/solar\/blog\/quem-tem-energia-solar-deve-pagar-a-conta-de-luz-entenda-melhor\/#primaryimage"},"thumbnailUrl":"https:\/\/www.weg.net\/solar\/blog\/wp-content\/uploads\/2023\/03\/quem-tem-energia-solar-deve-pagar-a-conta-de-luz_-entenda-melhor_.png","datePublished":"2022-12-20T14:33:51+00:00","dateModified":"2023-03-14T17:12:23+00:00","author":{"@id":"https:\/\/www.weg.net\/solar\/blog\/#\/schema\/person\/ca3597f7454257039e653228f9d83390"},"description":"Voc\u00ea j\u00e1 parou para pensar se quem tem energia solar deve pagar a conta de luz? Entenda aqui como isso \u00e9 definido e tire todas as suas d\u00favidas!","inLanguage":"pt-BR","potentialAction":[{"@type":"ReadAction","target":["https:\/\/www.weg.net\/solar\/blog\/quem-tem-energia-solar-deve-pagar-a-conta-de-luz-entenda-melhor\/"]}]},{"@type":"ImageObject","inLanguage":"pt-BR","@id":"https:\/\/www.weg.net\/solar\/blog\/quem-tem-energia-solar-deve-pagar-a-conta-de-luz-entenda-melhor\/#primaryimage","url":"https:\/\/www.weg.net\/solar\/blog\/wp-content\/uploads\/2023\/03\/quem-tem-energia-solar-deve-pagar-a-conta-de-luz_-entenda-melhor_.png","contentUrl":"https:\/\/www.weg.net\/solar\/blog\/wp-content\/uploads\/2023\/03\/quem-tem-energia-solar-deve-pagar-a-conta-de-luz_-entenda-melhor_.png","width":1025,"height":480},{"@type":"WebSite","@id":"https:\/\/www.weg.net\/solar\/blog\/#website","url":"https:\/\/www.weg.net\/solar\/blog\/","name":"WEG","description":"Solar - Blog","potentialAction":[{"@type":"SearchAction","target":{"@type":"EntryPoint","urlTemplate":"https:\/\/www.weg.net\/solar\/blog\/?s={search_term_string}"},"query-input":{"@type":"PropertyValueSpecification","valueRequired":true,"valueName":"search_term_string"}}],"inLanguage":"pt-BR"},{"@type":"Person","@id":"https:\/\/www.weg.net\/solar\/blog\/#\/schema\/person\/ca3597f7454257039e653228f9d83390","name":"Woop","image":{"@type":"ImageObject","inLanguage":"pt-BR","@id":"https:\/\/secure.gravatar.com\/avatar\/001d26b588d64bc4fffa6c46f4aadbf72b19183e9ad1c10e21bfa5dbab6053b1?s=96&d=mm&r=g","url":"https:\/\/secure.gravatar.com\/avatar\/001d26b588d64bc4fffa6c46f4aadbf72b19183e9ad1c10e21bfa5dbab6053b1?s=96&d=mm&r=g","contentUrl":"https:\/\/secure.gravatar.com\/avatar\/001d26b588d64bc4fffa6c46f4aadbf72b19183e9ad1c10e21bfa5dbab6053b1?s=96&d=mm&r=g","caption":"Woop"},"url":"https:\/\/www.weg.net\/solar\/blog\/author\/woop\/"}]}},"_links":{"self":[{"href":"https:\/\/www.weg.net\/solar\/blog\/wp-json\/wp\/v2\/posts\/9511","targetHints":{"allow":["GET"]}}],"collection":[{"href":"https:\/\/www.weg.net\/solar\/blog\/wp-json\/wp\/v2\/posts"}],"about":[{"href":"https:\/\/www.weg.net\/solar\/blog\/wp-json\/wp\/v2\/types\/post"}],"author":[{"embeddable":true,"href":"https:\/\/www.weg.net\/solar\/blog\/wp-json\/wp\/v2\/users\/4"}],"replies":[{"embeddable":true,"href":"https:\/\/www.weg.net\/solar\/blog\/wp-json\/wp\/v2\/comments?post=9511"}],"version-history":[{"count":1,"href":"https:\/\/www.weg.net\/solar\/blog\/wp-json\/wp\/v2\/posts\/9511\/revisions"}],"predecessor-version":[{"id":9516,"href":"https:\/\/www.weg.net\/solar\/blog\/wp-json\/wp\/v2\/posts\/9511\/revisions\/9516"}],"wp:featuredmedia":[{"embeddable":true,"href":"https:\/\/www.weg.net\/solar\/blog\/wp-json\/wp\/v2\/media\/9512"}],"wp:attachment":[{"href":"https:\/\/www.weg.net\/solar\/blog\/wp-json\/wp\/v2\/media?parent=9511"}],"wp:term":[{"taxonomy":"category","embeddable":true,"href":"https:\/\/www.weg.net\/solar\/blog\/wp-json\/wp\/v2\/categories?post=9511"},{"taxonomy":"post_tag","embeddable":true,"href":"https:\/\/www.weg.net\/solar\/blog\/wp-json\/wp\/v2\/tags?post=9511"}],"curies":[{"name":"wp","href":"https:\/\/api.w.org\/{rel}","templated":true}]}}