{"id":10003,"date":"2025-04-02T13:00:23","date_gmt":"2025-04-02T16:00:23","guid":{"rendered":"https:\/\/www.weg.net\/solar\/blog\/?p=10003"},"modified":"2025-04-01T13:09:26","modified_gmt":"2025-04-01T16:09:26","slug":"energia-solar-e-mudancas-climaticas-como-essa-solucao-pode-fazer-a-diferenca","status":"publish","type":"post","link":"https:\/\/www.weg.net\/solar\/blog\/energia-solar-e-mudancas-climaticas-como-essa-solucao-pode-fazer-a-diferenca\/","title":{"rendered":"Energia solar e mudan\u00e7as clim\u00e1ticas: como essa solu\u00e7\u00e3o pode fazer a diferen\u00e7a"},"content":{"rendered":"<p>Com o crescente alerta global sobre os efeitos das mudan\u00e7as clim\u00e1ticas, a busca por solu\u00e7\u00f5es sustent\u00e1veis tornou-se mais urgente do que nunca.<\/p>\n<p>A energia solar surge como uma poderosa aliada na luta pela redu\u00e7\u00e3o dos impactos ambientais e pela constru\u00e7\u00e3o de um futuro mais sustent\u00e1vel.<\/p>\n<p>Nesse conte\u00fado, exploraremos como a energia solar e as mudan\u00e7as clim\u00e1ticas est\u00e3o interligadas e de que maneira essa tecnologia pode fazer a diferen\u00e7a na preserva\u00e7\u00e3o do nosso planeta.<\/p>\n<h2>Como a energia solar combate as mudan\u00e7as clim\u00e1ticas<\/h2>\n<p>A energia solar tem se mostrado uma pe\u00e7a-chave na luta contra os desafios clim\u00e1ticos. A seguir listamos as principais mudan\u00e7as clim\u00e1ticas e como a energia solar auxilia a mitig\u00e1-las.<\/p>\n<h3>Redu\u00e7\u00e3o das emiss\u00f5es de gases de efeito estufa<\/h3>\n<p>Uma das maiores contribui\u00e7\u00f5es da energia solar \u00e9 a significativa redu\u00e7\u00e3o nas emiss\u00f5es de gases de efeito estufa. Ao contr\u00e1rio das fontes de energia tradicionais, como o carv\u00e3o e o petr\u00f3leo, os sistemas solares n\u00e3o liberam di\u00f3xido de carbono ou outros poluentes durante a gera\u00e7\u00e3o de eletricidade.<\/p>\n<p>Isso representa uma diminui\u00e7\u00e3o direta na pegada de carbono de lares e empresas que adotam essa tecnologia. A partir da implementa\u00e7\u00e3o de m\u00f3dulos fotovoltaicos, \u00e9 poss\u00edvel neutralizar toneladas de CO\u2082 anualmente.<\/p>\n<p>Essa redu\u00e7\u00e3o nas emiss\u00f5es contribui diretamente para a desacelera\u00e7\u00e3o do aquecimento global, motivo pelo qual muitos pa\u00edses est\u00e3o incentivando a transi\u00e7\u00e3o para energias renov\u00e1veis como um imperativo clim\u00e1tico.<\/p>\n<p><strong>Leia tamb\u00e9m:<\/strong> <a href=\"https:\/\/www.weg.net\/solar\/blog\/transforme-seu-lar-em-uma-casa-sustentavel\/?utm_source=blog&amp;utm_medium=cta&amp;utm_campaign=energia-solar-e-mudancas-climaticas-como-essa-solucao-pode-fazer-a-diferenca\" target=\"_blank\" rel=\"noopener\">Transforme seu lar em uma casa sustent\u00e1vel<\/a><\/p>\n<h3>Preserva\u00e7\u00e3o de recursos naturais<\/h3>\n<p>Os combust\u00edveis f\u00f3sseis n\u00e3o s\u00e3o apenas poluentes, mas tamb\u00e9m finitos. Al\u00e9m disso, sua extra\u00e7\u00e3o e queima causam danos ambientais significativos e consumo de recursos h\u00eddricos.<\/p>\n<p>Em contraste, a energia solar utiliza uma fonte inesgot\u00e1vel de energia: o sol. Este tipo de energia minimiza o impacto sobre ecossistemas e reduz a depend\u00eancia de recursos escassos, promovendo um uso mais respons\u00e1vel e sustent\u00e1vel dos recursos naturais.<\/p>\n<p><img loading=\"lazy\" decoding=\"async\" width=\"763\" height=\"300\" class=\"alignnone size-full wp-image-10004\" src=\"https:\/\/www.weg.net\/solar\/blog\/wp-content\/uploads\/2025\/04\/energia-solar-e-mudancas-climaticas-02.jpg\" alt=\"Pain\u00e9is solares cobertos por plantas.\" srcset=\"https:\/\/www.weg.net\/solar\/blog\/wp-content\/uploads\/2025\/04\/energia-solar-e-mudancas-climaticas-02.jpg 763w, https:\/\/www.weg.net\/solar\/blog\/wp-content\/uploads\/2025\/04\/energia-solar-e-mudancas-climaticas-02-400x157.jpg 400w, https:\/\/www.weg.net\/solar\/blog\/wp-content\/uploads\/2025\/04\/energia-solar-e-mudancas-climaticas-02-760x300.jpg 760w\" sizes=\"auto, (max-width: 763px) 100vw, 763px\" \/><\/p>\n<h3>Mitiga\u00e7\u00e3o de impactos ambientais<\/h3>\n<p>A transi\u00e7\u00e3o para a energia solar tamb\u00e9m ajuda a mitigar outros impactos ambientais adversos. A minera\u00e7\u00e3o e o transporte de combust\u00edveis f\u00f3sseis provocam desmatamento, contamina\u00e7\u00e3o do solo e da \u00e1gua, al\u00e9m de amea\u00e7ar a biodiversidade em regi\u00f5es sens\u00edveis.<\/p>\n<p>Sistemas de energia solar, por serem modulares e escal\u00e1veis, t\u00eam um menor impacto nas \u00e1reas onde s\u00e3o instalados e geralmente requerem pouca prepara\u00e7\u00e3o de terreno.<\/p>\n<p><strong>Leia tamb\u00e9m:<\/strong> <a href=\"https:\/\/www.weg.net\/solar\/blog\/como-a-energia-solar-em-escolas-pode-reduzir-custos-e-promover-sustentabilidade\/?utm_source=blog&amp;utm_medium=cta&amp;utm_campaign=energia-solar-e-mudancas-climaticas-como-essa-solucao-pode-fazer-a-diferenca\" target=\"_blank\" rel=\"noopener\">Como a energia solar em escolas pode reduzir custos e promover sustentabilidade<\/a><\/p>\n<h3>Seguran\u00e7a energ\u00e9tica<\/h3>\n<p>A energia solar promove a seguran\u00e7a energ\u00e9tica ao reduzir a depend\u00eancia de fontes de energia importadas e vol\u00e1teis. Isso \u00e9 especialmente importante em um cen\u00e1rio global onde flutua\u00e7\u00f5es de pre\u00e7os de combust\u00edveis e tens\u00f5es geopol\u00edticas podem afetar a seguran\u00e7a de fornecimento energ\u00e9tico.<\/p>\n<p>Os sistemas solares, distribu\u00eddos e localizados, proporcionam estabilidade e previsibilidade, assegurando que energia limpa esteja dispon\u00edvel mesmo durante crises.<\/p>\n<h3>Avan\u00e7os tecnol\u00f3gicos<\/h3>\n<p>Os avan\u00e7os tecnol\u00f3gicos t\u00eam tornado a energia solar cada vez mais acess\u00edvel e eficiente. Inova\u00e7\u00f5es em materiais, c\u00e9lulas fotovoltaicas e sistemas de armazenamento est\u00e3o aumentando a efic\u00e1cia dos m\u00f3dulos fotovoltaicos e reduzindo o custo.<\/p>\n<p>Esses avan\u00e7os tamb\u00e9m ampliam as aplica\u00e7\u00f5es poss\u00edveis, como a integra\u00e7\u00e3o em ve\u00edculos, dispositivos port\u00e1teis e desenvolvimento de tecnologias h\u00edbridas.<\/p>\n<p>Investir em energia solar \u00e9 um passo essencial para combater as mudan\u00e7as clim\u00e1ticas ao mesmo tempo em que se promove economia e sustentabilidade. Est\u00e1 claro que a transi\u00e7\u00e3o para fontes de energia renov\u00e1vel n\u00e3o s\u00f3 protege nosso meio ambiente, mas tamb\u00e9m oferece vantagens econ\u00f4micas tang\u00edveis e garante estabilidade para o futuro.<\/p>\n<p><strong>Leia tamb\u00e9m:<\/strong> <a href=\"https:\/\/www.weg.net\/solar\/blog\/energia-solar-por-assinatura-vale-a-pena\/?utm_source=blog&amp;utm_medium=cta&amp;utm_campaign=energia-solar-e-mudancas-climaticas-como-essa-solucao-pode-fazer-a-diferenca\" target=\"_blank\" rel=\"noopener\">Energia solar por assinatura vale a pena?<\/a><\/p>\n<p><img loading=\"lazy\" decoding=\"async\" width=\"763\" height=\"300\" class=\"alignnone size-full wp-image-10005\" src=\"https:\/\/www.weg.net\/solar\/blog\/wp-content\/uploads\/2025\/04\/energia-solar-e-mudancas-climaticas-03.jpg\" alt=\"M\u00e3o sobre painel solar.\" srcset=\"https:\/\/www.weg.net\/solar\/blog\/wp-content\/uploads\/2025\/04\/energia-solar-e-mudancas-climaticas-03.jpg 763w, https:\/\/www.weg.net\/solar\/blog\/wp-content\/uploads\/2025\/04\/energia-solar-e-mudancas-climaticas-03-400x157.jpg 400w, https:\/\/www.weg.net\/solar\/blog\/wp-content\/uploads\/2025\/04\/energia-solar-e-mudancas-climaticas-03-760x300.jpg 760w\" sizes=\"auto, (max-width: 763px) 100vw, 763px\" \/><\/p>\n<h2>A WEG como parceira na constru\u00e7\u00e3o de um futuro sustent\u00e1vel<\/h2>\n<p>A WEG \u00e9 refer\u00eancia no setor de energia renov\u00e1vel, liderando transforma\u00e7\u00f5es com tecnologia de ponta, inova\u00e7\u00e3o e suporte estrat\u00e9gico para integradores e consumidores.<\/p>\n<p><a href=\"https:\/\/www.weg.net\/solar\/br\/?utm_source=blog&amp;utm_medium=cta&amp;utm_campaign=energia-solar-e-mudancas-climaticas-como-essa-solucao-pode-fazer-a-diferenca\" target=\"_blank\" rel=\"noopener\">Por que escolher a WEG?<\/a><\/p>\n<ul>\n<li><strong>Solu\u00e7\u00f5es completas:<\/strong> a WEG oferece sistemas integrados e personalizados que atendem desde pequenas instala\u00e7\u00f5es residenciais at\u00e9 grandes projetos empresariais.<\/li>\n<li><strong>Suporte t\u00e9cnico:<\/strong> uma ampla rede de especialistas garante o acompanhamento em todas as etapas, desde o projeto at\u00e9 a manuten\u00e7\u00e3o.<\/li>\n<li><strong>Sustentabilidade local:<\/strong> os produtos da WEG s\u00e3o projetados para otimizar a capta\u00e7\u00e3o de energia em diferentes climas e contextos, tornando-os ideais para o Brasil.<\/li>\n<li><strong>Convite ao futuro:<\/strong> ao optar pela WEG, voc\u00ea n\u00e3o est\u00e1 apenas investindo em tecnologia limpa, mas tamb\u00e9m contribuindo para um movimento global por um futuro mais verde e sustent\u00e1vel.<\/li>\n<\/ul>\n<p>A energia solar \u00e9 mais do que uma alternativa limpa; \u00e9 uma solu\u00e7\u00e3o essencial para enfrentar as mudan\u00e7as clim\u00e1ticas e garantir a preserva\u00e7\u00e3o do nosso planeta.<\/p>\n<p>Com parceiros como a WEG, \u00e9 poss\u00edvel adotar essa tecnologia de forma segura, eficiente e adaptada \u00e0s necessidades espec\u00edficas de cada cliente.<\/p>\n<p>Transforme o futuro com energia solar. Escolha a WEG e fa\u00e7a parte dessa revolu\u00e7\u00e3o.<\/p>\n","protected":false},"excerpt":{"rendered":"<p>Com o crescente alerta global sobre os efeitos das mudan\u00e7as clim\u00e1ticas, a busca por solu\u00e7\u00f5es sustent\u00e1veis tornou-se mais urgente do que nunca. A energia solar surge como uma poderosa aliada na luta pela redu\u00e7\u00e3o dos impactos ambientais e pela constru\u00e7\u00e3o de um futuro mais sustent\u00e1vel. Nesse conte\u00fado, exploraremos como a energia solar e as mudan\u00e7as [&hellip;]<\/p>\n","protected":false},"author":4,"featured_media":10006,"comment_status":"closed","ping_status":"open","sticky":false,"template":"","format":"standard","meta":{"footnotes":""},"categories":[9],"tags":[219],"class_list":["post-10003","post","type-post","status-publish","format-standard","has-post-thumbnail","hentry","category-sustentabilidade","tag-sustentabilidade"],"yoast_head":"<!-- This site is optimized with the Yoast SEO plugin v27.4 - https:\/\/yoast.com\/product\/yoast-seo-wordpress\/ -->\n<title>Energia solar e mudan\u00e7as clim\u00e1ticas: como essa solu\u00e7\u00e3o pode fazer a diferen\u00e7a - WEG<\/title>\n<meta name=\"description\" content=\"Descubra como a energia solar e mudan\u00e7as clim\u00e1ticas est\u00e3o interligadas, promovendo sustentabilidade e seguran\u00e7a energ\u00e9tica!\" \/>\n<meta name=\"robots\" content=\"index, follow, max-snippet:-1, max-image-preview:large, max-video-preview:-1\" \/>\n<link rel=\"canonical\" href=\"https:\/\/www.weg.net\/solar\/blog\/energia-solar-e-mudancas-climaticas-como-essa-solucao-pode-fazer-a-diferenca\/\" \/>\n<meta property=\"og:locale\" content=\"pt_BR\" \/>\n<meta property=\"og:type\" content=\"article\" \/>\n<meta property=\"og:title\" content=\"Energia solar e mudan\u00e7as clim\u00e1ticas: como essa solu\u00e7\u00e3o pode fazer a diferen\u00e7a - WEG\" \/>\n<meta property=\"og:description\" content=\"Descubra como a energia solar e mudan\u00e7as clim\u00e1ticas est\u00e3o interligadas, promovendo sustentabilidade e seguran\u00e7a energ\u00e9tica!\" \/>\n<meta property=\"og:url\" content=\"https:\/\/www.weg.net\/solar\/blog\/energia-solar-e-mudancas-climaticas-como-essa-solucao-pode-fazer-a-diferenca\/\" \/>\n<meta property=\"og:site_name\" content=\"WEG\" \/>\n<meta property=\"article:published_time\" content=\"2025-04-02T16:00:23+00:00\" \/>\n<meta property=\"og:image\" content=\"https:\/\/www.weg.net\/solar\/blog\/wp-content\/uploads\/2025\/04\/energia-solar-e-mudancas-climaticas.jpg\" \/>\n\t<meta property=\"og:image:width\" content=\"1025\" \/>\n\t<meta property=\"og:image:height\" content=\"480\" \/>\n\t<meta property=\"og:image:type\" content=\"image\/jpeg\" \/>\n<meta name=\"author\" content=\"Woop\" \/>\n<meta name=\"twitter:card\" content=\"summary_large_image\" \/>\n<meta name=\"twitter:label1\" content=\"Escrito por\" \/>\n\t<meta name=\"twitter:data1\" content=\"Woop\" \/>\n\t<meta name=\"twitter:label2\" content=\"Est. tempo de leitura\" \/>\n\t<meta name=\"twitter:data2\" content=\"5 minutos\" \/>\n<script type=\"application\/ld+json\" class=\"yoast-schema-graph\">{\"@context\":\"https:\\\/\\\/schema.org\",\"@graph\":[{\"@type\":\"Article\",\"@id\":\"https:\\\/\\\/www.weg.net\\\/solar\\\/blog\\\/energia-solar-e-mudancas-climaticas-como-essa-solucao-pode-fazer-a-diferenca\\\/#article\",\"isPartOf\":{\"@id\":\"https:\\\/\\\/www.weg.net\\\/solar\\\/blog\\\/energia-solar-e-mudancas-climaticas-como-essa-solucao-pode-fazer-a-diferenca\\\/\"},\"author\":{\"name\":\"Woop\",\"@id\":\"https:\\\/\\\/www.weg.net\\\/solar\\\/blog\\\/#\\\/schema\\\/person\\\/ca3597f7454257039e653228f9d83390\"},\"headline\":\"Energia solar e mudan\u00e7as clim\u00e1ticas: como essa solu\u00e7\u00e3o pode fazer a diferen\u00e7a\",\"datePublished\":\"2025-04-02T16:00:23+00:00\",\"mainEntityOfPage\":{\"@id\":\"https:\\\/\\\/www.weg.net\\\/solar\\\/blog\\\/energia-solar-e-mudancas-climaticas-como-essa-solucao-pode-fazer-a-diferenca\\\/\"},\"wordCount\":902,\"image\":{\"@id\":\"https:\\\/\\\/www.weg.net\\\/solar\\\/blog\\\/energia-solar-e-mudancas-climaticas-como-essa-solucao-pode-fazer-a-diferenca\\\/#primaryimage\"},\"thumbnailUrl\":\"https:\\\/\\\/www.weg.net\\\/solar\\\/blog\\\/wp-content\\\/uploads\\\/2025\\\/04\\\/energia-solar-e-mudancas-climaticas.jpg\",\"keywords\":[\"Sustentabilidade\"],\"articleSection\":[\"Sustentabilidade\"],\"inLanguage\":\"pt-BR\"},{\"@type\":\"WebPage\",\"@id\":\"https:\\\/\\\/www.weg.net\\\/solar\\\/blog\\\/energia-solar-e-mudancas-climaticas-como-essa-solucao-pode-fazer-a-diferenca\\\/\",\"url\":\"https:\\\/\\\/www.weg.net\\\/solar\\\/blog\\\/energia-solar-e-mudancas-climaticas-como-essa-solucao-pode-fazer-a-diferenca\\\/\",\"name\":\"Energia solar e mudan\u00e7as clim\u00e1ticas: como essa solu\u00e7\u00e3o pode fazer a diferen\u00e7a - WEG\",\"isPartOf\":{\"@id\":\"https:\\\/\\\/www.weg.net\\\/solar\\\/blog\\\/#website\"},\"primaryImageOfPage\":{\"@id\":\"https:\\\/\\\/www.weg.net\\\/solar\\\/blog\\\/energia-solar-e-mudancas-climaticas-como-essa-solucao-pode-fazer-a-diferenca\\\/#primaryimage\"},\"image\":{\"@id\":\"https:\\\/\\\/www.weg.net\\\/solar\\\/blog\\\/energia-solar-e-mudancas-climaticas-como-essa-solucao-pode-fazer-a-diferenca\\\/#primaryimage\"},\"thumbnailUrl\":\"https:\\\/\\\/www.weg.net\\\/solar\\\/blog\\\/wp-content\\\/uploads\\\/2025\\\/04\\\/energia-solar-e-mudancas-climaticas.jpg\",\"datePublished\":\"2025-04-02T16:00:23+00:00\",\"author\":{\"@id\":\"https:\\\/\\\/www.weg.net\\\/solar\\\/blog\\\/#\\\/schema\\\/person\\\/ca3597f7454257039e653228f9d83390\"},\"description\":\"Descubra como a energia solar e mudan\u00e7as clim\u00e1ticas est\u00e3o interligadas, promovendo sustentabilidade e seguran\u00e7a energ\u00e9tica!\",\"inLanguage\":\"pt-BR\",\"potentialAction\":[{\"@type\":\"ReadAction\",\"target\":[\"https:\\\/\\\/www.weg.net\\\/solar\\\/blog\\\/energia-solar-e-mudancas-climaticas-como-essa-solucao-pode-fazer-a-diferenca\\\/\"]}]},{\"@type\":\"ImageObject\",\"inLanguage\":\"pt-BR\",\"@id\":\"https:\\\/\\\/www.weg.net\\\/solar\\\/blog\\\/energia-solar-e-mudancas-climaticas-como-essa-solucao-pode-fazer-a-diferenca\\\/#primaryimage\",\"url\":\"https:\\\/\\\/www.weg.net\\\/solar\\\/blog\\\/wp-content\\\/uploads\\\/2025\\\/04\\\/energia-solar-e-mudancas-climaticas.jpg\",\"contentUrl\":\"https:\\\/\\\/www.weg.net\\\/solar\\\/blog\\\/wp-content\\\/uploads\\\/2025\\\/04\\\/energia-solar-e-mudancas-climaticas.jpg\",\"width\":1025,\"height\":480,\"caption\":\"Pain\u00e9is solares no p\u00f4r do sol.\"},{\"@type\":\"WebSite\",\"@id\":\"https:\\\/\\\/www.weg.net\\\/solar\\\/blog\\\/#website\",\"url\":\"https:\\\/\\\/www.weg.net\\\/solar\\\/blog\\\/\",\"name\":\"WEG\",\"description\":\"Solar - Blog\",\"potentialAction\":[{\"@type\":\"SearchAction\",\"target\":{\"@type\":\"EntryPoint\",\"urlTemplate\":\"https:\\\/\\\/www.weg.net\\\/solar\\\/blog\\\/?s={search_term_string}\"},\"query-input\":{\"@type\":\"PropertyValueSpecification\",\"valueRequired\":true,\"valueName\":\"search_term_string\"}}],\"inLanguage\":\"pt-BR\"},{\"@type\":\"Person\",\"@id\":\"https:\\\/\\\/www.weg.net\\\/solar\\\/blog\\\/#\\\/schema\\\/person\\\/ca3597f7454257039e653228f9d83390\",\"name\":\"Woop\",\"image\":{\"@type\":\"ImageObject\",\"inLanguage\":\"pt-BR\",\"@id\":\"https:\\\/\\\/secure.gravatar.com\\\/avatar\\\/001d26b588d64bc4fffa6c46f4aadbf72b19183e9ad1c10e21bfa5dbab6053b1?s=96&d=mm&r=g\",\"url\":\"https:\\\/\\\/secure.gravatar.com\\\/avatar\\\/001d26b588d64bc4fffa6c46f4aadbf72b19183e9ad1c10e21bfa5dbab6053b1?s=96&d=mm&r=g\",\"contentUrl\":\"https:\\\/\\\/secure.gravatar.com\\\/avatar\\\/001d26b588d64bc4fffa6c46f4aadbf72b19183e9ad1c10e21bfa5dbab6053b1?s=96&d=mm&r=g\",\"caption\":\"Woop\"},\"url\":\"https:\\\/\\\/www.weg.net\\\/solar\\\/blog\\\/author\\\/woop\\\/\"}]}<\/script>\n<!-- \/ Yoast SEO plugin. -->","yoast_head_json":{"title":"Energia solar e mudan\u00e7as clim\u00e1ticas: como essa solu\u00e7\u00e3o pode fazer a diferen\u00e7a - WEG","description":"Descubra como a energia solar e mudan\u00e7as clim\u00e1ticas est\u00e3o interligadas, promovendo sustentabilidade e seguran\u00e7a energ\u00e9tica!","robots":{"index":"index","follow":"follow","max-snippet":"max-snippet:-1","max-image-preview":"max-image-preview:large","max-video-preview":"max-video-preview:-1"},"canonical":"https:\/\/www.weg.net\/solar\/blog\/energia-solar-e-mudancas-climaticas-como-essa-solucao-pode-fazer-a-diferenca\/","og_locale":"pt_BR","og_type":"article","og_title":"Energia solar e mudan\u00e7as clim\u00e1ticas: como essa solu\u00e7\u00e3o pode fazer a diferen\u00e7a - WEG","og_description":"Descubra como a energia solar e mudan\u00e7as clim\u00e1ticas est\u00e3o interligadas, promovendo sustentabilidade e seguran\u00e7a energ\u00e9tica!","og_url":"https:\/\/www.weg.net\/solar\/blog\/energia-solar-e-mudancas-climaticas-como-essa-solucao-pode-fazer-a-diferenca\/","og_site_name":"WEG","article_published_time":"2025-04-02T16:00:23+00:00","og_image":[{"width":1025,"height":480,"url":"https:\/\/www.weg.net\/solar\/blog\/wp-content\/uploads\/2025\/04\/energia-solar-e-mudancas-climaticas.jpg","type":"image\/jpeg"}],"author":"Woop","twitter_card":"summary_large_image","twitter_misc":{"Escrito por":"Woop","Est. tempo de leitura":"5 minutos"},"schema":{"@context":"https:\/\/schema.org","@graph":[{"@type":"Article","@id":"https:\/\/www.weg.net\/solar\/blog\/energia-solar-e-mudancas-climaticas-como-essa-solucao-pode-fazer-a-diferenca\/#article","isPartOf":{"@id":"https:\/\/www.weg.net\/solar\/blog\/energia-solar-e-mudancas-climaticas-como-essa-solucao-pode-fazer-a-diferenca\/"},"author":{"name":"Woop","@id":"https:\/\/www.weg.net\/solar\/blog\/#\/schema\/person\/ca3597f7454257039e653228f9d83390"},"headline":"Energia solar e mudan\u00e7as clim\u00e1ticas: como essa solu\u00e7\u00e3o pode fazer a diferen\u00e7a","datePublished":"2025-04-02T16:00:23+00:00","mainEntityOfPage":{"@id":"https:\/\/www.weg.net\/solar\/blog\/energia-solar-e-mudancas-climaticas-como-essa-solucao-pode-fazer-a-diferenca\/"},"wordCount":902,"image":{"@id":"https:\/\/www.weg.net\/solar\/blog\/energia-solar-e-mudancas-climaticas-como-essa-solucao-pode-fazer-a-diferenca\/#primaryimage"},"thumbnailUrl":"https:\/\/www.weg.net\/solar\/blog\/wp-content\/uploads\/2025\/04\/energia-solar-e-mudancas-climaticas.jpg","keywords":["Sustentabilidade"],"articleSection":["Sustentabilidade"],"inLanguage":"pt-BR"},{"@type":"WebPage","@id":"https:\/\/www.weg.net\/solar\/blog\/energia-solar-e-mudancas-climaticas-como-essa-solucao-pode-fazer-a-diferenca\/","url":"https:\/\/www.weg.net\/solar\/blog\/energia-solar-e-mudancas-climaticas-como-essa-solucao-pode-fazer-a-diferenca\/","name":"Energia solar e mudan\u00e7as clim\u00e1ticas: como essa solu\u00e7\u00e3o pode fazer a diferen\u00e7a - WEG","isPartOf":{"@id":"https:\/\/www.weg.net\/solar\/blog\/#website"},"primaryImageOfPage":{"@id":"https:\/\/www.weg.net\/solar\/blog\/energia-solar-e-mudancas-climaticas-como-essa-solucao-pode-fazer-a-diferenca\/#primaryimage"},"image":{"@id":"https:\/\/www.weg.net\/solar\/blog\/energia-solar-e-mudancas-climaticas-como-essa-solucao-pode-fazer-a-diferenca\/#primaryimage"},"thumbnailUrl":"https:\/\/www.weg.net\/solar\/blog\/wp-content\/uploads\/2025\/04\/energia-solar-e-mudancas-climaticas.jpg","datePublished":"2025-04-02T16:00:23+00:00","author":{"@id":"https:\/\/www.weg.net\/solar\/blog\/#\/schema\/person\/ca3597f7454257039e653228f9d83390"},"description":"Descubra como a energia solar e mudan\u00e7as clim\u00e1ticas est\u00e3o interligadas, promovendo sustentabilidade e seguran\u00e7a energ\u00e9tica!","inLanguage":"pt-BR","potentialAction":[{"@type":"ReadAction","target":["https:\/\/www.weg.net\/solar\/blog\/energia-solar-e-mudancas-climaticas-como-essa-solucao-pode-fazer-a-diferenca\/"]}]},{"@type":"ImageObject","inLanguage":"pt-BR","@id":"https:\/\/www.weg.net\/solar\/blog\/energia-solar-e-mudancas-climaticas-como-essa-solucao-pode-fazer-a-diferenca\/#primaryimage","url":"https:\/\/www.weg.net\/solar\/blog\/wp-content\/uploads\/2025\/04\/energia-solar-e-mudancas-climaticas.jpg","contentUrl":"https:\/\/www.weg.net\/solar\/blog\/wp-content\/uploads\/2025\/04\/energia-solar-e-mudancas-climaticas.jpg","width":1025,"height":480,"caption":"Pain\u00e9is solares no p\u00f4r do sol."},{"@type":"WebSite","@id":"https:\/\/www.weg.net\/solar\/blog\/#website","url":"https:\/\/www.weg.net\/solar\/blog\/","name":"WEG","description":"Solar - Blog","potentialAction":[{"@type":"SearchAction","target":{"@type":"EntryPoint","urlTemplate":"https:\/\/www.weg.net\/solar\/blog\/?s={search_term_string}"},"query-input":{"@type":"PropertyValueSpecification","valueRequired":true,"valueName":"search_term_string"}}],"inLanguage":"pt-BR"},{"@type":"Person","@id":"https:\/\/www.weg.net\/solar\/blog\/#\/schema\/person\/ca3597f7454257039e653228f9d83390","name":"Woop","image":{"@type":"ImageObject","inLanguage":"pt-BR","@id":"https:\/\/secure.gravatar.com\/avatar\/001d26b588d64bc4fffa6c46f4aadbf72b19183e9ad1c10e21bfa5dbab6053b1?s=96&d=mm&r=g","url":"https:\/\/secure.gravatar.com\/avatar\/001d26b588d64bc4fffa6c46f4aadbf72b19183e9ad1c10e21bfa5dbab6053b1?s=96&d=mm&r=g","contentUrl":"https:\/\/secure.gravatar.com\/avatar\/001d26b588d64bc4fffa6c46f4aadbf72b19183e9ad1c10e21bfa5dbab6053b1?s=96&d=mm&r=g","caption":"Woop"},"url":"https:\/\/www.weg.net\/solar\/blog\/author\/woop\/"}]}},"_links":{"self":[{"href":"https:\/\/www.weg.net\/solar\/blog\/wp-json\/wp\/v2\/posts\/10003","targetHints":{"allow":["GET"]}}],"collection":[{"href":"https:\/\/www.weg.net\/solar\/blog\/wp-json\/wp\/v2\/posts"}],"about":[{"href":"https:\/\/www.weg.net\/solar\/blog\/wp-json\/wp\/v2\/types\/post"}],"author":[{"embeddable":true,"href":"https:\/\/www.weg.net\/solar\/blog\/wp-json\/wp\/v2\/users\/4"}],"replies":[{"embeddable":true,"href":"https:\/\/www.weg.net\/solar\/blog\/wp-json\/wp\/v2\/comments?post=10003"}],"version-history":[{"count":1,"href":"https:\/\/www.weg.net\/solar\/blog\/wp-json\/wp\/v2\/posts\/10003\/revisions"}],"predecessor-version":[{"id":10007,"href":"https:\/\/www.weg.net\/solar\/blog\/wp-json\/wp\/v2\/posts\/10003\/revisions\/10007"}],"wp:featuredmedia":[{"embeddable":true,"href":"https:\/\/www.weg.net\/solar\/blog\/wp-json\/wp\/v2\/media\/10006"}],"wp:attachment":[{"href":"https:\/\/www.weg.net\/solar\/blog\/wp-json\/wp\/v2\/media?parent=10003"}],"wp:term":[{"taxonomy":"category","embeddable":true,"href":"https:\/\/www.weg.net\/solar\/blog\/wp-json\/wp\/v2\/categories?post=10003"},{"taxonomy":"post_tag","embeddable":true,"href":"https:\/\/www.weg.net\/solar\/blog\/wp-json\/wp\/v2\/tags?post=10003"}],"curies":[{"name":"wp","href":"https:\/\/api.w.org\/{rel}","templated":true}]}}