{"id":2136,"date":"2025-12-09T09:23:18","date_gmt":"2025-12-09T12:23:18","guid":{"rendered":"https:\/\/www.weg.net\/digital\/blog\/?p=2136"},"modified":"2025-12-09T13:15:51","modified_gmt":"2025-12-09T16:15:51","slug":"inteligencia-artificial-simplifica-recarga-frotas-eletricas-garagens","status":"publish","type":"post","link":"https:\/\/www.weg.net\/digital\/blog\/inteligencia-artificial-simplifica-recarga-frotas-eletricas-garagens\/","title":{"rendered":"Conhe\u00e7a a Intelig\u00eancia Artificial que simplifica a recarga de frotas el\u00e9tricas em garagens"},"content":{"rendered":"<p>A <strong>mobilidade el\u00e9trica<\/strong> est\u00e1 crescendo r\u00e1pido, e com ela, tamb\u00e9m cresce o desafio de gerenciar o carregamento de ve\u00edculos no p\u00e1tio. Seja em uma <strong>frota de \u00f4nibus el\u00e9trico, vans, caminh\u00f5es ou ve\u00edculos leves<\/strong>, o garagista precisa garantir que tudo esteja pronto no hor\u00e1rio certo, sem filas desnecess\u00e1rias e sem perder tempo organizando a ordem manualmente.<\/p>\n<p><img loading=\"lazy\" decoding=\"async\" class=\"aligncenter wp-image-2138 size-large\" src=\"https:\/\/www.weg.net\/digital\/blog\/wp-content\/uploads\/2025\/12\/autobless-1024x576.jpeg\" alt=\"Imagem a\u00e9rea de uma frota de onibus el\u00e9trico em S\u00e3o Paulo\" width=\"1024\" height=\"576\" \/><\/p>\n<p>Para resolver esse desafio, o <strong>WEMOB\u00ae Station Fleet Management<\/strong> apresenta sua nova funcionalidade: <strong>a Otimiza\u00e7\u00e3o de Recarga do Garagista com Intelig\u00eancia Artificial (IA)<\/strong>, um sistema que usa <strong>IA<\/strong> para sugerir, automaticamente, <strong>a melhor ordem de carregamento<\/strong>, em tempo real.<\/p>\n<p>Essa intelig\u00eancia faz parte do <strong>WEGnology AI<\/strong>, o ecossistema de algoritmos, modelos e tecnologias de IA da WEG, desenvolvido para elevar efici\u00eancia operacional, prever comportamentos, tomar decis\u00f5es em tempo real e automatizar rotinas cr\u00edticas em diferentes setores. No contexto da <strong>mobilidade el\u00e9trica<\/strong>, o WEGnology AI permite que o sistema aprenda com o hist\u00f3rico da frota, interprete padr\u00f5es de uso e forne\u00e7a sugest\u00f5es mais precisas a cada nova opera\u00e7\u00e3o.<\/p>\n<h2>Como funciona<\/h2>\n<p>A <strong>IA<\/strong> monitora tudo o que acontece na garagem e organiza a fila de carregamento automaticamente.<\/p>\n<p>Ela considera fatores como previs\u00e3o de bateria, prioridade operacional, hor\u00e1rios de sa\u00edda e disponibilidade dos carregadores. Sempre que um ve\u00edculo \u00e9 plugado ou retirado, a fila se reorganiza sozinha.<\/p>\n<p>O objetivo \u00e9 simples: <strong>evitar gargalos, manter carregadores ocupados e garantir que nenhum ve\u00edculo cr\u00edtico fique pronto tarde demais<\/strong>.<\/p>\n<h3>Zero complica\u00e7\u00e3o para quem opera<\/h3>\n<p>A interface foi pensada para ser \u201czero-config\u201d: basta operar normalmente. Os cards se movem automaticamente entre:<\/p>\n<ul>\n<li>Ordem sugerida<\/li>\n<li>Carregando<\/li>\n<li>Recarga finalizada<\/li>\n<\/ul>\n<p>E cada card exibe informa\u00e7\u00f5es essenciais: posi\u00e7\u00e3o na fila, n\u00edvel de bateria com cores intuitivas e a esta\u00e7\u00e3o onde est\u00e1 carregando.<\/p>\n<p><img loading=\"lazy\" decoding=\"async\" class=\"aligncenter wp-image-2139 size-large\" src=\"https:\/\/www.weg.net\/digital\/blog\/wp-content\/uploads\/2025\/12\/tela-da-funcionalidade-1024x576.png\" alt=\"Gest\u00e3o de garagens onibus el\u00e9trico com inteligencia artificial\" width=\"1024\" height=\"576\" \/><\/p>\n<p>&nbsp;<\/p>\n<p style=\"text-align: center;\"><a style=\"background-color: #28b9da; color: #0d273e; padding: 14px 28px; border-radius: 4px; text-decoration: none; font-weight: bold; font-family: Helvetica, Arial, sans-serif; font-size: 16px; display: inline-block;\" href=\"https:\/\/materiais.wegdigital.weg.net\/wemob-contato-todos-os-produtos?utm_source=blog&amp;utm_medium=organic&amp;utm_campaign=wegnologyai%20garagem%20frotas%20eletricas\" target=\"_blank\" rel=\"noopener\">Fale com vendas<\/a><\/p>\n<h2>E quando faltam dados? A IA tamb\u00e9m sabe lidar<\/h2>\n<p>Ve\u00edculos com pouco hist\u00f3rico de telemetria n\u00e3o atrapalham a opera\u00e7\u00e3o. A <strong>IA usa estimativas, heur\u00edsticas e regras operacionais<\/strong> para manter a fila fluindo sem interrup\u00e7\u00f5es, sempre de forma conservadora e previs\u00edvel.<\/p>\n<p>Mesmo assim, o controle continua totalmente nas m\u00e3os do operador. Ele pode:<\/p>\n<ul>\n<li>definir o hor\u00e1rio de reset da fila (de acordo com o turno e rotina da frota),<\/li>\n<li>ajustar o n\u00famero de carregadores ativos,<\/li>\n<li>editar a lista de ve\u00edculos,<\/li>\n<li>definir prioridades manuais quando necess\u00e1rio.<\/li>\n<\/ul>\n<p><strong>Ou seja: automa\u00e7\u00e3o quando \u00e9 \u00fatil, flexibilidade quando \u00e9 preciso.<\/strong><\/p>\n<p><img loading=\"lazy\" decoding=\"async\" class=\"wp-image-2140 size-large aligncenter\" src=\"https:\/\/www.weg.net\/digital\/blog\/wp-content\/uploads\/2025\/12\/fluxograma_1-1024x126.png\" alt=\"\" width=\"1024\" height=\"126\" \/><\/p>\n<h2>Resultados testados, com dados reais<\/h2>\n<p>A <strong>funcionalidade foi testada com os garagistas<\/strong> que mais realizam recargas no ecossistema WEMOB\u00ae.<\/p>\n<p>A IA apresentou um erro m\u00e9dio de apenas <strong>9,6 pontos percentuais<\/strong> na estimativa de SOC de chegada, um n\u00edvel consistente para cen\u00e1rios de alta variabilidade.<\/p>\n<p><strong>Esse desempenho se traduz em benef\u00edcios diretos:<\/strong><\/p>\n<ul>\n<li>carregadores de \u00f4nibus el\u00e9trico, vans e caminh\u00f5es sempre ocupados;<\/li>\n<li>menos tempo na fila;<\/li>\n<li>mais recargas conclu\u00eddas dentro da janela correta;<\/li>\n<li>menos interven\u00e7\u00f5es manuais por turno;<\/li>\n<li>mais previsibilidade para toda a opera\u00e7\u00e3o.<\/li>\n<\/ul>\n<p>&nbsp;<\/p>\n<p style=\"text-align: center;\"><a style=\"background-color: #28b9da; color: #0d273e; padding: 14px 28px; border-radius: 4px; text-decoration: none; font-weight: bold; font-family: Helvetica, Arial, sans-serif; font-size: 16px; display: inline-block;\" href=\"https:\/\/materiais.wegdigital.weg.net\/wemob-contato-todos-os-produtos?utm_source=blog&amp;utm_medium=organic&amp;utm_campaign=wegnologyai%20garagem%20frotas%20eletricas\" target=\"_blank\" rel=\"noopener\">Teste a IA na sua garagem<\/a><\/p>\n<p>&nbsp;<\/p>\n<h2>Por que importa para o futuro da mobilidade el\u00e9trica?<\/h2>\n<p>Porque a opera\u00e7\u00e3o de frotas el\u00e9tricas est\u00e1 ficando cada vez mais complexa, e a efici\u00eancia n\u00e3o depende apenas de infraestrutura, mas de <strong>intelig\u00eancia aplicada ao dia a dia<\/strong>.<br \/>\nO crescimento dos carregadores de ve\u00edculos el\u00e9tricos, especialmente <strong>carregadores para \u00f4nibus el\u00e9tricos e ve\u00edculos de grande porte<\/strong>, exige solu\u00e7\u00f5es capazes de orquestrar a opera\u00e7\u00e3o com precis\u00e3o, sem aumentar custos e sem sobrecarregar equipes.<\/p>\n<p>A nova Otimiza\u00e7\u00e3o com IA representa exatamente isso: <strong>um passo decisivo na digitaliza\u00e7\u00e3o operacional e no uso de intelig\u00eancia artificial para garantir disponibilidade, previsibilidade e redu\u00e7\u00e3o de esfor\u00e7o humano<\/strong>.<\/p>\n<p>E essa evolu\u00e7\u00e3o est\u00e1 completamente alinhada ao que a WEG vem construindo no setor, incluindo uma das novidades mais importantes anunciadas recentemente: <a href=\"https:\/\/www.weg.net\/institutional\/BR\/pt\/news\/resultados-e-investimentos\/weg-anuncia-a-construcao-de-centro-pioneiro-em-mobilidade-eletrica-em-sao-bernardo-do-campo-sp\" target=\"_blank\" rel=\"noopener\">o <strong>WEG eMobility Center (WMC)<\/strong><\/a>.<\/p>\n<p><img loading=\"lazy\" decoding=\"async\" class=\"aligncenter wp-image-2141 size-large\" src=\"https:\/\/www.weg.net\/digital\/blog\/wp-content\/uploads\/2025\/12\/weg-sbc-fabrica-6-1024x576.jpg\" alt=\"Mobilidade el\u00e9trica WEG com WEG eMobility Center\" width=\"1024\" height=\"576\" \/><\/p>\n<p>Apresentado tamb\u00e9m \u00e0 imprensa durante o <a href=\"https:\/\/www.youtube.com\/watch?v=nsJTw4hfsyU&amp;pp=ygUDd2Vn\" target=\"_blank\" rel=\"noopener\"><strong>Sal\u00e3o Internacional do Autom\u00f3vel de S\u00e3o Paulo<\/strong><\/a>, o WMC ser\u00e1 um centro pioneiro em mobilidade el\u00e9trica em S\u00e3o Bernardo do Campo\/SP, projetado para:<\/p>\n<ul>\n<li>oferecer assist\u00eancia t\u00e9cnica especializada;<\/li>\n<li>acelerar a economia circular para baterias e componentes;<\/li>\n<li>reduzir tempo de parada das frotas;<\/li>\n<li>ampliar o suporte a sistemas de tra\u00e7\u00e3o, packs de baterias e esta\u00e7\u00f5es de recarga;<\/li>\n<li>fortalecer a estrat\u00e9gia de proximidade com clientes de todo o Brasil.<\/li>\n<\/ul>\n<p>O WMC refor\u00e7a a vis\u00e3o da WEG: <strong>solu\u00e7\u00f5es ponta a ponta<\/strong>, <strong>que v\u00e3o da intelig\u00eancia artificial ao suporte f\u00edsico especializado<\/strong>, tudo para sustentar a expans\u00e3o das frotas el\u00e9tricas com efici\u00eancia, seguran\u00e7a e escala.<\/p>\n<h2><b><span style=\"color: windowtext;\">IA, infraestrutura e agora um centro dedicado: a WEG est\u00e1 moldando o futuro da mobilidade el\u00e9trica<\/span><\/b><\/h2>\n<p>A nova Otimiza\u00e7\u00e3o de Recarga do Garagista com IA n\u00e3o \u00e9 apenas uma funcionalidade. Ela \u00e9 parte de um movimento maior: o <strong>compromisso da WEG em construir um ecossistema completo<\/strong> para quem j\u00e1 embarcou na mobilidade el\u00e9trica, e para quem ainda vai embarcar.<\/p>\n<p>Do software inteligente que organiza a opera\u00e7\u00e3o, ao <strong>WEG eMobility Center<\/strong>, que trar\u00e1 servi\u00e7os especializados e economia circular para baterias e sistemas de recarga, <strong>a WEG consolida sua posi\u00e7\u00e3o como protagonista e refer\u00eancia nacional no setor.<\/strong><\/p>\n<p><strong>A mobilidade el\u00e9trica exige tecnologia, efici\u00eancia e suporte de classe mundial. E a WEG est\u00e1 entregando tudo isso, ponta a ponta.<\/strong><\/p>\n<p>&nbsp;<\/p>\n<p style=\"text-align: center;\"><a style=\"background-color: #28b9da; color: #0d273e; padding: 14px 28px; border-radius: 4px; text-decoration: none; font-weight: bold; font-family: Helvetica, Arial, sans-serif; font-size: 16px; display: inline-block;\" href=\"https:\/\/materiais.wegdigital.weg.net\/wemob-contato-todos-os-produtos?utm_source=blog&amp;utm_medium=organic&amp;utm_campaign=wegnologyai%20garagem%20frotas%20eletricas\" target=\"_blank\" rel=\"noopener\">Compre carregadores da WEG<\/a><\/p>\n","protected":false},"excerpt":{"rendered":"<p>A mobilidade el\u00e9trica est\u00e1 crescendo r\u00e1pido, e com ela, tamb\u00e9m cresce o desafio de gerenciar o carregamento de ve\u00edculos no p\u00e1tio. Seja em uma frota de \u00f4nibus el\u00e9trico, vans, caminh\u00f5es ou ve\u00edculos leves, o garagista precisa garantir que tudo esteja pronto no hor\u00e1rio certo, sem filas desnecess\u00e1rias e sem perder tempo organizando a ordem manualmente. [&hellip;]<\/p>\n","protected":false},"author":9,"featured_media":2146,"comment_status":"open","ping_status":"open","sticky":false,"template":"","format":"standard","meta":{"footnotes":""},"categories":[1],"tags":[113,73,119],"class_list":["post-2136","post","type-post","status-publish","format-standard","has-post-thumbnail","hentry","category-gestao","tag-wegnology-ai","tag-wemob","tag-wemob-station-fleet-management"],"yoast_head":"<!-- This site is optimized with the Yoast SEO plugin v27.4 - https:\/\/yoast.com\/product\/yoast-seo-wordpress\/ -->\n<title>Conhe\u00e7a a Intelig\u00eancia Artificial que simplifica a recarga de frotas el\u00e9tricas em garagens - Blog WEG Digital &amp; Sistemas<\/title>\n<meta name=\"description\" content=\"Saiba como a IA da WEG, com WEGnology AI, organiza automaticamente a recarga de frotas el\u00e9tricas, reduz gargalos e aumenta a disponibilidade operacional em garagens.\" \/>\n<meta name=\"robots\" content=\"index, follow, max-snippet:-1, max-image-preview:large, max-video-preview:-1\" \/>\n<link rel=\"canonical\" href=\"https:\/\/www.weg.net\/digital\/blog\/inteligencia-artificial-simplifica-recarga-frotas-eletricas-garagens\/\" \/>\n<meta property=\"og:locale\" content=\"pt_BR\" \/>\n<meta property=\"og:type\" content=\"article\" \/>\n<meta property=\"og:title\" content=\"Conhe\u00e7a a Intelig\u00eancia Artificial que simplifica a recarga de frotas el\u00e9tricas em garagens - Blog WEG Digital &amp; Sistemas\" \/>\n<meta property=\"og:description\" content=\"Saiba como a IA da WEG, com WEGnology AI, organiza automaticamente a recarga de frotas el\u00e9tricas, reduz gargalos e aumenta a disponibilidade operacional em garagens.\" \/>\n<meta property=\"og:url\" content=\"https:\/\/www.weg.net\/digital\/blog\/inteligencia-artificial-simplifica-recarga-frotas-eletricas-garagens\/\" \/>\n<meta property=\"og:site_name\" content=\"Blog WEG Digital &amp; Sistemas\" \/>\n<meta property=\"article:published_time\" content=\"2025-12-09T12:23:18+00:00\" \/>\n<meta property=\"article:modified_time\" content=\"2025-12-09T16:15:51+00:00\" \/>\n<meta property=\"og:image\" content=\"https:\/\/www.weg.net\/digital\/blog\/wp-content\/uploads\/2025\/12\/capablog_recargacomia_1-1.png\" \/>\n\t<meta property=\"og:image:width\" content=\"1025\" \/>\n\t<meta property=\"og:image:height\" content=\"480\" \/>\n\t<meta property=\"og:image:type\" content=\"image\/png\" \/>\n<meta name=\"author\" content=\"Felipe Thum Marin\" \/>\n<meta name=\"twitter:card\" content=\"summary_large_image\" \/>\n<meta name=\"twitter:label1\" content=\"Escrito por\" \/>\n\t<meta name=\"twitter:data1\" content=\"Felipe Thum Marin\" \/>\n\t<meta name=\"twitter:label2\" content=\"Est. tempo de leitura\" \/>\n\t<meta name=\"twitter:data2\" content=\"6 minutos\" \/>\n<script type=\"application\/ld+json\" class=\"yoast-schema-graph\">{\"@context\":\"https:\\\/\\\/schema.org\",\"@graph\":[{\"@type\":\"Article\",\"@id\":\"https:\\\/\\\/www.weg.net\\\/digital\\\/blog\\\/inteligencia-artificial-simplifica-recarga-frotas-eletricas-garagens\\\/#article\",\"isPartOf\":{\"@id\":\"https:\\\/\\\/www.weg.net\\\/digital\\\/blog\\\/inteligencia-artificial-simplifica-recarga-frotas-eletricas-garagens\\\/\"},\"author\":{\"name\":\"Felipe Thum Marin\",\"@id\":\"https:\\\/\\\/www.weg.net\\\/digital\\\/blog\\\/#\\\/schema\\\/person\\\/b4762540f30a6087771477c553fe997a\"},\"headline\":\"Conhe\u00e7a a Intelig\u00eancia Artificial que simplifica a recarga de frotas el\u00e9tricas em garagens\",\"datePublished\":\"2025-12-09T12:23:18+00:00\",\"dateModified\":\"2025-12-09T16:15:51+00:00\",\"mainEntityOfPage\":{\"@id\":\"https:\\\/\\\/www.weg.net\\\/digital\\\/blog\\\/inteligencia-artificial-simplifica-recarga-frotas-eletricas-garagens\\\/\"},\"wordCount\":930,\"commentCount\":0,\"image\":{\"@id\":\"https:\\\/\\\/www.weg.net\\\/digital\\\/blog\\\/inteligencia-artificial-simplifica-recarga-frotas-eletricas-garagens\\\/#primaryimage\"},\"thumbnailUrl\":\"https:\\\/\\\/www.weg.net\\\/digital\\\/blog\\\/wp-content\\\/uploads\\\/2025\\\/12\\\/capablog_recargacomia_1-1.png\",\"keywords\":[\"WEGnology AI\",\"WEMOB\",\"WEMOB Station Fleet Management\"],\"articleSection\":[\"Gest\u00e3o\"],\"inLanguage\":\"pt-BR\",\"potentialAction\":[{\"@type\":\"CommentAction\",\"name\":\"Comment\",\"target\":[\"https:\\\/\\\/www.weg.net\\\/digital\\\/blog\\\/inteligencia-artificial-simplifica-recarga-frotas-eletricas-garagens\\\/#respond\"]}]},{\"@type\":\"WebPage\",\"@id\":\"https:\\\/\\\/www.weg.net\\\/digital\\\/blog\\\/inteligencia-artificial-simplifica-recarga-frotas-eletricas-garagens\\\/\",\"url\":\"https:\\\/\\\/www.weg.net\\\/digital\\\/blog\\\/inteligencia-artificial-simplifica-recarga-frotas-eletricas-garagens\\\/\",\"name\":\"Conhe\u00e7a a Intelig\u00eancia Artificial que simplifica a recarga de frotas el\u00e9tricas em garagens - Blog WEG Digital &amp; Sistemas\",\"isPartOf\":{\"@id\":\"https:\\\/\\\/www.weg.net\\\/digital\\\/blog\\\/#website\"},\"primaryImageOfPage\":{\"@id\":\"https:\\\/\\\/www.weg.net\\\/digital\\\/blog\\\/inteligencia-artificial-simplifica-recarga-frotas-eletricas-garagens\\\/#primaryimage\"},\"image\":{\"@id\":\"https:\\\/\\\/www.weg.net\\\/digital\\\/blog\\\/inteligencia-artificial-simplifica-recarga-frotas-eletricas-garagens\\\/#primaryimage\"},\"thumbnailUrl\":\"https:\\\/\\\/www.weg.net\\\/digital\\\/blog\\\/wp-content\\\/uploads\\\/2025\\\/12\\\/capablog_recargacomia_1-1.png\",\"datePublished\":\"2025-12-09T12:23:18+00:00\",\"dateModified\":\"2025-12-09T16:15:51+00:00\",\"author\":{\"@id\":\"https:\\\/\\\/www.weg.net\\\/digital\\\/blog\\\/#\\\/schema\\\/person\\\/b4762540f30a6087771477c553fe997a\"},\"description\":\"Saiba como a IA da WEG, com WEGnology AI, organiza automaticamente a recarga de frotas el\u00e9tricas, reduz gargalos e aumenta a disponibilidade operacional em garagens.\",\"breadcrumb\":{\"@id\":\"https:\\\/\\\/www.weg.net\\\/digital\\\/blog\\\/inteligencia-artificial-simplifica-recarga-frotas-eletricas-garagens\\\/#breadcrumb\"},\"inLanguage\":\"pt-BR\",\"potentialAction\":[{\"@type\":\"ReadAction\",\"target\":[\"https:\\\/\\\/www.weg.net\\\/digital\\\/blog\\\/inteligencia-artificial-simplifica-recarga-frotas-eletricas-garagens\\\/\"]}]},{\"@type\":\"ImageObject\",\"inLanguage\":\"pt-BR\",\"@id\":\"https:\\\/\\\/www.weg.net\\\/digital\\\/blog\\\/inteligencia-artificial-simplifica-recarga-frotas-eletricas-garagens\\\/#primaryimage\",\"url\":\"https:\\\/\\\/www.weg.net\\\/digital\\\/blog\\\/wp-content\\\/uploads\\\/2025\\\/12\\\/capablog_recargacomia_1-1.png\",\"contentUrl\":\"https:\\\/\\\/www.weg.net\\\/digital\\\/blog\\\/wp-content\\\/uploads\\\/2025\\\/12\\\/capablog_recargacomia_1-1.png\",\"width\":1025,\"height\":480},{\"@type\":\"BreadcrumbList\",\"@id\":\"https:\\\/\\\/www.weg.net\\\/digital\\\/blog\\\/inteligencia-artificial-simplifica-recarga-frotas-eletricas-garagens\\\/#breadcrumb\",\"itemListElement\":[{\"@type\":\"ListItem\",\"position\":1,\"name\":\"In\u00edcio\",\"item\":\"https:\\\/\\\/www.weg.net\\\/digital\\\/blog\\\/\"},{\"@type\":\"ListItem\",\"position\":2,\"name\":\"Conhe\u00e7a a Intelig\u00eancia Artificial que simplifica a recarga de frotas el\u00e9tricas em garagens\"}]},{\"@type\":\"WebSite\",\"@id\":\"https:\\\/\\\/www.weg.net\\\/digital\\\/blog\\\/#website\",\"url\":\"https:\\\/\\\/www.weg.net\\\/digital\\\/blog\\\/\",\"name\":\"Blog WEG Digital &amp; Sistemas\",\"description\":\"Confira as \u00faltimas atualiza\u00e7\u00f5es e novidades do universo da tecnologia aplicado na ind\u00fastria 4.0\",\"potentialAction\":[{\"@type\":\"SearchAction\",\"target\":{\"@type\":\"EntryPoint\",\"urlTemplate\":\"https:\\\/\\\/www.weg.net\\\/digital\\\/blog\\\/?s={search_term_string}\"},\"query-input\":{\"@type\":\"PropertyValueSpecification\",\"valueRequired\":true,\"valueName\":\"search_term_string\"}}],\"inLanguage\":\"pt-BR\"},{\"@type\":\"Person\",\"@id\":\"https:\\\/\\\/www.weg.net\\\/digital\\\/blog\\\/#\\\/schema\\\/person\\\/b4762540f30a6087771477c553fe997a\",\"name\":\"Felipe Thum Marin\",\"image\":{\"@type\":\"ImageObject\",\"inLanguage\":\"pt-BR\",\"@id\":\"https:\\\/\\\/secure.gravatar.com\\\/avatar\\\/3fd22dcf4810875fe37d97f35060c6cb2d4f964e4b3267ff6c2de4289d70d4a2?s=96&d=mm&r=g\",\"url\":\"https:\\\/\\\/secure.gravatar.com\\\/avatar\\\/3fd22dcf4810875fe37d97f35060c6cb2d4f964e4b3267ff6c2de4289d70d4a2?s=96&d=mm&r=g\",\"contentUrl\":\"https:\\\/\\\/secure.gravatar.com\\\/avatar\\\/3fd22dcf4810875fe37d97f35060c6cb2d4f964e4b3267ff6c2de4289d70d4a2?s=96&d=mm&r=g\",\"caption\":\"Felipe Thum Marin\"},\"url\":\"https:\\\/\\\/www.weg.net\\\/digital\\\/blog\\\/author\\\/felipethum\\\/\"}]}<\/script>\n<!-- \/ Yoast SEO plugin. -->","yoast_head_json":{"title":"Conhe\u00e7a a Intelig\u00eancia Artificial que simplifica a recarga de frotas el\u00e9tricas em garagens - Blog WEG Digital &amp; Sistemas","description":"Saiba como a IA da WEG, com WEGnology AI, organiza automaticamente a recarga de frotas el\u00e9tricas, reduz gargalos e aumenta a disponibilidade operacional em garagens.","robots":{"index":"index","follow":"follow","max-snippet":"max-snippet:-1","max-image-preview":"max-image-preview:large","max-video-preview":"max-video-preview:-1"},"canonical":"https:\/\/www.weg.net\/digital\/blog\/inteligencia-artificial-simplifica-recarga-frotas-eletricas-garagens\/","og_locale":"pt_BR","og_type":"article","og_title":"Conhe\u00e7a a Intelig\u00eancia Artificial que simplifica a recarga de frotas el\u00e9tricas em garagens - Blog WEG Digital &amp; Sistemas","og_description":"Saiba como a IA da WEG, com WEGnology AI, organiza automaticamente a recarga de frotas el\u00e9tricas, reduz gargalos e aumenta a disponibilidade operacional em garagens.","og_url":"https:\/\/www.weg.net\/digital\/blog\/inteligencia-artificial-simplifica-recarga-frotas-eletricas-garagens\/","og_site_name":"Blog WEG Digital &amp; Sistemas","article_published_time":"2025-12-09T12:23:18+00:00","article_modified_time":"2025-12-09T16:15:51+00:00","og_image":[{"width":1025,"height":480,"url":"https:\/\/www.weg.net\/digital\/blog\/wp-content\/uploads\/2025\/12\/capablog_recargacomia_1-1.png","type":"image\/png"}],"author":"Felipe Thum Marin","twitter_card":"summary_large_image","twitter_misc":{"Escrito por":"Felipe Thum Marin","Est. tempo de leitura":"6 minutos"},"schema":{"@context":"https:\/\/schema.org","@graph":[{"@type":"Article","@id":"https:\/\/www.weg.net\/digital\/blog\/inteligencia-artificial-simplifica-recarga-frotas-eletricas-garagens\/#article","isPartOf":{"@id":"https:\/\/www.weg.net\/digital\/blog\/inteligencia-artificial-simplifica-recarga-frotas-eletricas-garagens\/"},"author":{"name":"Felipe Thum Marin","@id":"https:\/\/www.weg.net\/digital\/blog\/#\/schema\/person\/b4762540f30a6087771477c553fe997a"},"headline":"Conhe\u00e7a a Intelig\u00eancia Artificial que simplifica a recarga de frotas el\u00e9tricas em garagens","datePublished":"2025-12-09T12:23:18+00:00","dateModified":"2025-12-09T16:15:51+00:00","mainEntityOfPage":{"@id":"https:\/\/www.weg.net\/digital\/blog\/inteligencia-artificial-simplifica-recarga-frotas-eletricas-garagens\/"},"wordCount":930,"commentCount":0,"image":{"@id":"https:\/\/www.weg.net\/digital\/blog\/inteligencia-artificial-simplifica-recarga-frotas-eletricas-garagens\/#primaryimage"},"thumbnailUrl":"https:\/\/www.weg.net\/digital\/blog\/wp-content\/uploads\/2025\/12\/capablog_recargacomia_1-1.png","keywords":["WEGnology AI","WEMOB","WEMOB Station Fleet Management"],"articleSection":["Gest\u00e3o"],"inLanguage":"pt-BR","potentialAction":[{"@type":"CommentAction","name":"Comment","target":["https:\/\/www.weg.net\/digital\/blog\/inteligencia-artificial-simplifica-recarga-frotas-eletricas-garagens\/#respond"]}]},{"@type":"WebPage","@id":"https:\/\/www.weg.net\/digital\/blog\/inteligencia-artificial-simplifica-recarga-frotas-eletricas-garagens\/","url":"https:\/\/www.weg.net\/digital\/blog\/inteligencia-artificial-simplifica-recarga-frotas-eletricas-garagens\/","name":"Conhe\u00e7a a Intelig\u00eancia Artificial que simplifica a recarga de frotas el\u00e9tricas em garagens - Blog WEG Digital &amp; Sistemas","isPartOf":{"@id":"https:\/\/www.weg.net\/digital\/blog\/#website"},"primaryImageOfPage":{"@id":"https:\/\/www.weg.net\/digital\/blog\/inteligencia-artificial-simplifica-recarga-frotas-eletricas-garagens\/#primaryimage"},"image":{"@id":"https:\/\/www.weg.net\/digital\/blog\/inteligencia-artificial-simplifica-recarga-frotas-eletricas-garagens\/#primaryimage"},"thumbnailUrl":"https:\/\/www.weg.net\/digital\/blog\/wp-content\/uploads\/2025\/12\/capablog_recargacomia_1-1.png","datePublished":"2025-12-09T12:23:18+00:00","dateModified":"2025-12-09T16:15:51+00:00","author":{"@id":"https:\/\/www.weg.net\/digital\/blog\/#\/schema\/person\/b4762540f30a6087771477c553fe997a"},"description":"Saiba como a IA da WEG, com WEGnology AI, organiza automaticamente a recarga de frotas el\u00e9tricas, reduz gargalos e aumenta a disponibilidade operacional em garagens.","breadcrumb":{"@id":"https:\/\/www.weg.net\/digital\/blog\/inteligencia-artificial-simplifica-recarga-frotas-eletricas-garagens\/#breadcrumb"},"inLanguage":"pt-BR","potentialAction":[{"@type":"ReadAction","target":["https:\/\/www.weg.net\/digital\/blog\/inteligencia-artificial-simplifica-recarga-frotas-eletricas-garagens\/"]}]},{"@type":"ImageObject","inLanguage":"pt-BR","@id":"https:\/\/www.weg.net\/digital\/blog\/inteligencia-artificial-simplifica-recarga-frotas-eletricas-garagens\/#primaryimage","url":"https:\/\/www.weg.net\/digital\/blog\/wp-content\/uploads\/2025\/12\/capablog_recargacomia_1-1.png","contentUrl":"https:\/\/www.weg.net\/digital\/blog\/wp-content\/uploads\/2025\/12\/capablog_recargacomia_1-1.png","width":1025,"height":480},{"@type":"BreadcrumbList","@id":"https:\/\/www.weg.net\/digital\/blog\/inteligencia-artificial-simplifica-recarga-frotas-eletricas-garagens\/#breadcrumb","itemListElement":[{"@type":"ListItem","position":1,"name":"In\u00edcio","item":"https:\/\/www.weg.net\/digital\/blog\/"},{"@type":"ListItem","position":2,"name":"Conhe\u00e7a a Intelig\u00eancia Artificial que simplifica a recarga de frotas el\u00e9tricas em garagens"}]},{"@type":"WebSite","@id":"https:\/\/www.weg.net\/digital\/blog\/#website","url":"https:\/\/www.weg.net\/digital\/blog\/","name":"Blog WEG Digital &amp; Sistemas","description":"Confira as \u00faltimas atualiza\u00e7\u00f5es e novidades do universo da tecnologia aplicado na ind\u00fastria 4.0","potentialAction":[{"@type":"SearchAction","target":{"@type":"EntryPoint","urlTemplate":"https:\/\/www.weg.net\/digital\/blog\/?s={search_term_string}"},"query-input":{"@type":"PropertyValueSpecification","valueRequired":true,"valueName":"search_term_string"}}],"inLanguage":"pt-BR"},{"@type":"Person","@id":"https:\/\/www.weg.net\/digital\/blog\/#\/schema\/person\/b4762540f30a6087771477c553fe997a","name":"Felipe Thum Marin","image":{"@type":"ImageObject","inLanguage":"pt-BR","@id":"https:\/\/secure.gravatar.com\/avatar\/3fd22dcf4810875fe37d97f35060c6cb2d4f964e4b3267ff6c2de4289d70d4a2?s=96&d=mm&r=g","url":"https:\/\/secure.gravatar.com\/avatar\/3fd22dcf4810875fe37d97f35060c6cb2d4f964e4b3267ff6c2de4289d70d4a2?s=96&d=mm&r=g","contentUrl":"https:\/\/secure.gravatar.com\/avatar\/3fd22dcf4810875fe37d97f35060c6cb2d4f964e4b3267ff6c2de4289d70d4a2?s=96&d=mm&r=g","caption":"Felipe Thum Marin"},"url":"https:\/\/www.weg.net\/digital\/blog\/author\/felipethum\/"}]}},"_links":{"self":[{"href":"https:\/\/www.weg.net\/digital\/blog\/wp-json\/wp\/v2\/posts\/2136","targetHints":{"allow":["GET"]}}],"collection":[{"href":"https:\/\/www.weg.net\/digital\/blog\/wp-json\/wp\/v2\/posts"}],"about":[{"href":"https:\/\/www.weg.net\/digital\/blog\/wp-json\/wp\/v2\/types\/post"}],"author":[{"embeddable":true,"href":"https:\/\/www.weg.net\/digital\/blog\/wp-json\/wp\/v2\/users\/9"}],"replies":[{"embeddable":true,"href":"https:\/\/www.weg.net\/digital\/blog\/wp-json\/wp\/v2\/comments?post=2136"}],"version-history":[{"count":3,"href":"https:\/\/www.weg.net\/digital\/blog\/wp-json\/wp\/v2\/posts\/2136\/revisions"}],"predecessor-version":[{"id":2145,"href":"https:\/\/www.weg.net\/digital\/blog\/wp-json\/wp\/v2\/posts\/2136\/revisions\/2145"}],"wp:featuredmedia":[{"embeddable":true,"href":"https:\/\/www.weg.net\/digital\/blog\/wp-json\/wp\/v2\/media\/2146"}],"wp:attachment":[{"href":"https:\/\/www.weg.net\/digital\/blog\/wp-json\/wp\/v2\/media?parent=2136"}],"wp:term":[{"taxonomy":"category","embeddable":true,"href":"https:\/\/www.weg.net\/digital\/blog\/wp-json\/wp\/v2\/categories?post=2136"},{"taxonomy":"post_tag","embeddable":true,"href":"https:\/\/www.weg.net\/digital\/blog\/wp-json\/wp\/v2\/tags?post=2136"}],"curies":[{"name":"wp","href":"https:\/\/api.w.org\/{rel}","templated":true}]}}